{"id":25775,"date":"2020-09-30T14:13:22","date_gmt":"2020-09-30T12:13:22","guid":{"rendered":"https:\/\/turysta2.pttk.pl\/?p=25775"},"modified":"2020-10-05T00:13:24","modified_gmt":"2020-10-04T22:13:24","slug":"25775-2","status":"publish","type":"post","link":"https:\/\/turysta2.pttk.pl\/?p=25775","title":{"rendered":"XLI Rejs \u017beglarsko-Motorowodny"},"content":{"rendered":"<p><strong>XLI Rejs \u017beglarsko-Motorowodny \u201eGo\u015bci\u0144ce Kana\u0142u Elbl\u0105skiego i jez. Jeziorak. Pojezierze I\u0142awsko-Ostr\u00f3dzkie\u201d, z honorowymi patronatami Prezesa Pa\u0144stwowego Gospodarstwa Wodnego \u201eWody Polskie\u201d oraz Burmistrza Miasta I\u0142awa, rozpocz\u0105\u0142 si\u0119\u00a0 4 lipca, w sobotnie przedpo\u0142udnie, w pi\u0119knej i nowoczesnej Ekomarinie Zalewo.<\/strong><\/p>\n<pre>lipiec-wrzesie\u0144\/3(3)2020<\/pre>\n<p><a href=\"https:\/\/turysta2.pttk.pl\/wp-content\/uploads\/2020\/09\/P7040083.jpg\"><img loading=\"lazy\" decoding=\"async\" class=\"aligncenter size-large wp-image-25777\" src=\"https:\/\/turysta2.pttk.pl\/wp-content\/uploads\/2020\/09\/P7040083-1024x768.jpg\" alt=\"\" width=\"604\" height=\"453\" srcset=\"https:\/\/turysta2.pttk.pl\/wp-content\/uploads\/2020\/09\/P7040083-1024x768.jpg 1024w, https:\/\/turysta2.pttk.pl\/wp-content\/uploads\/2020\/09\/P7040083-300x225.jpg 300w, https:\/\/turysta2.pttk.pl\/wp-content\/uploads\/2020\/09\/P7040083-768x576.jpg 768w, https:\/\/turysta2.pttk.pl\/wp-content\/uploads\/2020\/09\/P7040083-200x150.jpg 200w, https:\/\/turysta2.pttk.pl\/wp-content\/uploads\/2020\/09\/P7040083.jpg 1280w\" sizes=\"auto, (max-width: 604px) 100vw, 604px\" \/><\/a>Pierwsze za\u0142ogi dojecha\u0142y na miejsce ju\u017c oko\u0142o 3.00 w nocy, aby potem spokojnie roz\u0142adowa\u0107\u00a0 si\u0119 d\u017awigiem i m\u00f3c postawi\u0107 maszty na jachtach. Niestety, d\u017awig kt\u00f3ry przyjecha\u0142 nie by\u0142 w stanie sprosta\u0107 zadaniu, gdy\u017c nie tylko wa\u017cny jest sam ud\u017awig, ale tak\u017ce na jak\u0105 odleg\u0142o\u015b\u0107 mo\u017ce on przestawi\u0107 z przyczep jachty na wod\u0119. Po chwili nerw\u00f3wki i przy pomocy przyjaznego bosmana i d\u0142ugiego pasa transportowego uda\u0142o si\u0119 w ci\u0105gu 2 godzin bezpiecznie wyslipowa\u0107 wszystkie jednostki do wody.<\/p>\n<p><a href=\"https:\/\/turysta2.pttk.pl\/wp-content\/uploads\/2020\/09\/P7040073.jpg\"><img loading=\"lazy\" decoding=\"async\" class=\"aligncenter size-large wp-image-25767\" src=\"https:\/\/turysta2.pttk.pl\/wp-content\/uploads\/2020\/09\/P7040073-1024x768.jpg\" alt=\"\" width=\"604\" height=\"453\" srcset=\"https:\/\/turysta2.pttk.pl\/wp-content\/uploads\/2020\/09\/P7040073-1024x768.jpg 1024w, https:\/\/turysta2.pttk.pl\/wp-content\/uploads\/2020\/09\/P7040073-300x225.jpg 300w, https:\/\/turysta2.pttk.pl\/wp-content\/uploads\/2020\/09\/P7040073-768x576.jpg 768w, https:\/\/turysta2.pttk.pl\/wp-content\/uploads\/2020\/09\/P7040073-200x150.jpg 200w, https:\/\/turysta2.pttk.pl\/wp-content\/uploads\/2020\/09\/P7040073.jpg 1280w\" sizes=\"auto, (max-width: 604px) 100vw, 604px\" \/><\/a>Nast\u0119pnie mia\u0142o miejsce mozolne ustawianie maszt\u00f3w, taklowanie i sztauowanie jednostek we wszystkie dobra jakie zabierali uczestnicy rejsu na swe jednostki.<\/p>\n<p>Wieczorem odby\u0142o si\u0119 uroczyste rozpocz\u0119cie rejsu, wszystkie za\u0142ogi otrzyma\u0142y \u201epakiety startowe\u201d przygotowane przez w\u0142adze samorz\u0105dowe Zalewa i komandora rejsu.<\/p>\n<p>Wy\u015bmienita kie\u0142baska z grilla u wszystkich wywo\u0142a\u0142a dodatkowy u\u015bmiech, a rozmowy\u00a0 z przyjaci\u00f3\u0142mi, cz\u0119sto d\u0142ugo niewidzianymi, szybko zabra\u0142y czas up\u0142ywaj\u0105cego wieczoru. Zm\u0119czenie nocnym dojazdem na miejsce startu rejsu, potem prawie ca\u0142odzienna krz\u0105tanina przy jachtach, spowodowa\u0142a, \u017ce godzina ciszy nocnej zosta\u0142a dochowana i nad Ekomarin\u0105 Zalewo zaleg\u0142a b\u0142oga cisza.<\/p>\n<p><a href=\"https:\/\/turysta2.pttk.pl\/wp-content\/uploads\/2020\/09\/P1150077.jpg\"><img loading=\"lazy\" decoding=\"async\" class=\"aligncenter size-large wp-image-25778\" src=\"https:\/\/turysta2.pttk.pl\/wp-content\/uploads\/2020\/09\/P1150077-1024x768.jpg\" alt=\"\" width=\"604\" height=\"453\" srcset=\"https:\/\/turysta2.pttk.pl\/wp-content\/uploads\/2020\/09\/P1150077-1024x768.jpg 1024w, https:\/\/turysta2.pttk.pl\/wp-content\/uploads\/2020\/09\/P1150077-300x225.jpg 300w, https:\/\/turysta2.pttk.pl\/wp-content\/uploads\/2020\/09\/P1150077-768x576.jpg 768w, https:\/\/turysta2.pttk.pl\/wp-content\/uploads\/2020\/09\/P1150077-200x150.jpg 200w, https:\/\/turysta2.pttk.pl\/wp-content\/uploads\/2020\/09\/P1150077.jpg 1280w\" sizes=\"auto, (max-width: 604px) 100vw, 604px\" \/><\/a>Niedzielne do po\u0142udnie to droga przez jez. Ewingi i kana\u0142 dobrzycki, by po oko\u0142o 1, 5 godziny wyp\u0142yn\u0105\u0107 na jezioro Jeziorak. Zacumowali\u015bmy przy pomostach gospodarstwa agrotechnicznego \u201ePrzysta\u0144\u201d w Matytach. Wieczorem mieli\u015bmy przygotowane ognisko\u00a0 i dwugodzinny koncert akordeonowo- gitarowy, podczas kt\u00f3rego mogli\u015bmy pos\u0142ucha\u0107 utwor\u00f3w poezji \u015bpiewanej a przy naszych starych, dobrych szantach mogli\u015bmy wsp\u00f3lnie po\u015bpiewa\u0107.<\/p>\n<p><a href=\"https:\/\/turysta2.pttk.pl\/wp-content\/uploads\/2020\/09\/IMG_20200713_2024501.jpg\"><img loading=\"lazy\" decoding=\"async\" class=\"aligncenter size-large wp-image-25796\" src=\"https:\/\/turysta2.pttk.pl\/wp-content\/uploads\/2020\/09\/IMG_20200713_2024501-1024x768.jpg\" alt=\"\" width=\"604\" height=\"453\" srcset=\"https:\/\/turysta2.pttk.pl\/wp-content\/uploads\/2020\/09\/IMG_20200713_2024501-1024x768.jpg 1024w, https:\/\/turysta2.pttk.pl\/wp-content\/uploads\/2020\/09\/IMG_20200713_2024501-300x225.jpg 300w, https:\/\/turysta2.pttk.pl\/wp-content\/uploads\/2020\/09\/IMG_20200713_2024501-768x576.jpg 768w, https:\/\/turysta2.pttk.pl\/wp-content\/uploads\/2020\/09\/IMG_20200713_2024501-200x150.jpg 200w, https:\/\/turysta2.pttk.pl\/wp-content\/uploads\/2020\/09\/IMG_20200713_2024501.jpg 1280w\" sizes=\"auto, (max-width: 604px) 100vw, 604px\" \/><\/a><\/p>\n<p><a href=\"https:\/\/turysta2.pttk.pl\/wp-content\/uploads\/2020\/09\/SAM3440.jpg\"><img loading=\"lazy\" decoding=\"async\" class=\"aligncenter size-large wp-image-25798\" src=\"https:\/\/turysta2.pttk.pl\/wp-content\/uploads\/2020\/09\/SAM3440-1024x682.jpg\" alt=\"\" width=\"604\" height=\"402\" srcset=\"https:\/\/turysta2.pttk.pl\/wp-content\/uploads\/2020\/09\/SAM3440-1024x682.jpg 1024w, https:\/\/turysta2.pttk.pl\/wp-content\/uploads\/2020\/09\/SAM3440-300x200.jpg 300w, https:\/\/turysta2.pttk.pl\/wp-content\/uploads\/2020\/09\/SAM3440-768x512.jpg 768w, https:\/\/turysta2.pttk.pl\/wp-content\/uploads\/2020\/09\/SAM3440.jpg 1280w\" sizes=\"auto, (max-width: 604px) 100vw, 604px\" \/><\/a>Pierwszy tydzie\u0144 rejsu odbywa si\u0119 przy pi\u0119knej, s\u0142onecznej pogodzie. P\u0142yniemy do Siemian, gdzie rybka w gospodzie \u201eStrzecha\u201d jest jak zawsze \u015bwie\u017ca i smaczna, nocujemy przy Lipowym Ostrowie. Ju\u017c przysta\u0144 w Siemianach by\u0142a do\u015b\u0107 mocno zape\u0142niona, co po zako\u0144czonym weekendzie nie nale\u017cy do rzeczy oczywistych, p\u0142yniemy na Lipow\u0105 a tam to samo. Z trudem mie\u015bcimy si\u0119 upychaj\u0105c si\u0119 przy dw\u00f3ch pomostach. Wieczorem\u00a0 z pasjonatem miejscowej historii, odwiedzamy ruiny gospodarstwa, kt\u00f3re tutaj do ko\u0144ca II wojny \u015bwiatowej t\u0119tni\u0142o \u017cyciem, a z\u00a0 powodu jako\u015bci ryb po\u0142awianych w Jezioraku by\u0142o s\u0142awne nawet w Berlinie. Po zmroku udajemy si\u0119 jeszcze na mogi\u0142y pierwszych mieszka\u0144c\u00f3w, aby zapali\u0107 znicz. Godne pochwa\u0142y jest to, \u017ce miejsce sta\u0142o si\u0119 ju\u017c prawie kultowe w\u015br\u00f3d \u017ceglarzy przyp\u0142ywaj\u0105cych na Lipowy Ostr\u00f3w, kt\u00f3rzy dbaj\u0105 o nie, usuwaj\u0105 li\u015bcie, pal\u0105 znicze, spotykaj\u0105 si\u0119 na \u017ceglarskie wypominki.<\/p>\n<p><a href=\"https:\/\/turysta2.pttk.pl\/wp-content\/uploads\/2020\/09\/SAM3437-2.jpg\"><img loading=\"lazy\" decoding=\"async\" class=\"aligncenter size-large wp-image-25800\" src=\"https:\/\/turysta2.pttk.pl\/wp-content\/uploads\/2020\/09\/SAM3437-2-1024x682.jpg\" alt=\"\" width=\"604\" height=\"402\" srcset=\"https:\/\/turysta2.pttk.pl\/wp-content\/uploads\/2020\/09\/SAM3437-2-1024x682.jpg 1024w, https:\/\/turysta2.pttk.pl\/wp-content\/uploads\/2020\/09\/SAM3437-2-300x200.jpg 300w, https:\/\/turysta2.pttk.pl\/wp-content\/uploads\/2020\/09\/SAM3437-2-768x512.jpg 768w, https:\/\/turysta2.pttk.pl\/wp-content\/uploads\/2020\/09\/SAM3437-2.jpg 1280w\" sizes=\"auto, (max-width: 604px) 100vw, 604px\" \/><\/a>Wtorek to ciep\u0142a ale bardzo szkwalista pogoda, p\u0142yniemy na biwak do Zatoki Wid\u0142\u0105gi,\u00a0 jednego w wielu miejsc na Jezioraku, gdzie mo\u017cna przycumowa\u0107 w ciszy i spokoju. Tym bardziej, \u017ce zostajemy na noc w miejscu, kt\u00f3re zwie si\u0119 obiecuj\u0105co \u2013 Le\u015bny Poca\u0142unek.<\/p>\n<p>Czas jest nieub\u0142agany, a w tym rejsie zdecydowanie mam go za ma\u0142o. Ca\u0142y czas si\u0119 co\u015b dzieje -\u00a0 uj\u0119te w harmonogramie rejsu lub wynikaj\u0105ce z nastroju chwili.<\/p>\n<p>A jest ciekawie, pomimo pogody, stale p\u0142ataj\u0105cej nam\u00a0 figle...<\/p>\n<p>Ciep\u0142y, bezwietrzny wiecz\u00f3r na Wid\u0142agach pozwoli\u0142 nam d\u0142ugo obserwowa\u0107 gwiazdy\u00a0 i przelatuj\u0105ce satelity, nie wszystkie zbieraj\u0105ce dane meteorologiczne.<\/p>\n<p><a href=\"https:\/\/turysta2.pttk.pl\/wp-content\/uploads\/2020\/09\/20200713_110316.jpg\"><img loading=\"lazy\" decoding=\"async\" class=\"aligncenter size-large wp-image-25801\" src=\"https:\/\/turysta2.pttk.pl\/wp-content\/uploads\/2020\/09\/20200713_110316-1024x472.jpg\" alt=\"\" width=\"604\" height=\"278\" srcset=\"https:\/\/turysta2.pttk.pl\/wp-content\/uploads\/2020\/09\/20200713_110316-1024x472.jpg 1024w, https:\/\/turysta2.pttk.pl\/wp-content\/uploads\/2020\/09\/20200713_110316-300x138.jpg 300w, https:\/\/turysta2.pttk.pl\/wp-content\/uploads\/2020\/09\/20200713_110316-768x354.jpg 768w, https:\/\/turysta2.pttk.pl\/wp-content\/uploads\/2020\/09\/20200713_110316.jpg 1280w\" sizes=\"auto, (max-width: 604px) 100vw, 604px\" \/><\/a>Ognisko i gitara, szanty i piosenki turystyczne grane ca\u0142y wiecz\u00f3r przez Mariusza dawa\u0142y nieopisany,\u00a0 nostalgiczny nastr\u00f3j. Wielu z nas przypomina\u0142y si\u0119 s\u0142owa piosenek nie \u015bpiewanych od wielu, wielu lat.<\/p>\n<p><a href=\"https:\/\/turysta2.pttk.pl\/wp-content\/uploads\/2020\/09\/20200713_181633.jpg\"><img loading=\"lazy\" decoding=\"async\" class=\"aligncenter size-large wp-image-25803\" src=\"https:\/\/turysta2.pttk.pl\/wp-content\/uploads\/2020\/09\/20200713_181633-1024x472.jpg\" alt=\"\" width=\"604\" height=\"278\" srcset=\"https:\/\/turysta2.pttk.pl\/wp-content\/uploads\/2020\/09\/20200713_181633-1024x472.jpg 1024w, https:\/\/turysta2.pttk.pl\/wp-content\/uploads\/2020\/09\/20200713_181633-300x138.jpg 300w, https:\/\/turysta2.pttk.pl\/wp-content\/uploads\/2020\/09\/20200713_181633-768x354.jpg 768w, https:\/\/turysta2.pttk.pl\/wp-content\/uploads\/2020\/09\/20200713_181633.jpg 1280w\" sizes=\"auto, (max-width: 604px) 100vw, 604px\" \/><\/a>Jak wcze\u015bniej zaznaczy\u0142em, pogoda nas nie rozpieszcza, \u015brodowy poranek przywita\u0142 nas deszczem, a ekstra dodatek to zimny porywisty wiatr. P\u0142yniemy do I\u0142awy, do przystani Pod Omeg\u0105, go\u015bcinnego o\u015brodka turystyki wodnej PTTK. Jego gospodarz Staszek Kasprzak, znany wszystkim, kt\u00f3rzy kiedykolwiek p\u0142ywali po Jezioraku, przyjmuje nas przys\u0142owiowym chlebem i sol\u0105, dodatkowo burmistrz miasta I\u0142awa, jako honorowy patron rejsu, przekazuje wszystkim uczestnikom rejsu pakiety informacyjne zawieraj\u0105ce ciekawe materia\u0142y promocyjne Miasta I\u0142awa i atrakcji turystycznych gminy.<\/p>\n<p>Realizuj\u0105c program rejsu, \u0142\u0105cz\u0105cy walory turystyczno-krajoznawcze, realizujemy r\u00f3wnie\u017c cze\u015b\u0107 szkoleniowo poznawcz\u0105. Nas rejsowy nurek W\u0142odek pokazuje spos\u00f3b zak\u0142adania kombinezonu ratowniczego i jego u\u017cycia.<\/p>\n<p><a href=\"https:\/\/turysta2.pttk.pl\/wp-content\/uploads\/2020\/09\/20200705_172401.jpg\"><img loading=\"lazy\" decoding=\"async\" class=\"aligncenter size-full wp-image-25805\" src=\"https:\/\/turysta2.pttk.pl\/wp-content\/uploads\/2020\/09\/20200705_172401.jpg\" alt=\"\" width=\"472\" height=\"1024\" srcset=\"https:\/\/turysta2.pttk.pl\/wp-content\/uploads\/2020\/09\/20200705_172401.jpg 472w, https:\/\/turysta2.pttk.pl\/wp-content\/uploads\/2020\/09\/20200705_172401-138x300.jpg 138w\" sizes=\"auto, (max-width: 472px) 100vw, 472px\" \/><\/a>Pogl\u0105dowa lekcja zachowania si\u0119 w wodzie cz\u0142owieka ubranego w taki kombinezon, u\u015bwiadamia nam w jaki spos\u00f3b nale\u017cy si\u0119 w nim zachowywa\u0107 i p\u0142ywa\u0107. Tu r\u00f3wnie\u017c jedno z rejsowych ma\u0142\u017ce\u0144stw Ewa i Tadeusz obchodzi\u0142o 53 rocznic\u0119 \u015blubu, co \u00a0 w przystaniowej Tawernie uczcili\u015bmy lampk\u0105 szampana.<\/p>\n<p>Nast\u0119pny kr\u00f3tki etap rejsu zaprowadzi\u0142 nas na przysta\u0144 w Sarn\u00f3wku, o\u015brodka wypoczynkowego firmowanego przez TVP, kiedy\u015b niedost\u0119pnego dla normalnych zjadaczy chleba, jednak obecne realia ekonomiczne spowodowa\u0142y jego otwarcie dla wszystkich ch\u0119tnych chc\u0105cych skorzysta\u0107, nie tylko od wody, ale i z jego atrakcji. Jest tu do\u015b\u0107 \u0142adnie zagospodarowane pole namiotowe i kempingowe. Po wsp\u00f3lnym wieczorze sp\u0119dzonym w tutejszej kawiarence, przy mocno padaj\u0105cym deszczu, prawie biegiem udajemy na degustacje sma\u017conych rybek, z\u0142owionych wcze\u015bniej przez rejsowych w\u0119dkarzy Tadzia i W\u0142odka. Ogromny talerz, doskonale upieczonych, chrupi\u0105cych uklejek i ma\u0142ych p\u0142otek b\u0142yskawicznie znika, a przygotowuj\u0105cy je kuchmistrze nie nad\u0105\u017caj\u0105 z ich pieczeniem.<\/p>\n<p><a href=\"https:\/\/turysta2.pttk.pl\/wp-content\/uploads\/2020\/09\/IMG_2955.jpg\"><img loading=\"lazy\" decoding=\"async\" class=\"aligncenter size-large wp-image-25806\" src=\"https:\/\/turysta2.pttk.pl\/wp-content\/uploads\/2020\/09\/IMG_2955-1024x682.jpg\" alt=\"\" width=\"604\" height=\"402\" srcset=\"https:\/\/turysta2.pttk.pl\/wp-content\/uploads\/2020\/09\/IMG_2955-1024x682.jpg 1024w, https:\/\/turysta2.pttk.pl\/wp-content\/uploads\/2020\/09\/IMG_2955-300x200.jpg 300w, https:\/\/turysta2.pttk.pl\/wp-content\/uploads\/2020\/09\/IMG_2955-768x512.jpg 768w, https:\/\/turysta2.pttk.pl\/wp-content\/uploads\/2020\/09\/IMG_2955.jpg 1280w\" sizes=\"auto, (max-width: 604px) 100vw, 604px\" \/><\/a>Pi\u0105tek 10 lipca to ostatni dzie\u0144 kiedy na tym etapie harmonogramu rejsu mo\u017cemy pop\u0142ywa\u0107 na \u017caglach, nast\u0119pne dni to ju\u017c p\u0142ywanie po kana\u0142ach z po\u0142o\u017conymi masztami. Etap Sarn\u00f3wek \u2013 Chmiel\u00f3wko Letnisko to pe\u0142noprawne regaty \u017ceglarskie, z wyznaczon\u0105 lini\u0105 startu i srog\u0105 komisj\u0105 regatow\u0105, \u015bcis\u0142e egzekwuj\u0105c\u0105 przepisy regatowe. Najszybciej do linii mety dop\u0142ywa za\u0142oga jachtu Bl\u0105di 2, ze skiperem Zygmuntem M\u0142odszym, pozosta\u0142e za\u0142ogi melduj\u0105 si\u0119\u00a0 na mecie w przedziale jednej minuty, co \u015bwiadczy o bardzo zaci\u0119tej rywalizacja a\u017c do samego ko\u0144ca, ale zwyci\u0119zca mo\u017ce by\u0107 tylko jeden. Nagrod\u0105 za zajecie I miejsca by\u0142a Chwa\u0142a Zwyci\u0119zcy i bardzo \u0142adny album o starych \u017caglowcach.<\/p>\n<p><a href=\"https:\/\/turysta2.pttk.pl\/wp-content\/uploads\/2020\/09\/IMG_3021.jpg\"><img loading=\"lazy\" decoding=\"async\" class=\"aligncenter size-large wp-image-25807\" src=\"https:\/\/turysta2.pttk.pl\/wp-content\/uploads\/2020\/09\/IMG_3021-1024x682.jpg\" alt=\"\" width=\"604\" height=\"402\" srcset=\"https:\/\/turysta2.pttk.pl\/wp-content\/uploads\/2020\/09\/IMG_3021-1024x682.jpg 1024w, https:\/\/turysta2.pttk.pl\/wp-content\/uploads\/2020\/09\/IMG_3021-300x200.jpg 300w, https:\/\/turysta2.pttk.pl\/wp-content\/uploads\/2020\/09\/IMG_3021-768x512.jpg 768w, https:\/\/turysta2.pttk.pl\/wp-content\/uploads\/2020\/09\/IMG_3021.jpg 1280w\" sizes=\"auto, (max-width: 604px) 100vw, 604px\" \/><\/a>Tutaj tak\u017ce mamy sposobno\u015b\u0107 popr\u00f3bowania miejscowych ekologicznych wiktua\u0142\u00f3w ze znakomitymi w\u0119dlinami, miodami, np. z truskawkami czy malinami, smacznym chlebem na zakwasie z tymiankiem, cho\u0107 cena 15 z\u0142 za chlebek z niewielkiej foremki jest do\u015b\u0107 szokuj\u0105ca.<\/p>\n<p>W nast\u0119pny poranek sk\u0142adamy maszty, klarujemy liny i p\u0142yniemy przez Zatok\u0119 Kraga, aby kana\u0142ami dosta\u0107 si\u0119 do Mi\u0142om\u0142yna. Przysta\u0144 Na Wyspie to \u0142adnie po\u0142o\u017cone, os\u0142oni\u0119te miejsce, z pe\u0142n\u0105 infrastruktur\u0105 brzegow\u0105, sanitariatami, ciep\u0142\u0105 wod i go\u015bcinnymi w\u0142a\u015bcicielami,\u00a0 w osobach Tomka i Julii. W niedzielne do po\u0142udnie udajemy si\u0119 do urn wyborczych, spe\u0142ni\u0107 sw\u0105 obywatelsk\u0105 powinno\u015b\u0107, ubrani w jednakowe, rejsowe koszulki pocz\u0105tkowo wywo\u0142ujemy spore zdziwienie w\u015br\u00f3d komisji wyborczej, a potem podejrzliwo\u015b\u0107, czy aby ich kolor nie jest czasem z\u0142amaniem ciszy wyborczej. Zaraz po powrocie na przysta\u0144 odp\u0142ywamy z Mi\u0142om\u0142yna, kieruj\u0105c si\u0119 kana\u0142ami w kierunku jeziora Ruda Woda.\u00a0 Tam, przy bardzo szkwalistej i deszczowej pogodzie cumujemy na chwil\u0119 w Wenecji -o\u015brodku harcerskim hufca \u0141\u00f3d\u017a. Kilka szybkich zdj\u0119\u0107, aby udokumentowa\u0107, \u017ce rejsy PTTK dop\u0142ywaj\u0105 wod\u0105 nawet do Wenecji i p\u0142yniemy do Czulpy, sztucznej zatoki utworzonej podczas prac przy realizacji bardzo ambitnego planu in\u017c. GJ. Steenke \u2013 pochylni Kana\u0142u Elbl\u0105skiego.<\/p>\n<p><a href=\"https:\/\/turysta2.pttk.pl\/wp-content\/uploads\/2020\/09\/IMG_20200713_152208.jpg\"><img loading=\"lazy\" decoding=\"async\" class=\"aligncenter size-large wp-image-25808\" src=\"https:\/\/turysta2.pttk.pl\/wp-content\/uploads\/2020\/09\/IMG_20200713_152208-1024x768.jpg\" alt=\"\" width=\"604\" height=\"453\" srcset=\"https:\/\/turysta2.pttk.pl\/wp-content\/uploads\/2020\/09\/IMG_20200713_152208-1024x768.jpg 1024w, https:\/\/turysta2.pttk.pl\/wp-content\/uploads\/2020\/09\/IMG_20200713_152208-300x225.jpg 300w, https:\/\/turysta2.pttk.pl\/wp-content\/uploads\/2020\/09\/IMG_20200713_152208-768x576.jpg 768w, https:\/\/turysta2.pttk.pl\/wp-content\/uploads\/2020\/09\/IMG_20200713_152208-200x150.jpg 200w, https:\/\/turysta2.pttk.pl\/wp-content\/uploads\/2020\/09\/IMG_20200713_152208.jpg 1280w\" sizes=\"auto, (max-width: 604px) 100vw, 604px\" \/><\/a>W tym miejscu nale\u017ca\u0142oby si\u0119 d\u0142u\u017cej zatrzyma\u0107 i opisa\u0107 wizjonerski projekt po\u0142\u0105czenia, przy prawie 100 metrowej r\u00f3\u017cnicy poziom\u00f3w, Pojezierza I\u0142awskiego z Elbl\u0105giem i Zalewem Wi\u015blanym. Nie zrobi\u0119 jednak tego, bo chcia\u0142bym, aby jak najwi\u0119ksza rzesza \u017ceglarzy wybra\u0142a si\u0119 na ten, zupe\u0142nie inny od Mazur, akwen i sama przekona\u0142a si\u0119, \u017ce miejsca te s\u0105 bardzo ciekawe turystycznie, przyrodniczo, a zw\u0142aszcza wielo\u015bci\u0105 i arcyciekawymi rozwi\u0105zaniami budowli hydrotechnicznych. Niech ka\u017cdy pozna uroki i tajemnicze zak\u0105tki Pojezierza I\u0142awsko- Ostr\u00f3dzkiego.<\/p>\n<p>Po zacumowaniu w Czupie, udajemy si\u0119 na specjalnie zam\u00f3wiony posi\u0142ek do Zajazdu K\u0142obuk, miejsca wr\u0119cz kultowego na mapie kulinarnych atrakcji Warmii. Cz\u0119\u015b\u0107 z nas idzie pieszo, cz\u0119\u015b\u0107 dzi\u0119ki uprzejmo\u015bci w\u0142a\u015bciciela Zajazdu korzysta z podw\u00f3zki, oszcz\u0119dzaj\u0105c nogi, ale nie robi\u0105c sobie miejsca na proponowane w menu wiktua\u0142y. Tutaj te\u017c nie b\u0119d\u0119 opisywa\u0142 wra\u017ce\u0144 nie tylko kulinarnych z pobytu w Zaje\u017adzie pod K\u0142obukiem, bo historia jego powstania i nazwy, \u015bcis\u0142e wi\u0105\u017ce si\u0119 z postaci\u0105 Zbigniewa Nienackiego i jego Pana Samochodzika. Polecam Zajazd wszystkim, kt\u00f3rzy szukaj\u0105 czego\u015b wi\u0119cej ni\u017c zwyk\u0142ej, cho\u0107by naj\u0142adniej przystrojonej jad\u0142odajni.<\/p>\n<p><a href=\"https:\/\/turysta2.pttk.pl\/wp-content\/uploads\/2020\/09\/IMG_20200712_200838.jpg\"><img loading=\"lazy\" decoding=\"async\" class=\"aligncenter size-large wp-image-25809\" src=\"https:\/\/turysta2.pttk.pl\/wp-content\/uploads\/2020\/09\/IMG_20200712_200838-1024x768.jpg\" alt=\"\" width=\"604\" height=\"453\" srcset=\"https:\/\/turysta2.pttk.pl\/wp-content\/uploads\/2020\/09\/IMG_20200712_200838-1024x768.jpg 1024w, https:\/\/turysta2.pttk.pl\/wp-content\/uploads\/2020\/09\/IMG_20200712_200838-300x225.jpg 300w, https:\/\/turysta2.pttk.pl\/wp-content\/uploads\/2020\/09\/IMG_20200712_200838-768x576.jpg 768w, https:\/\/turysta2.pttk.pl\/wp-content\/uploads\/2020\/09\/IMG_20200712_200838-200x150.jpg 200w, https:\/\/turysta2.pttk.pl\/wp-content\/uploads\/2020\/09\/IMG_20200712_200838.jpg 1280w\" sizes=\"auto, (max-width: 604px) 100vw, 604px\" \/><\/a>Syci i zadowoleni, rankiem w dniu nast\u0119pnym, po blisko trzygodzinnym rejsie meldujemy si\u0119 przy pochylni Buczyniec. Ale c\u00f3\u017c to by\u0142 za etap!\u00a0 O ile wcze\u015bniej, pomimo nisko zwisaj\u0105cych ga\u0142\u0119zi i p\u0142ycizn da\u0142o si\u0119 jako\u015b p\u0142yn\u0105\u0107 (problemem bywa\u0142o wymini\u0119cie si\u0119 dw\u00f3ch jacht\u00f3w), to na tym odcinku niejeden z nas kl\u0105\u0142 na czym \u015bwiat stoi, wycinaj\u0105c kolejny raz nawini\u0119te na \u015brub\u0119 silnika zielsko. Wyp\u0142ycenia i silny wiatr powodowa\u0142, \u017ce podniesiony miecz i wy\u0142\u0105czony do czyszczenia silnik wpycha\u0142 \u0142\u00f3dk\u0119 w jeszcze wi\u0119ksz\u0105 i g\u0119\u015bciejsz\u0105 zielenin\u0119 i k\u00f3\u0142ko si\u0119 zamyka\u0142o. Tylko \u015bwiadomo\u015b\u0107, \u017ce na Buczy\u0144cu czeka na ka\u017cdy jacht przygotowany przez Bistro \u015alimak zestaw degustacyjny, sk\u0142adaj\u0105cy si\u0119 z trzech rodzaj\u00f3w, w inny spos\u00f3b przygotowanych \u015blimak\u00f3w, pcha\u0142a nas do przodu i pomimo trudno\u015bci pozwoli\u0142a dotrze\u0107 do celu. A by\u0142o co pr\u00f3bowa\u0107: \u015blimaki po burgundzku, \u015blimaki nadziewane i snajki (co by to nie znaczy\u0142o, gdzie niepo\u015bredni\u0105 rol\u0119 odgrywaj\u0105 cieniutkie plastry boczku). By\u0142o co pr\u00f3bowa\u0107 albo delektowa\u0107,\u00a0 w zale\u017cno\u015bci od podej\u015bcia do tego typu potraw.<\/p>\n<p><a href=\"https:\/\/turysta2.pttk.pl\/wp-content\/uploads\/2020\/09\/20200713_174918.jpg\"><img loading=\"lazy\" decoding=\"async\" class=\"aligncenter size-large wp-image-25811\" src=\"https:\/\/turysta2.pttk.pl\/wp-content\/uploads\/2020\/09\/20200713_174918-1024x472.jpg\" alt=\"\" width=\"604\" height=\"278\" srcset=\"https:\/\/turysta2.pttk.pl\/wp-content\/uploads\/2020\/09\/20200713_174918-1024x472.jpg 1024w, https:\/\/turysta2.pttk.pl\/wp-content\/uploads\/2020\/09\/20200713_174918-300x138.jpg 300w, https:\/\/turysta2.pttk.pl\/wp-content\/uploads\/2020\/09\/20200713_174918-768x354.jpg 768w, https:\/\/turysta2.pttk.pl\/wp-content\/uploads\/2020\/09\/20200713_174918.jpg 1280w\" sizes=\"auto, (max-width: 604px) 100vw, 604px\" \/><\/a><a href=\"https:\/\/turysta2.pttk.pl\/wp-content\/uploads\/2020\/09\/IMG_20200713_181829.jpg\"><img loading=\"lazy\" decoding=\"async\" class=\"aligncenter size-large wp-image-25812\" src=\"https:\/\/turysta2.pttk.pl\/wp-content\/uploads\/2020\/09\/IMG_20200713_181829-1024x768.jpg\" alt=\"\" width=\"604\" height=\"453\" srcset=\"https:\/\/turysta2.pttk.pl\/wp-content\/uploads\/2020\/09\/IMG_20200713_181829-1024x768.jpg 1024w, https:\/\/turysta2.pttk.pl\/wp-content\/uploads\/2020\/09\/IMG_20200713_181829-300x225.jpg 300w, https:\/\/turysta2.pttk.pl\/wp-content\/uploads\/2020\/09\/IMG_20200713_181829-768x576.jpg 768w, https:\/\/turysta2.pttk.pl\/wp-content\/uploads\/2020\/09\/IMG_20200713_181829-200x150.jpg 200w, https:\/\/turysta2.pttk.pl\/wp-content\/uploads\/2020\/09\/IMG_20200713_181829.jpg 1280w\" sizes=\"auto, (max-width: 604px) 100vw, 604px\" \/><\/a>Tutaj po\u017cegnali\u015bmy jedn\u0105 z naszych rejsowych za\u0142\u00f3g, \u201ePlutek\u201d z El\u0105\u00a0 i Mariuszem zako\u0144czyli ju\u017c w tym miejscu swoj\u0105 przygod\u0119 z Go\u015bci\u0144cami Kana\u0142u Elbl\u0105skiego i jez. Jeziorak, gdy\u017c obowi\u0105zki domowe nie pozwoli\u0142y im na dalsze uczestnictwo w rejsie. Powr\u00f3t t\u0105 sam\u0105 trasa to ju\u017c inna bajka. Nauczeni do\u015bwiadczeniem dnia poprzedniego podnosimy p\u0142etwy sterowe prawie na \u201ezero\u201d, miecz do g\u00f3ry, silnik na 2\/3 mocy i udaje si\u0119 nam prawie bezbole\u015bnie dop\u0142yn\u0105\u0107 ponownie do bardzo go\u015bcinnej i dobrze znanej ju\u017c nam przystani Na Wyspie,\u00a0 w Mi\u0142om\u0142ynie. Tutaj,\u00a0 przy przepi\u0119knej pogodzie mamy zamiar sp\u0119dzi\u0107 dwa dni odpoczywaj\u0105c, graj\u0105c w lotki i \u0142owi\u0105c ryby.<\/p>\n<p>Po bardzo intensywnym odpoczynku w Mi\u0142om\u0142ynie, dniu 16 lipca rozpoczynamy nasz\u0105 podr\u00f3\u017c w stron\u0119 Ostr\u00f3dy i jez. Szel\u0105g Du\u017cy i Ma\u0142y. Pomimo, \u017ce dwie \u015bluzy Ostr\u00f3da i Ru\u015b Ma\u0142a, kt\u00f3re b\u0119dziemy pokonywa\u0107 na swej drodze nale\u017c\u0105 do najmniejszych na szlaku, sam kana\u0142 do Ostr\u00f3dy i potem na Szel\u0105g s\u0105 zdecydowanie lepiej utrzymane \u00a0 i nie tak zaro\u015bni\u0119te. Wydawa\u0142oby si\u0119, \u017ce droga na Buczyniec o wiele cz\u0119\u015bciej ucz\u0119szczana powinna by\u0107 bardziej zadbana i bli\u017cej by\u0107 serca miejscowego Zarz\u0105du Dr\u00f3g Wodnych, ale jak ju\u017c wcze\u015bniej opisuj\u0105c szlak na pochylnie, nic bardziej mylnego. Po drodze zatrzymujemy si\u0119 na nocleg w Klubie \u017beglarskim w Ostr\u00f3dzie, mi\u0142o, czysto i wszystko co potrzebne na kei.<\/p>\n<p><a href=\"https:\/\/turysta2.pttk.pl\/wp-content\/uploads\/2020\/09\/20200711_114119.jpg\"><img loading=\"lazy\" decoding=\"async\" class=\"aligncenter size-large wp-image-25813\" src=\"https:\/\/turysta2.pttk.pl\/wp-content\/uploads\/2020\/09\/20200711_114119-1024x472.jpg\" alt=\"\" width=\"604\" height=\"278\" srcset=\"https:\/\/turysta2.pttk.pl\/wp-content\/uploads\/2020\/09\/20200711_114119-1024x472.jpg 1024w, https:\/\/turysta2.pttk.pl\/wp-content\/uploads\/2020\/09\/20200711_114119-300x138.jpg 300w, https:\/\/turysta2.pttk.pl\/wp-content\/uploads\/2020\/09\/20200711_114119-768x354.jpg 768w, https:\/\/turysta2.pttk.pl\/wp-content\/uploads\/2020\/09\/20200711_114119.jpg 1280w\" sizes=\"auto, (max-width: 604px) 100vw, 604px\" \/><\/a>Wp\u0142ywaj\u0105c na jez. Szel\u0105g Du\u017cy odkrywamy czyste, z wysokimi i zaro\u015bni\u0119tymi brzegami jezioro, gdzie ka\u017cdy znajdzie sobie pojedyncze miejsce, aby w\u015br\u00f3d sitowia zacumowa\u0107 i napawa\u0107 si\u0119 przyrod\u0105 i cisz\u0105. Tutaj te\u017c znajduje si\u0119 jedyny tej wielko\u015bci tunel wodny, kt\u00f3rym nawet du\u017c\u0105 jednostk\u0105 mo\u017cemy, pod nasypami drogi i torami kolejowymi przep\u0142yn\u0105\u0107 na jez. Ma\u0142y Szel\u0105g. Niewielu \u017ceglarzy wie o tym miejscu, a pewnie jeszcze mniej mia\u0142o okazje pokona\u0107 jedyn\u0105 w swoim rodzaju \u201eprzeszkod\u0119 wodn\u0105\u201d. Do drugiej stronie przybijamy do przepi\u0119knie po\u0142o\u017conej i go\u015bcinnej przystani PTTK w Starych Jab\u0142onkach.<\/p>\n<p><a href=\"https:\/\/turysta2.pttk.pl\/wp-content\/uploads\/2020\/09\/IMG_20200718_124455.jpg\"><img loading=\"lazy\" decoding=\"async\" class=\"aligncenter size-large wp-image-25814\" src=\"https:\/\/turysta2.pttk.pl\/wp-content\/uploads\/2020\/09\/IMG_20200718_124455-1024x768.jpg\" alt=\"\" width=\"604\" height=\"453\" srcset=\"https:\/\/turysta2.pttk.pl\/wp-content\/uploads\/2020\/09\/IMG_20200718_124455-1024x768.jpg 1024w, https:\/\/turysta2.pttk.pl\/wp-content\/uploads\/2020\/09\/IMG_20200718_124455-300x225.jpg 300w, https:\/\/turysta2.pttk.pl\/wp-content\/uploads\/2020\/09\/IMG_20200718_124455-768x576.jpg 768w, https:\/\/turysta2.pttk.pl\/wp-content\/uploads\/2020\/09\/IMG_20200718_124455-200x150.jpg 200w, https:\/\/turysta2.pttk.pl\/wp-content\/uploads\/2020\/09\/IMG_20200718_124455.jpg 1280w\" sizes=\"auto, (max-width: 604px) 100vw, 604px\" \/><\/a>Kierownik o\u015brodka, Pan Robert, robi\u0142 wszystko aby nam umili\u0107 dwa dni pobytu, kt\u00f3re mieli\u015bmy zaplanowane w harmonogramie rejsu. Maj\u0105c mo\u017cliwo\u015b\u0107 obserwacji o\u015brodka z pozycji przycumowanych do pomostu \u0142odzi, z wielk\u0105 satysfakcj\u0105 stwierdzi\u0142em, \u017ce wszyscy przebywaj\u0105cy go\u015bcie byli traktowani z taka sam\u0105 \u017cyczliwo\u015bci\u0105 i go\u015bcinno\u015bci\u0105 jak my. Zreszt\u0105 brak miejsc w domkach kempingowych i na polu carawingowym, najlepiej \u015bwiadczy o renomie o\u015brodka w\u015br\u00f3d odpoczywaj\u0105cych turyst\u00f3w.<\/p>\n<p>Pi\u0119kna pogoda i d\u0142ugie ciep\u0142e wieczory sprzyja\u0142y d\u0142ugim wsp\u00f3lnym biesiadom przy ognisku. Jak zawsze, niezawodny, NIEZAST\u0104PIONY Ryszard G. przygotowa\u0142 dla wszystkich, prosto z du\u017cego gara kulinarn\u0105 uczt\u0119, w postaci gor\u0105cej i pachn\u0105cej zupy z wielkimi kawa\u0142ami mi\u0119siwa, kapusty i fasoli \u201eJasiek\u201d. Tego smaku i zapachu nie da si\u0119 opisa\u0107, to trzeba pokosztowa\u0107 by potem pami\u0119ta\u0107 i wspomina\u0107.<\/p>\n<p>Rozpoczynamy ostatni, trzeci tydzie\u0144 rejsu, odbywamy jeszcze jedn\u0105 nostalgiczn\u0105 podr\u00f3\u017c do Zajazdu Przystanek w Pi\u0142awkach nad jez. Drw\u0119ckim. Serdecznie przyj\u0119ci\u00a0 i ugoszczeni przez w\u0142a\u015bciciela zajazdu, s\u0142uchamy jego historii o odbudowie tego miejsca, pomys\u0142ach na zagospodarowanie i rozw\u00f3j Zajazdu, na przybli\u017cenie historii pobliskich Faltyjanek, ze smutkiem ogl\u0105damy pobliskie, ju\u017c mocno zdewastowane fragmenty by\u0142ego o\u015brodka wodnego, kt\u00f3ry jeszcze w latach osiemdziesi\u0105tych ubieg\u0142ego wieku by\u0142 w posiadaniu PTTK. Szkoda.<\/p>\n<p>Wtorkowy poranek 21 lipca to czas rozpocz\u0119cia drogi powrotnej na jez. Jeziorak, po drodze po raz trzeci cumujemy w Mi\u0142om\u0142ynie, by w dniu nast\u0119pnym r\u00f3wnie\u017c odwiedzi\u0107 przysta\u0144 w Chmiel\u00f3wce Letnisko. Od tego miejsca nasze dalsze plany rejsowe ulegaj\u0105 zmianie, pierwotnie mieli\u015bmy wraca\u0107 do Zalewa, ale du\u017cy problem z d\u017awigiem zmusza nas do zmiany kierunku rejsu na po\u0142udniowy, p\u0142yniemy do I\u0142awy. Po drodze zostajemy jeszcze na nocleg przy pomostach Zwi\u0105zku Gmin jez. Jeziorak na wyspie Ma\u0142y Gierczak. Ostatnie sma\u017cenie z\u0142owionych rybek, tradycyjne czyszczenie bakist i czas planowa\u0107 przysz\u0142oroczny rejs.<\/p>\n<p>W zwi\u0105zku z tym, \u017ce za\u0142o\u017cenia tegorocznego rejsu by\u0142y inne ni\u017c dotychczasowych: kr\u00f3tkie dzienne przebiegi, du\u017co czasu na zwiedzanie i odpoczynek, postanowili\u015bmy, \u017ce najlepszym miejscem na przysz\u0142oroczny rejs b\u0119dzie Zalew Koronowski ko\u0142o Bydgoszczy.<\/p>\n<p>Kr\u00f3tki ju\u017c odcinek do I\u0142awy, miejsca wyslipowania d\u017awigiem \u0142odzi, przebiega szybko\u00a0\u00a0 i sprawnie. R\u00f3wnie\u017c samo przygotowanie \u0142odzi do transportu i ich za\u0142adunek na przywiezione z Zalewa przyczepy, odbywa si\u0119 bez \u017cadnych problem\u00f3w. Do\u015bwiadczenie d\u017awigowego i dok\u0142adno\u015b\u0107 w uk\u0142adaniu \u0142odzi na przyczepach przynosi oczekiwany efekt. Nikt si\u0119 nie stresuje, nikt nikogo nie pogania, wszystko odbywa si\u0119 przy \u015bmiechach i rozmowach o zako\u0144czonym w\u0142a\u015bnie rejsie.<\/p>\n<p><a href=\"https:\/\/turysta2.pttk.pl\/wp-content\/uploads\/2020\/09\/IMG_20200709_112536.jpg\"><img loading=\"lazy\" decoding=\"async\" class=\"aligncenter size-full wp-image-25817\" src=\"https:\/\/turysta2.pttk.pl\/wp-content\/uploads\/2020\/09\/IMG_20200709_112536.jpg\" alt=\"\" width=\"768\" height=\"1024\" srcset=\"https:\/\/turysta2.pttk.pl\/wp-content\/uploads\/2020\/09\/IMG_20200709_112536.jpg 768w, https:\/\/turysta2.pttk.pl\/wp-content\/uploads\/2020\/09\/IMG_20200709_112536-225x300.jpg 225w\" sizes=\"auto, (max-width: 768px) 100vw, 768px\" \/><\/a>A jak ja, jako komandor go oceniam?, trudno by\u0107 s\u0119dzi\u0105 we w\u0142asnej sprawie. Niech \u015bwiadectwem b\u0119d\u0119 deklaracje, nie tylko uczestnik\u00f3w tegorocznego rejsu, o ch\u0119ci wzi\u0119cia udzia\u0142u w przysz\u0142orocznym rejsie.<\/p>\n<p>Sam ciesz\u0119 si\u0119, \u017ce rejs, pomimo pandemii. odby\u0142 si\u0119 zgodnie z planem, \u017ce wszyscy uczestnicy zachowywali si\u0119 w pe\u0142ni odpowiedzialnie przestrzegaj\u0105c wymaganego dystansu spo\u0142ecznego i innych przepis\u00f3w sanitarnych., \u017ce mogli\u015bmy odwiedzi\u0107 miejsca, o kt\u00f3rych wielu z nas nie wiedzia\u0142o, pomimo ju\u017c kilkukrotnego przep\u0142ywania ko\u0142o nich, \u017ce mogli\u015bmy spotka\u0107 wielu nietuzinkowych ludzi z pasj\u0105, \u017ce mieli\u015bmy okazje popr\u00f3bowa\u0107 potraw, o kt\u00f3rych nigdy wcze\u015bniej nawet nie pomy\u015bleli\u015bmy, \u017ce zawsze na twarzach uczestnik\u00f3w go\u015bci\u0142 u\u015bmiech i wzajemny do siebie szacunek.<\/p>\n<p>A to jest dla mnie najwi\u0119ksza satysfakcja i ocena zako\u0144czonego rejsu.<\/p>\n<p>Dzi\u0119kuj\u0105c za wsp\u00f3lne trzy tygodnie sp\u0119dzone na wodzie, ju\u017c dzisiaj zapraszam na przysz\u0142oroczny rejs, po r\u00f3wnie ciekawym i pe\u0142nym tajemniczych miejsc Zalewie Koronowskim.<\/p>\n<p><strong>Komandor rejsu Wojciech Sk\u00f3ra<\/strong><\/p>\n","protected":false},"excerpt":{"rendered":"XLI Rejs \u017beglarsko-Motorowodny \u201eGo\u015bci\u0144ce Kana\u0142u Elbl\u0105skiego i jez. Jeziorak. Pojezierze I\u0142awsko-Ostr\u00f3dzkie\u201d, z honorowymi patronatami Prezesa Pa\u0144stwowego Gospodarstwa Wodnego \u201eWody Polskie\u201d oraz Burmistrza Miasta I\u0142awa, rozpocz\u0105\u0142 si\u0119\u00a0 4 lipca, w sobotnie przedpo\u0142udnie, w pi\u0119knej i nowoczesnej Ekomarinie Zalewo. lipiec-wrzesie\u0144\/3(3)2020 Pierwsze za\u0142ogi dojecha\u0142y na miejsce ju\u017c oko\u0142o 3.00 w nocy, aby potem spokojnie roz\u0142adowa\u0107\u00a0 si\u0119 d\u017awigiem i m\u00f3c postawi\u0107 maszty na jachtach.&nbsp;<a href=\"https:\/\/turysta2.pttk.pl\/?p=25775\" class=\"read-more\">Continue Reading<\/a>","protected":false},"author":5,"featured_media":25767,"comment_status":"closed","ping_status":"closed","sticky":false,"template":"","format":"standard","meta":{"footnotes":""},"categories":[70],"tags":[],"class_list":["post-25775","post","type-post","status-publish","format-standard","has-post-thumbnail","hentry","category-turystyka-wodna","cat-70-id"],"aioseo_notices":[],"_links":{"self":[{"href":"https:\/\/turysta2.pttk.pl\/index.php?rest_route=\/wp\/v2\/posts\/25775","targetHints":{"allow":["GET"]}}],"collection":[{"href":"https:\/\/turysta2.pttk.pl\/index.php?rest_route=\/wp\/v2\/posts"}],"about":[{"href":"https:\/\/turysta2.pttk.pl\/index.php?rest_route=\/wp\/v2\/types\/post"}],"author":[{"embeddable":true,"href":"https:\/\/turysta2.pttk.pl\/index.php?rest_route=\/wp\/v2\/users\/5"}],"replies":[{"embeddable":true,"href":"https:\/\/turysta2.pttk.pl\/index.php?rest_route=%2Fwp%2Fv2%2Fcomments&post=25775"}],"version-history":[{"count":16,"href":"https:\/\/turysta2.pttk.pl\/index.php?rest_route=\/wp\/v2\/posts\/25775\/revisions"}],"predecessor-version":[{"id":25931,"href":"https:\/\/turysta2.pttk.pl\/index.php?rest_route=\/wp\/v2\/posts\/25775\/revisions\/25931"}],"wp:featuredmedia":[{"embeddable":true,"href":"https:\/\/turysta2.pttk.pl\/index.php?rest_route=\/wp\/v2\/media\/25767"}],"wp:attachment":[{"href":"https:\/\/turysta2.pttk.pl\/index.php?rest_route=%2Fwp%2Fv2%2Fmedia&parent=25775"}],"wp:term":[{"taxonomy":"category","embeddable":true,"href":"https:\/\/turysta2.pttk.pl\/index.php?rest_route=%2Fwp%2Fv2%2Fcategories&post=25775"},{"taxonomy":"post_tag","embeddable":true,"href":"https:\/\/turysta2.pttk.pl\/index.php?rest_route=%2Fwp%2Fv2%2Ftags&post=25775"}],"curies":[{"name":"wp","href":"https:\/\/api.w.org\/{rel}","templated":true}]}}