{"id":25683,"date":"2020-09-22T13:37:38","date_gmt":"2020-09-22T11:37:38","guid":{"rendered":"https:\/\/turysta2.pttk.pl\/?p=25683"},"modified":"2020-09-22T13:59:18","modified_gmt":"2020-09-22T11:59:18","slug":"25683-2","status":"publish","type":"post","link":"https:\/\/turysta2.pttk.pl\/?p=25683","title":{"rendered":"\u0141owickie akcenty na 70-lecie PTTK"},"content":{"rendered":"<p><strong>W ramach obchod\u00f3w 70-lecia Polskiego Towarzystwa Turystyczno-Krajoznawczego, Ko\u0142o Przewodnik\u00f3w im. Anieli Chmieli\u0144skiej w \u0141owiczu zaprojektowa\u0142o naszywki, b\u0119d\u0105ce pami\u0105tkami PTTK w \u0141owiczu.<\/strong><\/p>\n<p>&nbsp;<\/p>\n<pre><a href=\"https:\/\/turysta2.pttk.pl\/wp-content\/uploads\/2020\/09\/118529062_1816687015168629_6564924545427386715_o.jpg\"><img loading=\"lazy\" decoding=\"async\" class=\"aligncenter wp-image-25684\" src=\"https:\/\/turysta2.pttk.pl\/wp-content\/uploads\/2020\/09\/118529062_1816687015168629_6564924545427386715_o-300x210.jpg\" alt=\"\" width=\"411\" height=\"288\" srcset=\"https:\/\/turysta2.pttk.pl\/wp-content\/uploads\/2020\/09\/118529062_1816687015168629_6564924545427386715_o-300x210.jpg 300w, https:\/\/turysta2.pttk.pl\/wp-content\/uploads\/2020\/09\/118529062_1816687015168629_6564924545427386715_o-1024x715.jpg 1024w, https:\/\/turysta2.pttk.pl\/wp-content\/uploads\/2020\/09\/118529062_1816687015168629_6564924545427386715_o-768x536.jpg 768w, https:\/\/turysta2.pttk.pl\/wp-content\/uploads\/2020\/09\/118529062_1816687015168629_6564924545427386715_o-1536x1073.jpg 1536w, https:\/\/turysta2.pttk.pl\/wp-content\/uploads\/2020\/09\/118529062_1816687015168629_6564924545427386715_o.jpg 2039w\" sizes=\"auto, (max-width: 411px) 100vw, 411px\" \/><\/a>\r\nlipiec-wrzesie\u0144\/3(3)2020<\/pre>\n","protected":false},"excerpt":{"rendered":"W ramach obchod\u00f3w 70-lecia Polskiego Towarzystwa Turystyczno-Krajoznawczego, Ko\u0142o Przewodnik\u00f3w im. Anieli Chmieli\u0144skiej w \u0141owiczu zaprojektowa\u0142o naszywki, b\u0119d\u0105ce pami\u0105tkami PTTK w \u0141owiczu. &nbsp; lipiec-wrzesie\u0144\/3(3)2020","protected":false},"author":5,"featured_media":25684,"comment_status":"closed","ping_status":"closed","sticky":false,"template":"","format":"gallery","meta":{"footnotes":""},"categories":[79],"tags":[],"class_list":["post-25683","post","type-post","status-publish","format-gallery","has-post-thumbnail","hentry","category-z-historii-towarzystwa","post_format-post-format-gallery","cat-79-id"],"aioseo_notices":[],"_links":{"self":[{"href":"https:\/\/turysta2.pttk.pl\/index.php?rest_route=\/wp\/v2\/posts\/25683","targetHints":{"allow":["GET"]}}],"collection":[{"href":"https:\/\/turysta2.pttk.pl\/index.php?rest_route=\/wp\/v2\/posts"}],"about":[{"href":"https:\/\/turysta2.pttk.pl\/index.php?rest_route=\/wp\/v2\/types\/post"}],"author":[{"embeddable":true,"href":"https:\/\/turysta2.pttk.pl\/index.php?rest_route=\/wp\/v2\/users\/5"}],"replies":[{"embeddable":true,"href":"https:\/\/turysta2.pttk.pl\/index.php?rest_route=%2Fwp%2Fv2%2Fcomments&post=25683"}],"version-history":[{"count":5,"href":"https:\/\/turysta2.pttk.pl\/index.php?rest_route=\/wp\/v2\/posts\/25683\/revisions"}],"predecessor-version":[{"id":25692,"href":"https:\/\/turysta2.pttk.pl\/index.php?rest_route=\/wp\/v2\/posts\/25683\/revisions\/25692"}],"wp:featuredmedia":[{"embeddable":true,"href":"https:\/\/turysta2.pttk.pl\/index.php?rest_route=\/wp\/v2\/media\/25684"}],"wp:attachment":[{"href":"https:\/\/turysta2.pttk.pl\/index.php?rest_route=%2Fwp%2Fv2%2Fmedia&parent=25683"}],"wp:term":[{"taxonomy":"category","embeddable":true,"href":"https:\/\/turysta2.pttk.pl\/index.php?rest_route=%2Fwp%2Fv2%2Fcategories&post=25683"},{"taxonomy":"post_tag","embeddable":true,"href":"https:\/\/turysta2.pttk.pl\/index.php?rest_route=%2Fwp%2Fv2%2Ftags&post=25683"}],"curies":[{"name":"wp","href":"https:\/\/api.w.org\/{rel}","templated":true}]}}