{"id":25609,"date":"2020-09-16T11:34:38","date_gmt":"2020-09-16T09:34:38","guid":{"rendered":"https:\/\/turysta2.pttk.pl\/?p=25609"},"modified":"2021-01-27T15:07:49","modified_gmt":"2021-01-27T13:07:49","slug":"kaplica-ksiazeca-w-lubiazu","status":"publish","type":"post","link":"https:\/\/turysta2.pttk.pl\/?p=25609","title":{"rendered":"Kaplica Ksi\u0105\u017c\u0119ca w Lubi\u0105\u017cu"},"content":{"rendered":"<p><strong>Kaplica Ksi\u0105\u017c\u0119ca, zaprojektowana zosta\u0142a na planie krzy\u017ca r\u00f3wnoramiennego, kt\u00f3rego trzy ramiona zako\u0144czone s\u0105 wielok\u0105tnie. Przylega do p\u00f3\u0142nocno - wschodniego naro\u017ca obej\u015bcia klasztornego ko\u015bcio\u0142a Naj\u015bwi\u0119tszej Marii Panny. Wzniesiona zosta\u0142a w latach 1311 - 1312 z\u00a0fundacji ksi\u0119cia legnickiego Boles\u0142awa III, kt\u00f3rego pochowano w niej w 1352 r., zgodnie z\u00a0przekazem: \"Pochowany zosta\u0142 w Lubi\u0105\u017cu, kaplicy, kt\u00f3r\u0105 sam fundowa\u0142 i wspania\u0142ymi darami wyposa\u017cy\u0142\".<\/strong><!--more--><\/p>\n<pre>lipiec-wrzesie\u0144\/3(3)2020<\/pre>\n<p><strong>Ksi\u0105\u017c\u0119 zmar\u0142 21 kwietnia 1352 r., w wieku 61 lat. Powodem \u015bmierci by\u0142a podobno sk\u0142onno\u015b\u0107 Boles\u0142awa do ob\u017carstwa. Autor <em>Kroniki ksi\u0105\u017c\u0105t polskich<\/em>, pisz\u0105cy na zlecenie Ludwika Boles\u0142awowica podaje, \u017ce ksi\u0105\u017c\u0119 dosta\u0142 \u015bmiertelnej niestrawno\u015bci po zjedzeniu trzynastu kurcz\u0105t w trakcie uczty, wydanej przez siebie na okoliczno\u015b\u0107 zako\u0144czenia wielkiego postu.<\/strong><\/p>\n<p>Kaplic\u0119 wybudowano na planie centralnym. Wyposa\u017cono j\u0105 w pi\u0119\u0107 o\u0142tarzy, przy kt\u00f3rych co dnia odprawiano msze za dusz\u0119 fundatora. Sklepienie kaplicy pokryte jest polichromi\u0105 (lata 70 - te XVII w.), kt\u00f3ra zwi\u0105zana jest tematycznie z przeznaczeniem Kaplicy Ksi\u0105\u017c\u0119cej, jako mauzoleum ksi\u0119cia piastowskiego, przy czym podkre\u015blony zosta\u0142 specjalnie historyczny moment wyga\u015bni\u0119cia tej dynastii w 1675 r. Kaplica Ksi\u0105\u017c\u0119ca w Lubi\u0105\u017cu jest przyk\u0142adem rzadkiego na \u015al\u0105sku typu centralnej grobowej budowli gotyckiej. Wzorem dla niej by\u0142a prawdopodobnie pierwotna forma ko\u015bcio\u0142a \u015bw. Krzy\u017ca we Wroc\u0142awiu.<br \/>\nNa sklepieniu budowli, na jednym z tzw. zwornik\u00f3w przedstawiony jest je\u017adziec dosiadaj\u0105cy konia. W\u0142adca ubrany jest w turniejow\u0105 zbroj\u0119. W jednej r\u0119ce trzyma miecz,<br \/>\na w drugiej tarcz\u0119, ozdobion\u0105 bia\u0142o-czerwon\u0105 szachownic\u0105. Taka sama szachownica zdobi te\u017c rycerski he\u0142m. Historycy sztuki domy\u015blaj\u0105 si\u0119, \u017ce rze\u017aba przedstawia ksi\u0119cia Boles\u0142awa III Rozrzutnego.<\/p>\n<p>Niegdy\u015b, po\u015brodku lubi\u0105skiej Kaplicy Ksi\u0105\u017c\u0119cej znajdowa\u0142 si\u0119 nagrobek brzeskiego w\u0142adcy, zmar\u0142ego w 1352 r. Przedstawia\u0142 on wykut\u0105 w kamieniu posta\u0107 ksi\u0119cia, w kt\u00f3rego r\u0119ce znajdowa\u0142a si\u0119 miniaturka ufundowanej przez niego kaplicy. Pierwotna tumba nie zachowa\u0142a si\u0119. Do dzisiejszego dnia widoczne s\u0105 w kaplicy \u015blady po kolejnej, barokowej tumbie. P\u0142yta nagrobna, kt\u00f3ra niegdy\u015b spoczywa\u0142a na tumbie przetrwa\u0142a II wojn\u0119 \u015bwiatow\u0105. Zosta\u0142a roztrzaskana dopiero po jej zako\u0144czeniu. Fragmenty nagrobka znaleziono podczas prac wy\u00ad\u00adko\u00adpaliskowych prowadzonych przy ko\u015bciele. Uzbiera\u0142o si\u0119 ich ponad sto. Mimo \u017ce p\u0142yta by\u0142a bardzo rozbita, uda\u0142o si\u0119 j\u0105 poskleja\u0107. Obecnie, w znacznej mierze zrekonstruowana, stanowi cz\u0119\u015b\u0107 ekspozycji lapidarium Muzeum Narodowego we Wroc\u0142awiu. Widzimy na niej posta\u0107 ksi\u0119cia, odzian\u0105 w str\u00f3j rycerski, w lewej d\u0142oni dzier\u017c\u0105c\u0105 tarcz\u0119 z wyobra\u017ceniem or\u0142a \u015bl\u0105skiego, w prawicy za\u015b trzymaj\u0105c\u0105 model ufundowanej przez siebie kaplicy w Lubi\u0105\u017cu. Pod tarcz\u0105 widoczny jest miecz. G\u0142ow\u0119 zdobi mitra ksi\u0105\u017c\u0119ca<strong>.<\/strong><\/p>\n<p>Z bogatego wystroju kaplicy nie zosta\u0142o obecnie niemal nic. Jedynymi ozdobami, kt\u00f3re mo\u017cna tam dzi\u015b zobaczy\u0107 s\u0105, namalowane na sklepieniu barokowe freski. Malowid\u0142a te powsta\u0142y prawdopodobnie na prze\u0142omie XVII i XVIII wieku i wi\u0105zane s\u0105 z warsztatem wybitnego \u015bl\u0105skiego malarza Michaela Willmanna. Ich tematem jest gloryfikacj\u0105 piastowskiego rodu. Na obrazach w prz\u0119\u015ble po\u0142udniowym znajduj\u0105 si\u0119 anio\u0142y trzymaj\u0105ce tarcze z herbem ksi\u0105\u017c\u0105t legnicko-brzeskich.<\/p>\n<p>Jerzy Maciejewski<\/p>\n","protected":false},"excerpt":{"rendered":"Kaplica Ksi\u0105\u017c\u0119ca, zaprojektowana zosta\u0142a na planie krzy\u017ca r\u00f3wnoramiennego, kt\u00f3rego trzy ramiona zako\u0144czone s\u0105 wielok\u0105tnie. Przylega do p\u00f3\u0142nocno - wschodniego naro\u017ca obej\u015bcia klasztornego ko\u015bcio\u0142a Naj\u015bwi\u0119tszej Marii Panny. Wzniesiona zosta\u0142a w latach 1311 - 1312 z\u00a0fundacji ksi\u0119cia legnickiego Boles\u0142awa III, kt\u00f3rego pochowano w niej w 1352 r., zgodnie z\u00a0przekazem: \"Pochowany zosta\u0142 w Lubi\u0105\u017cu, kaplicy, kt\u00f3r\u0105 sam fundowa\u0142 i wspania\u0142ymi darami wyposa\u017cy\u0142\".","protected":false},"author":5,"featured_media":25611,"comment_status":"closed","ping_status":"closed","sticky":false,"template":"","format":"gallery","meta":{"footnotes":""},"categories":[5],"tags":[],"class_list":["post-25609","post","type-post","status-publish","format-gallery","has-post-thumbnail","hentry","category-a-to-polska-wlasnie","post_format-post-format-gallery","cat-5-id"],"aioseo_notices":[],"_links":{"self":[{"href":"https:\/\/turysta2.pttk.pl\/index.php?rest_route=\/wp\/v2\/posts\/25609","targetHints":{"allow":["GET"]}}],"collection":[{"href":"https:\/\/turysta2.pttk.pl\/index.php?rest_route=\/wp\/v2\/posts"}],"about":[{"href":"https:\/\/turysta2.pttk.pl\/index.php?rest_route=\/wp\/v2\/types\/post"}],"author":[{"embeddable":true,"href":"https:\/\/turysta2.pttk.pl\/index.php?rest_route=\/wp\/v2\/users\/5"}],"replies":[{"embeddable":true,"href":"https:\/\/turysta2.pttk.pl\/index.php?rest_route=%2Fwp%2Fv2%2Fcomments&post=25609"}],"version-history":[{"count":5,"href":"https:\/\/turysta2.pttk.pl\/index.php?rest_route=\/wp\/v2\/posts\/25609\/revisions"}],"predecessor-version":[{"id":26579,"href":"https:\/\/turysta2.pttk.pl\/index.php?rest_route=\/wp\/v2\/posts\/25609\/revisions\/26579"}],"wp:featuredmedia":[{"embeddable":true,"href":"https:\/\/turysta2.pttk.pl\/index.php?rest_route=\/wp\/v2\/media\/25611"}],"wp:attachment":[{"href":"https:\/\/turysta2.pttk.pl\/index.php?rest_route=%2Fwp%2Fv2%2Fmedia&parent=25609"}],"wp:term":[{"taxonomy":"category","embeddable":true,"href":"https:\/\/turysta2.pttk.pl\/index.php?rest_route=%2Fwp%2Fv2%2Fcategories&post=25609"},{"taxonomy":"post_tag","embeddable":true,"href":"https:\/\/turysta2.pttk.pl\/index.php?rest_route=%2Fwp%2Fv2%2Ftags&post=25609"}],"curies":[{"name":"wp","href":"https:\/\/api.w.org\/{rel}","templated":true}]}}