{"id":25584,"date":"2020-09-15T11:27:58","date_gmt":"2020-09-15T09:27:58","guid":{"rendered":"https:\/\/turysta2.pttk.pl\/?p=25584"},"modified":"2020-09-30T18:54:14","modified_gmt":"2020-09-30T16:54:14","slug":"swiete-schody-w-sosnicy","status":"publish","type":"post","link":"https:\/\/turysta2.pttk.pl\/?p=25584","title":{"rendered":"\u015awi\u0119te Schody w So\u015bnicy"},"content":{"rendered":"\r\n<p><strong>Niedaleko Wroc\u0142awia, w pobli\u017cu K\u0105t\u00f3w Wroc\u0142awskich znajduje si\u0119\u00a0 wie\u015b So\u015bnica. W jej centrum widnieje roma\u0144ski ko\u015bci\u00f3\u0142 pod wezwaniem Podwy\u017cszenia Krzy\u017ca \u015awi\u0119tego, wzniesiony\u00a0 przed 1244 r., orientowany, dwunawowy z prostok\u0105tnym prezbiterium i wie\u017c\u0105 od zachodu. W 1570 r. \u015bwi\u0105tyni\u0119 przej\u0119li ewangelicy, a po 1620 r., w okresie kontrreformacji, sta\u0142 si\u0119 on na 2 lata tzw. ko\u015bcio\u0142em ucieczkowym.<\/strong><\/p>\r\n<pre>lipiec-wrzesie\u0144\/3(3)2020<\/pre>\r\n\r\n\r\n\r\n<p><!--more--><br \/>Bogate wyposa\u017cenie ko\u015bcio\u0142a jest w wi\u0119kszo\u015bci utrzymane w barokowym stylu i pochodzi z XVII i XVIII w. Z tego okresu pochodzi tak\u017ce o\u0142tarz g\u0142\u00f3wny z 1714 r. Widniej\u0105cy na nim obraz oprawiony jest w ram\u0119, kt\u00f3ra przypomina li\u015bcie i przedstawia scen\u0119 Podwy\u017cszenia Krzy\u017ca, gdzie cesarz Herakliusz niesie krzy\u017c, na kt\u00f3rym kiedy\u015b umar\u0142 Zbawiciel. Krzy\u017c ten najpierw by\u0142 przechowywany przez chrze\u015bcijan, p\u00f3\u017aniej znalaz\u0142 si\u0119 w r\u0119kach Pers\u00f3w. W zwyci\u0119skiej wojnie nad Persami cesarz Herakliusz odzyska\u0142 drzewo krzy\u017ca \u015bw. i w\u00a0 630 r., wni\u00f3s\u0142 je uroczy\u015bcie na w\u0142asnych ramionach do bazyliki Grobu Chrystusowego.\u00a0 Obraz o\u0142tarzowy ukazuje bosego cesarza Herakliusza w szacie pokutnej. Paziowie nios\u0105 odznaki cesarskie na poduszkach. Obok cesarza do \u015bwi\u0105tyni wchodzi biskup Jerozolimy, Zachariasz. W g\u00f3rze obrazu przedstawiony jest B\u00f3g Ojciec i Duch \u015awi\u0119ty. O\u0142tarze boczne pochodz\u0105 z lat ok. 1680 i z 1719 r., ambona z p\u0142askorze\u017abion\u0105 scen\u0105 Kazanie \u015bw. Jana Nepomucena z ok. 1720 r., oraz pokrywa renesansowej chrzcielnicy ze scen\u0105 Chrzest w Jordanie. Z\u00a0 XVIII w. pochodzi tak\u017ce kilka obraz\u00f3w (m.in. sygnowane przez Jana Henryka Kynasta).<!--more--><\/p>\r\n\r\n\r\n\r\n<p>So\u015bnicki ko\u015bci\u00f3\u0142, posiada unikatowe na miar\u0119 naszego kraju sanktuarium, kaplic\u0119 wraz ze \"\u015awi\u0119tymi Schodami\" (Santa Scala). Jest to arcydzie\u0142o sztuki malarskiej i rze\u017abiarskiej, stanowi\u0105c\u0105 obecnie jego najwi\u0119ksz\u0105 osobliwo\u015b\u0107 i pami\u0105tk\u0119 pobo\u017cno\u015bci doby baroku.<\/p>\r\n\r\n\r\n\r\n<p>W\u00a0 1775 r. hrabina z So\u015bnicy J\u00f3zefa von W\u00fcrtz i Burg, uda\u0142a si\u0119 z pielgrzymk\u0105 do Rzymu. Po powrocie z Wiecznego Miasta postanowi\u0142a wybudowa\u0107 przy ko\u015bciele w So\u015bnicy \"\u015awi\u0119te Schody\u201d, wg wzoru Schod\u00f3w rzymskich.<\/p>\r\n\r\n\r\n\r\n<p>\u015awi\u0119te Schody to replika Scala Santa przed bazylik\u0105 \u015bw. Jana na Lateranie (s\u0105 to podobno schody z pa\u0142acu Pi\u0142ata, po kt\u00f3rych prowadzono Chrystusa, sprowadzone w IV w. do Rzymu przez \u015bw. Helen\u0119, matk\u0119 cesarza Konstantyna).<\/p>\r\n\r\n\r\n\r\n<p>W 1776 r. do korpusu ko\u015bcio\u0142a dobudowano od p\u00f3\u0142nocy kaplic\u0119 \u015awi\u0119tych Schod\u00f3w. Malowid\u0142a w kaplicy wykonali w 1776 r., s\u0142awni w tym czasie arty\u015bci z Wroc\u0142awia \u2013 ojciec i syn Kinastowie. Namalowane na tynku obrazy technik\u0105 al secco (na suchym tynku) ukazuj\u0105 sceny z M\u0119ki Pana Jezusa. Jest to malarstwo iluzjonistyczne, ze scenami figuralnymi o tematyce pasyjnej. Pod schodami znajduje si\u0119 miejsce, kt\u00f3re symbolizuje Ogr\u00f3jec. Pomys\u0142owo zrobione podwy\u017cszenie przedstawia ogr\u00f3d, w kt\u00f3rym umieszczono modl\u0105cego si\u0119 Chrystusa i \u015bpi\u0105cych aposto\u0142\u00f3w. Na szczycie znajduje si\u0119 adoruj\u0105cy anio\u0142 z kadzielnic\u0105.<\/p>\r\n\r\n\r\n\r\n<p>Na \u015bcianach namalowano obrazy przedstawiaj\u0105ce sceny: poca\u0142unek Judasza i przej\u015bcie przez potok Cedron, a nast\u0119pnie oskar\u017cenie Jezusa u arcykap\u0142an\u00f3w Annasza i Kajfasza. Dalej na \u015bcianach kaplicy widzimy sceny s\u0105du u Pi\u0142ata, d\u017awiganie krzy\u017ca, upadki pod krzy\u017cem i samo ukrzy\u017cowanie. Na sklepieniu kaplicy znajduje si\u0119 du\u017cy obraz, ukazuj\u0105cy umieraj\u0105cego Chrystusa i stoj\u0105cych obok Matk\u0119 Jezusow\u0105 i \u015bw. Jana. Dzieje M\u0119ki Zbawiciela ko\u0144cz\u0105 si\u0119 ostatnim du\u017cym obrazem, kt\u00f3ry przedstawia modl\u0105c\u0105 si\u0119 przed ukrzy\u017cowanym \u015bw. Jadwig\u0119 \u2013 ksi\u0119\u017cn\u0105 \u015al\u0105ska, b\u0119d\u0105c\u0105 patronk\u0105 kaplicy \u015awi\u0119tych Schod\u00f3w. Wed\u0142ug legendy, Pan Jezus pob\u0142ogos\u0142awi\u0142 \u015bwi\u0119t\u0105 w czasie modlitwy, odrywaj\u0105c przy tym praw\u0105 r\u0119k\u0119 od belki krzy\u017ca. Ten w\u0142a\u015bnie motyw zosta\u0142 uchwycony przez artyst\u0119 na obrazie.<\/p>\r\n\r\n\r\n\r\n<p>Schody maj\u0105 podw\u00f3jne stopnie, kt\u00f3re zosta\u0142y podzielone artystycznie rze\u017abionymi balustradami. 28 marmurowych stopni z prawej strony zawiera relikwie \u015bwi\u0119tych, umieszczone w ampu\u0142kach pod szkie\u0142kami. Wchodzi si\u0119 na nie na kl\u0119czkach. Natomiast po lewej stronie s\u0105 stopnie przeznaczone na schodzenie. Schody wznosz\u0105 si\u0119 do o\u0142tarza, na kt\u00f3rym znajduje si\u0119 tabernakulum w kszta\u0142cie kuli ziemskiej. Na postumencie g\u00f3ruje figura Chrystusa, jako \"M\u0119\u017ca Bole\u015bci\". Wn\u0119ka o\u0142tarza, symbolizuj\u0105ca gr\u00f3b, zawiera narz\u0119dzia M\u0119ki Pa\u0144skiej i anio\u0142a na stra\u017cy. W krypcie pod kaplic\u0105 \u015awi\u0119tych Schod\u00f3w spoczywa fundatorka zm. 1783 r.; spoczywaj\u0105 tu te\u017c\u00a0 4 cz\u0142onkowie rodziny hrabi\u00f3w von Wengersky, zmarli w latach 1912-24, co upami\u0119tniaj\u0105 2 tablice.<\/p>\r\n\r\n\r\n\r\n<p>Na \u015awi\u0119te Schody wchodzi si\u0119 tylko podczas uroczystych nabo\u017ce\u0144stw. W zewn\u0119trzne \u015bciany ko\u015bcio\u0142a s\u0105 wmurowane interesuj\u0105ce epitafia i nagrobki pochodz\u0105ce z r\u00f3\u017cnych wiek\u00f3w.<\/p>\r\n\r\n\r\n\r\n<p class=\"has-black-color has-text-color has-normal-font-size\">Jerzy Maciejewski<\/p>\r\n","protected":false},"excerpt":{"rendered":"Niedaleko Wroc\u0142awia, w pobli\u017cu K\u0105t\u00f3w Wroc\u0142awskich znajduje si\u0119\u00a0 wie\u015b So\u015bnica. W jej centrum widnieje roma\u0144ski ko\u015bci\u00f3\u0142 pod wezwaniem Podwy\u017cszenia Krzy\u017ca \u015awi\u0119tego, wzniesiony\u00a0 przed 1244 r., orientowany, dwunawowy z prostok\u0105tnym prezbiterium i wie\u017c\u0105 od zachodu. W 1570 r. \u015bwi\u0105tyni\u0119 przej\u0119li ewangelicy, a po 1620 r., w okresie kontrreformacji, sta\u0142 si\u0119 on na 2 lata tzw. ko\u015bcio\u0142em ucieczkowym. lipiec-wrzesie\u0144\/3(3)2020 Bogate wyposa\u017cenie ko\u015bcio\u0142a&nbsp;<a href=\"https:\/\/turysta2.pttk.pl\/?p=25584\" class=\"read-more\">Continue Reading<\/a>","protected":false},"author":5,"featured_media":25589,"comment_status":"closed","ping_status":"closed","sticky":false,"template":"","format":"gallery","meta":{"footnotes":""},"categories":[5],"tags":[],"class_list":["post-25584","post","type-post","status-publish","format-gallery","has-post-thumbnail","hentry","category-a-to-polska-wlasnie","post_format-post-format-gallery","cat-5-id"],"aioseo_notices":[],"_links":{"self":[{"href":"https:\/\/turysta2.pttk.pl\/index.php?rest_route=\/wp\/v2\/posts\/25584","targetHints":{"allow":["GET"]}}],"collection":[{"href":"https:\/\/turysta2.pttk.pl\/index.php?rest_route=\/wp\/v2\/posts"}],"about":[{"href":"https:\/\/turysta2.pttk.pl\/index.php?rest_route=\/wp\/v2\/types\/post"}],"author":[{"embeddable":true,"href":"https:\/\/turysta2.pttk.pl\/index.php?rest_route=\/wp\/v2\/users\/5"}],"replies":[{"embeddable":true,"href":"https:\/\/turysta2.pttk.pl\/index.php?rest_route=%2Fwp%2Fv2%2Fcomments&post=25584"}],"version-history":[{"count":14,"href":"https:\/\/turysta2.pttk.pl\/index.php?rest_route=\/wp\/v2\/posts\/25584\/revisions"}],"predecessor-version":[{"id":25835,"href":"https:\/\/turysta2.pttk.pl\/index.php?rest_route=\/wp\/v2\/posts\/25584\/revisions\/25835"}],"wp:featuredmedia":[{"embeddable":true,"href":"https:\/\/turysta2.pttk.pl\/index.php?rest_route=\/wp\/v2\/media\/25589"}],"wp:attachment":[{"href":"https:\/\/turysta2.pttk.pl\/index.php?rest_route=%2Fwp%2Fv2%2Fmedia&parent=25584"}],"wp:term":[{"taxonomy":"category","embeddable":true,"href":"https:\/\/turysta2.pttk.pl\/index.php?rest_route=%2Fwp%2Fv2%2Fcategories&post=25584"},{"taxonomy":"post_tag","embeddable":true,"href":"https:\/\/turysta2.pttk.pl\/index.php?rest_route=%2Fwp%2Fv2%2Ftags&post=25584"}],"curies":[{"name":"wp","href":"https:\/\/api.w.org\/{rel}","templated":true}]}}