{"id":25569,"date":"2020-09-14T12:18:26","date_gmt":"2020-09-14T10:18:26","guid":{"rendered":"https:\/\/turysta2.pttk.pl\/?p=25569"},"modified":"2020-11-13T10:43:26","modified_gmt":"2020-11-13T08:43:26","slug":"70-lecie-polskiego-towarzystwa-turystyczno-krajoznawczego","status":"publish","type":"post","link":"https:\/\/turysta2.pttk.pl\/?p=25569","title":{"rendered":"70 &#8211; lecie Polskiego Towarzystwa Turystyczno-Krajoznawczego"},"content":{"rendered":"<p><strong>W grudniu 2020 roku, Polskie Towarzystwo Turystyczno-Krajoznawcze obchodzi siedemdziesi\u0105t\u0105 rocznic\u0119 po\u0142\u0105czenia Polskiego Towarzystwa Tatrza\u0144skiego z Polskim Towarzystwem Krajoznawczym. W tej okazji, zach\u0119camy do przypomnienia sobie pocz\u0105tk\u00f3w jego dzia\u0142alno\u015bci, poprzez zag\u0142\u0119bienie si\u0119 w lekturze artyku\u0142u Wandy Skowron, by\u0142ej wieloletniej przewodnicz\u0105cej Komisji Historii i Tradycji ZG PTTK oraz informacji przygotowanej przez Joann\u0119 Ko\u015bnik, kierownika Dzia\u0142u promocyjno-programowego ZG PTTK.<\/strong><\/p>\n<p>&nbsp;<\/p>\n<p>&nbsp;<\/p>\n<h5 style=\"text-align: left;\">\n<!--more--><\/h5>\n<pre>lipiec-wrzesie\u0144\/3(3)2020<\/pre>\n<p style=\"text-align: center;\"><strong>PTTK \u2013 trwanie i kontynuacja<\/strong><\/p>\n<p><strong>Przedstawiaj\u0105c wsp\u00f3\u0142czesnemu odbiorcy Polskie Towarzystwo Turystyczno-Krajoznawcze, jego historyczne korzenie, charakter i mo\u017cliwo\u015bci, prezentacj\u0119 nale\u017cy rozpocz\u0105\u0107 od ujawnienia podstawowej cechy \u2013 jest ni\u0105 trwanie. W zmieniaj\u0105cych si\u0119 uwarunkowaniach polityczno-spo\u0142ecznych, trudnych czasach, czasem z dramatyczn\u0105 codzienno\u015bci\u0105, kiedy kolejne pokolenia przejmowa\u0142y misj\u0119 s\u0142u\u017cenia krajowi, obieraj\u0105c krajoznawstwo i turystyk\u0119 za metod\u0119 pracy. To nieprzerwane trwanie si\u0119ga czasu zabor\u00f3w, kiedy powstawa\u0142y organizacje b\u0119d\u0105ce protoplastami wsp\u00f3\u0142czesnego PTTK: Towarzystwo Tatrza\u0144skie za\u0142o\u017cone w Zakopanem w 1874 r. (w 1873-1874 pod nazw\u0105 Galicyjskie Towarzystwo Tatrza\u0144skie, w latach 1874-1920 Towarzystwo Tatrza\u0144skie, w latach 1920-50 Polskie Towarzystwo Tatrza\u0144skie) oraz Polskie Towarzystwo Krajoznawcze w Warszawie w 1906 r.<\/strong><\/p>\n<p>O czasie, kiedy Polski nie by\u0142o na mapach Europy, dzia\u0142acz PTK Stanis\u0142aw Thugutt pisa\u0142 po latach, b\u0119d\u0105c ju\u017c politykiem II Rzeczypospolitej: \u2013 <em>c\u00f3\u017c mogli\u015bmy wtedy wi\u0119cej zrobi\u0107 jak nie da\u0107 zasn\u0105\u0107 duszy narodu.<\/em> My jednak dodajmy \u2013 by\u0142o to bardzo wiele w\u00a0sytuacji, kiedy spo\u0142ecze\u0144stwo \u017cy\u0142o w trzech r\u00f3\u017cnych porz\u0105dkach prawnych pa\u0144stw zaborczych, a ze wzgl\u0119du na up\u0142yw czasu zanika\u0142a pami\u0119\u0107 o\u00a0wolnym kraju, a rani\u0142a ta o\u00a0kolejnych pora\u017ckach zryw\u00f3w wolno\u015bciowych.<\/p>\n<p>Oba Towarzystwa aktywnie przetrwa\u0142y I wojn\u0119 \u015bwiatow\u0105, dostosowuj\u0105c metody pracy do aktualnych mo\u017cliwo\u015bci. Oba \u015brodowiska wzi\u0119\u0142y udzia\u0142 w walkach i\u00a0dzia\u0142alno\u015bciach niepodleg\u0142o\u015bciowych.<\/p>\n<p>Mi\u0119dzywojnie, potocznie zwane XX-leciem nie trwa\u0142o dla pokojowej pracy dwudziestu lat, z racji na wojn\u0119 polsko-bolszewick\u0105, kt\u00f3ra zako\u0144czy\u0142a si\u0119 zwyci\u0119stwem ratuj\u0105cym m\u0142ode pa\u0144stwo, przynosz\u0105c jednak nowe straty w wyniszczonym kraju. Mimo takich uwarunkowa\u0144, by\u0142 to czas ogromnego wysi\u0142ku w\u0142o\u017conego w budow\u0119 pa\u0144stwa, jego podstawowych struktur oraz integracji spo\u0142ecze\u0144stwa nios\u0105cego odmienne do\u015bwiadczenia ukszta\u0142towane przez kraje zaborcze. PTT i PTK wnios\u0142y w to znacz\u0105cy wk\u0142ad, oddaj\u0105c do s\u0142u\u017cby pa\u0144stwowej swoich wybitnych cz\u0142onk\u00f3w oraz do\u015bwiadczenia organizatorskie. Mimo uszczuplenia kadr, wykonywali zadania statutowe, konsekwentnie przyjmuj\u0105c postaw\u0119 kontynuacji. Powi\u0119kszono obszar dzia\u0142ania. Szczeg\u00f3lnie PTK mia\u0142o ambicje obecno\u015bci swoich oddzia\u0142\u00f3w w ca\u0142ym kraju. Rozszerzono r\u00f3wnie\u017c pola pracy nowymi propozycjami oraz wzmacniano wcze\u015bniej wypr\u00f3bowane na p\u0142aszczy\u017anie intelektualnej i praktycznej. Rozkwit\u0142a dzia\u0142alno\u015b\u0107 wydawnicza, zw\u0142aszcza przewodnikowa \u2013 uprzednio sp\u0119tana nadzorem cenzorskim. W PTK kontynuowano wydawanie posiadaj\u0105cych d\u0142ug\u0105 ju\u017c tradycj\u0119 czasopism \u201eWierchy\u201d w PTT oraz \u201eZiemia\". Zadbano o opracowywanie zbior\u00f3w muzealnych, bibliotek obu towarzystw, kt\u00f3re regularnie wzbogacano, zach\u0119cano do zak\u0142adania podr\u0119cznych ksi\u0119gozbior\u00f3w w oddzia\u0142ach, uprawiano i prezentowano fotografi\u0119. Planowano i znakowano szlaki turystyczne, szkolono przewodnik\u00f3w. Rozbudowywano tak\u017ce infrastruktur\u0119 dla turystyki wielokrotnie korzystaj\u0105c z finansowego wsparcia w\u0142adz.<\/p>\n<p>Wszystkie te dzia\u0142ania odnajdziemy w PTTK, kt\u00f3re w swojej pracy programowej r\u00f3wnie\u017c posz\u0142o drog\u0105 kontynuacji, zmieni\u0142a si\u0119 jednak ich skala.<\/p>\n<p>Od roku 1932 z rozwag\u0105 i niespiesznie prowadzone by\u0142y rozmowy dwustronne, dotycz\u0105ce fuzji PTT z PTK. Uwa\u017cano, bowiem, \u017ce wzmocni to i rozszerzy mo\u017cliwo\u015bci obu \u015brodowisk, pozwoli pe\u0142niej zaistnie\u0107 w \u201eprzemy\u015ble turystycznym\u201d wspieranym przez w\u0142adze I Rzeczypospolitej. Do wybuchu II wojny \u015bwiatowej rozwi\u0105zano i uzgodniono wiele problem\u00f3w, pozwalaj\u0105c realnie my\u015ble\u0107 o\u00a0zjednoczeniu i nowej nazwy organizacji, kt\u00f3ra powinna zmie\u015bci\u0107 dorobek obu Towarzystw. Jednak wiadomo, \u017ce mia\u0142o to nast\u0105pi\u0107 w zupe\u0142nie innych realiach politycznych.<\/p>\n<p>Kim byli ludzie tworz\u0105cy dwa nurty ruchu krajoznawczo-turystycznego, kt\u00f3ry ulegaj\u0105c transformacji w zale\u017cno\u015bci od sytuacji zawsze za wsp\u00f3lny mianownik mia\u0142 Polsk\u0119 i s\u0142u\u017cb\u0119 dla niej, a tym samym s\u0142u\u017cb\u0119 dla og\u00f3\u0142u spo\u0142ecze\u0144stwa?<\/p>\n<p>W obu Towarzystwach znale\u017ali si\u0119 ludzie z wszystkich warstw spo\u0142ecznych (w\u00a0r\u00f3\u017cnych proporcjach w obu organizacjach) o r\u00f3\u017cnych pogl\u0105dach politycznych, licznych specjalno\u015bciach zawodowych, r\u00f3wnie\u017c przedstawiciele kleru. Byli to ludzie nauki i\u00a0m\u0142odzie\u017c dopiero wkraczaj\u0105ca w \u017cycie, politycy i m\u0142odzi rzemie\u015blnicy. Ten sk\u0142ad niew\u0105tpliwie by\u0142 fenomenem w dziejach kraju. Umieli ze sob\u0105 rozmawia\u0107, wsp\u00f3lnie rozwi\u0105zywa\u0107 problemy, uznawali wzajemnie swoje \u017cyciowe kompetencje. Wielokrotnie wspierali ruch finansowo w dramatycznych momentach braku \u015brodk\u00f3w. Reasumuj\u0105c, by\u0142 to przyk\u0142ad autentycznej pracy spo\u0142ecznej. Nagrod\u0105 dla najwybitniejszych (rzadk\u0105) by\u0142 tytu\u0142 Cz\u0142onka Honorowego przyznawany w obu Towarzystwach. Ten model wyr\u00f3\u017cniania zosta\u0142 przeniesiony r\u00f3wnie\u017c do PTTK.<\/p>\n<p>Po wybuchu II wojny \u015bwiatowej usta\u0142a dzia\u0142alno\u015b\u0107 obu Towarzystw. Zako\u0144czenie wojny ujawni\u0142o ogrom strat w ludziach oraz zasobach materialnych. Prawie natychmiast powr\u00f3cono do dzia\u0142alno\u015bci. Jeszcze raz zastosowano postaw\u0119 kontynuacji, korzystaj\u0105c z bogactwa minionego czasu. Jednak rzeczywisto\u015b\u0107 powojenna stworzy\u0142a nowe, dotkliwe trudno\u015bci zwi\u0105zane ze zmian\u0105 granic pa\u0144stwa, utrat\u0105 ziem wschodnich, gdzie oba nurty pracy krajoznawczo-turystycznej by\u0142y dobrze zakorzenione oraz konieczno\u015bci\u0105 zaistnienia na tzw. Ziemiach Odzyskanych. Doda\u0107 nale\u017cy, \u017ce pracowano w atmosferze zagro\u017cenia likwidacj\u0105, poniewa\u017c rozwi\u0105zywane by\u0142y organizacje programowo zwi\u0105zane z obron\u0105 to\u017csamo\u015bci Polak\u00f3w.<\/p>\n<p>Powr\u00f3cono r\u00f3wnie\u017c, ju\u017c w 1945 r., do rozm\u00f3w o fuzji PTT i PTK, kt\u00f3re toczy\u0142y si\u0119 w atmosferze ostrej transformacji ustrojowej i sytuacji zakus\u00f3w odebrania wielopokoleniowego dorobku Towarzystw oraz pozbawienia mo\u017cliwo\u015bci obs\u0142ugiwania ruch turystycznego. Alternatyw\u0105 mia\u0142a by\u0107 organizacja turystyczno-krajoznawcza wzorowana na organizacjach radzieckich. Stawka tych rozm\u00f3w by\u0142a wi\u0119c ogromna. Nie wszyscy rozumieli sytuacj\u0119 uwa\u017caj\u0105c, i\u017c fuzja odb\u0119dzie si\u0119 pod przymusem. Zapomniano, \u017ce pomys\u0142 narodzi\u0142 si\u0119 w XX-leciu i by\u0142 bliski realizacji. Wojna nerw\u00f3w i \u201ewp\u0142yw\u00f3w\u201d trwa\u0142a d\u0142ugo, a\u017c do roku 1950, kiedy na Zje\u017adzie Po\u0142\u0105czeniowym, w dniu 17 grudnia 1906 roku powsta\u0142o Polskie Towarzystwo Turystyczno-Krajoznawcze.<\/p>\n<p>Pierwszy okres dzia\u0142alno\u015bci PTTK przypada na lata twardego stalinizmu w\u00a0Polsce. Projektuj\u0105c nowe dzia\u0142ania, starano si\u0119 realizowa\u0107 w praktyce za\u0142o\u017cenia pa\u0144stwa robotnik\u00f3w i ch\u0142op\u00f3w. Dobrym przyk\u0142adem by\u0142 program zorganizowania, jako sta\u0142ego elementu \u017cycia polskiej wsi, wiejskiej turystyki \u2013 pokazywania ch\u0142opom Polski. Jednak ideologiczni programi\u015bci nie wzi\u0119li pod uwag\u0119 kalendarza prac rolnych, wi\u0119c mimo zaanga\u017cowania du\u017cych si\u0142 i \u015brodk\u00f3w wyniki by\u0142y raczej papierowe. Natomiast tradycyjnie propa\u0144stwowe i spo\u0142ecznie nastawione \u015brodowiska PTTK wzi\u0119\u0142y udzia\u0142, z prawdziwym zaanga\u017cowaniem, w wielkiej akcji walki z analfabetyzmem.<\/p>\n<p>Obok spektakularnych dzia\u0142a\u0144 toczy\u0142a si\u0119 spokojna, wypr\u00f3bowana do\u015bwiadczeniem praca.<\/p>\n<p>Pozostaje jeszcze doda\u0107, \u017ce program PTTK zosta\u0142 znacz\u0105co wzbogacony o nowe specjalno\u015bci turystyki kwalifikowanej, kiedy kadra z likwidowanych zwi\u0105zk\u00f3w i klub\u00f3w sportowych wesz\u0142a do Towarzystwa.<\/p>\n<p>Dzi\u015b PTTK ma 70 lat, przetrwa\u0142o do\u015bwiadczenia wielu przemian politycznych, trudno\u015bci gospodarczych, wreszcie transformacji i trwa staraj\u0105c si\u0119 <em>nie da\u0107 zasn\u0105\u0107 duszy narodu<\/em>. Modyfikuje programy dostosowuj\u0105c je do wszystkich grup wiekowych i\u00a0\u015brodowisk. Jest obecne w wielu p\u0142aszczyznach \u017cycia spo\u0142ecznego, co nie jest \u0142atwe, bo w\u00a0czasach swoich protoplast\u00f3w liczba cz\u0142onk\u00f3w to tysi\u0105ce, a obecnie dziesi\u0105tki tysi\u0119cy bardzo wymagaj\u0105cych odbiorc\u00f3w propozycji programowych, kt\u00f3re si\u0119gaj\u0105 tak\u017ce poza granice kraju, ucz\u0105c, \u017ce pi\u0119kno jest blisko tylko trzeba uwa\u017cnie patrze\u0107, trzeba go szuka\u0107\u2026<\/p>\n<p>Bogactwo do\u015bwiadcze\u0144 i dokona\u0144 minionego czasu jest baz\u0105 intelektualn\u0105 i\u00a0metodologiczn\u0105 dla wsp\u00f3\u0142czesnej dzia\u0142alno\u015bci. M\u0142odzi ludzie, odkrywaj\u0105c \u015bwiat proponuj\u0105 w\u0142asne drogi, bywa, i\u017c ze zdumieniem dowiaduj\u0105 si\u0119, \u017ce to ju\u017c by\u0142o \u2013 czasem nawet przed 100-u laty, tylko zagubi\u0142o si\u0119 w trudno\u015bciach i ludzkiej niepami\u0119ci. Dlatego planuj\u0105c przysz\u0142o\u015b\u0107 pod dumnym has\u0142em innowacyjno\u015bci, warto zna\u0107 histori\u0119 dziedziny, kt\u00f3r\u0105 si\u0119 zajmujemy.<\/p>\n<p>Wanda Skowron<\/p>\n<p>Warszawa, wrzesie\u0144 2019 r.<\/p>\n<p><a href=\"https:\/\/turysta2.pttk.pl\/wp-content\/uploads\/2020\/09\/odznaka-70-pttk.png\"><img loading=\"lazy\" decoding=\"async\" class=\"alignnone wp-image-25855\" src=\"https:\/\/turysta2.pttk.pl\/wp-content\/uploads\/2020\/09\/odznaka-70-pttk-300x285.png\" alt=\"\" width=\"108\" height=\"102\" srcset=\"https:\/\/turysta2.pttk.pl\/wp-content\/uploads\/2020\/09\/odznaka-70-pttk-300x285.png 300w, https:\/\/turysta2.pttk.pl\/wp-content\/uploads\/2020\/09\/odznaka-70-pttk-1024x972.png 1024w, https:\/\/turysta2.pttk.pl\/wp-content\/uploads\/2020\/09\/odznaka-70-pttk-768x729.png 768w, https:\/\/turysta2.pttk.pl\/wp-content\/uploads\/2020\/09\/odznaka-70-pttk-1536x1458.png 1536w, https:\/\/turysta2.pttk.pl\/wp-content\/uploads\/2020\/09\/odznaka-70-pttk-2048x1944.png 2048w\" sizes=\"auto, (max-width: 108px) 100vw, 108px\" \/><\/a><\/p>\n<p style=\"text-align: center;\"><strong>COVID-19 zweryfikowa\u0142 nasze plany...<\/strong><\/p>\n<p>Chc\u0105c zaakcentowa\u0107 ten kamienny jubileusz, planowali\u015bmy przeprowadzenie w\u00a0go\u015bcinnych progach Centrum Olimpijskiego gali, kt\u00f3ra u\u015bwietni\u0142aby t\u0119 rocznic\u0119. Jednak\u017ce ze wzgl\u0119d\u00f3w bezpiecze\u0144stwa zdrowotnego uczestnik\u00f3w oraz finansowego Towarzystwa, zaistnia\u0142a konieczno\u015b\u0107 zrewidowania planu organizacji tego spotkania. Obecnie, korzystaj\u0105c ze zdobyczy wsp\u00f3\u0142czesnej techniki, przygotowujemy si\u0119 do przeprowadzenia tego wydarzenia w formie <em>on-line<\/em>. Liczymy na to, \u017ce z uwagi na nieograniczon\u0105 dost\u0119pno\u015b\u0107, we\u017amie w nim udzia\u0142 o wiele wi\u0119cej zainteresowanych, ni\u017c mog\u0142aby pomie\u015bci\u0107 sala konferencyjna Centrum Olimpijskiego. Dlatego ju\u017c teraz zach\u0119camy do \u015bledzenia informacji o wydarzeniach zwi\u0105zanych z rocznic\u0105, sukcesywnie zamieszczanych na dedykowanej stronie: <a href=\"http:\/\/70lat.pttk.pl\/\">http:\/\/70lat.pttk.pl\/<\/a> oraz na FB PTTK.<\/p>\n<p>Wsp\u00f3lnie z samorz\u0105dem wojew\u00f3dztwa \u015bwi\u0119tokrzyskiego w dniach 23-25 pa\u017adziernika zostanie zorganizowane wydarzenie centralne. Nasz jubileusz \u015bwi\u0119towa\u0107 b\u0119dziemy w Muzeum Archeologicznym \u201eKrzemionki Opatowskie\u201d w miejscowo\u015bci Sud\u00f3\u0142. Poza cz\u0119\u015bci\u0105 oficjaln\u0105, 24 pa\u017adziernika zaplanowana zosta\u0142a tak\u017ce cze\u015b\u0107 turystyczna, na kt\u00f3r\u0105 zainteresowanych nocnym w\u0119drowaniem serdecznie zapraszamy. Niestety z powodu obostrze\u0144 zwi\u0105zanych z pandemi\u0105, zostali\u015bmy zmuszeni do ograniczenia liczby uczestnik\u00f3w spotkania. Wi\u0119cej informacji w zak\u0142adce <a href=\"http:\/\/70lat.pttk.pl\/\">http:\/\/70lat.pttk.pl\/<\/a>.<\/p>\n<p>Dzia\u0142acze oraz wszyscy sympatycy PTTK, na podstawie ustanowionej przez ZG PTTK uchwa\u0142y 111\/XIX\/2020, mog\u0105 ju\u017c teraz zdoby\u0107 Odznak\u0119 Jubileuszow\u0105 \u201e70 lat poznajemy Polsk\u0119 z PTTK\u201d, kt\u00f3ra z pewno\u015bci\u0105 b\u0119dzie mi\u0142ym wspomnieniem tego czasu.<\/p>\n<p>Trwa\u0142ym i widocznym na lata znakiem obchod\u00f3w jubileuszu 70-lecia PTTK, stan\u0105 si\u0119 tzw. Drzewa Dziedzictwa, kt\u00f3re zostan\u0105 posadzone podczas VII Mi\u0119dzypokoleniowej Sztafety Turystycznej pod has\u0142em \u201eSadzimy drzewa dla przysz\u0142ych pokole\u0144\u201d. Podarowane przez Lasy Pa\u0144stwowe sadzonki symbolicznych 70 drzew, zostan\u0105 zasadzone na terenie ca\u0142ej Polski przez jednostki PTTK: Oddzia\u0142y, Ko\u0142a, Kluby, SKKT, sp\u00f3\u0142ki i obiekty noclegowe, afiliowane o\u015brodki je\u017adzieckie. \u00a0W nawi\u0105zaniu do r\u00f3\u017cnorodno\u015bci naszego Towarzystwa, b\u0119d\u0105 to drzewka r\u00f3\u017cnych gatunk\u00f3w. Ka\u017cde z\u00a0nich otrzyma pami\u0105tkow\u0105 tabliczk\u0119, nawi\u0105zuj\u0105c\u0105 do tego wydarzenia. Nasadzenia w\u00a0wi\u0119kszych lub mniejszych (z uwagi na pandemi\u0119) delegacyjnych grupach, odb\u0119d\u0105 si\u0119 w terminach oscyluj\u0105cych wok\u00f3\u0142 \u015awiatowego Dnia Turystyki, tj. 27 wrze\u015bnia.<\/p>\n<p>Wszystkim osobom, kt\u00f3re zg\u0142osi\u0142y sw\u00f3j akces i\u00a0wzi\u0119\u0142y na swoje barki trud organizacji tego wydarzenia, jeste\u015bmy bardzo wdzi\u0119czni za ch\u0119\u0107 przypomnienia na swoim terenie o istnieniu PTTK. Mamy nadzieje, \u017c\u0119 pod czujnym okiem dzia\u0142aczy i\u00a0sympatyk\u00f3w Towarzystwa, drzewka b\u0119d\u0105 swobodnie i\u00a0bezpiecznie ros\u0142y, przynosz\u0105c tlen dla \u015brodowiska, schronienie dla ptak\u00f3w i cie\u0144 dla wypoczywaj\u0105cych pod nimi, jak r\u00f3wnie\u017c b\u0119d\u0105 stanowi\u0107 wspomnienie tego jubileuszowego roku. Mimo, \u017ce umiejscowione zostan\u0105 na r\u00f3\u017cnych terenach, b\u0119d\u0105 za sob\u0105 po\u0142\u0105czone nie tylko wsp\u00f3ln\u0105 ide\u0105, lecz tak\u017ce odwiedzinami turyst\u00f3w, kt\u00f3rzy poprzez udost\u0119pnienie lokalizacji GPS miejsc nasadze\u0144 b\u0119d\u0105 mogli je odnale\u017a\u0107 i zdoby\u0107 odznak\u0119, kt\u00f3rej powstanie planujemy w\u00a0niedalekiej przysz\u0142o\u015bci. Mimo i\u017c wszystkie drzewa, kt\u00f3re otrzymali\u015bmy w prezencie od Las\u00f3w Pa\u0144stwowych zosta\u0142y ju\u017c rozdysponowane, zach\u0119camy do przy\u0142\u0105czenia si\u0119 do akcji \u201eSadzenia drzew dla przysz\u0142ych pokole\u0144\u201d i zasadzenia swojego drzewa. Je\u015bli informacja o takim nasadzeniu z\u00a0lokalizacj\u0105 GPS zostanie przes\u0142ana do biura ZG PTTK, naniesiemy j\u0105 na map\u0119, jako drzewo stowarzyszone z akcj\u0105 upami\u0119tniaj\u0105c\u0105 70-lecie PTTK. Tabliczk\u0119 informacyjn\u0105 b\u0119dzie mo\u017cna pobra\u0107 ze strony <a href=\"http:\/\/70lat.pttk.pl\/\">http:\/\/70lat.pttk.pl\/<\/a> .<\/p>\n<p>Z uwagi na r\u00f3\u017cnorodno\u015b\u0107 Naszego Towarzystwa zach\u0119camy r\u00f3wnie\u017c do aktywnego lokalnego w\u0142\u0105czenia si\u0119 wszystkich jednostek PTTK w \u015bwi\u0119towanie tego jubileuszu pod has\u0142em: \u201eR\u00f3\u017cni nas wiele, a \u0142\u0105czy jedno \u2013 moje Towarzystwo\u201d. Je\u015bli relacje z tych wydarze\u0144 zostan\u0105 przez Was przes\u0142ane na adres <a href=\"mailto:promocja@pttk.pl\">promocja@pttk.pl<\/a>, postaramy si\u0119 je w atrakcyjnej formie upubliczni\u0107, aby osoby, kt\u00f3re wahaj\u0105 si\u0119 w kwestii decyzji o\u00a0wst\u0105pieniu w szeregi cz\u0142onk\u00f3w, a nast\u0119pnie dzia\u0142aczy Towarzystwa, nabra\u0142y odwagi i\u00a0zosta\u0142y zach\u0119cone do rozpocz\u0119cia swojej przygody z\u00a0Polskim Towarzystwem Turystyczno-Krajoznawczym.<\/p>\n<p>Joanna Ko\u015bnik, kierownik Dzia\u0142u promocyjno-programowego ZG PTTK<\/p>\n","protected":false},"excerpt":{"rendered":"W grudniu 2020 roku, Polskie Towarzystwo Turystyczno-Krajoznawcze obchodzi siedemdziesi\u0105t\u0105 rocznic\u0119 po\u0142\u0105czenia Polskiego Towarzystwa Tatrza\u0144skiego z Polskim Towarzystwem Krajoznawczym. W tej okazji, zach\u0119camy do przypomnienia sobie pocz\u0105tk\u00f3w jego dzia\u0142alno\u015bci, poprzez zag\u0142\u0119bienie si\u0119 w lekturze artyku\u0142u Wandy Skowron, by\u0142ej wieloletniej przewodnicz\u0105cej Komisji Historii i Tradycji ZG PTTK oraz informacji przygotowanej przez Joann\u0119 Ko\u015bnik, kierownika Dzia\u0142u promocyjno-programowego ZG PTTK. &nbsp; &nbsp;","protected":false},"author":5,"featured_media":25855,"comment_status":"closed","ping_status":"closed","sticky":false,"template":"","format":"gallery","meta":{"footnotes":""},"categories":[94],"tags":[],"class_list":["post-25569","post","type-post","status-publish","format-gallery","has-post-thumbnail","hentry","category-pttk-zaprasza","post_format-post-format-gallery","cat-94-id"],"aioseo_notices":[],"_links":{"self":[{"href":"https:\/\/turysta2.pttk.pl\/index.php?rest_route=\/wp\/v2\/posts\/25569","targetHints":{"allow":["GET"]}}],"collection":[{"href":"https:\/\/turysta2.pttk.pl\/index.php?rest_route=\/wp\/v2\/posts"}],"about":[{"href":"https:\/\/turysta2.pttk.pl\/index.php?rest_route=\/wp\/v2\/types\/post"}],"author":[{"embeddable":true,"href":"https:\/\/turysta2.pttk.pl\/index.php?rest_route=\/wp\/v2\/users\/5"}],"replies":[{"embeddable":true,"href":"https:\/\/turysta2.pttk.pl\/index.php?rest_route=%2Fwp%2Fv2%2Fcomments&post=25569"}],"version-history":[{"count":15,"href":"https:\/\/turysta2.pttk.pl\/index.php?rest_route=\/wp\/v2\/posts\/25569\/revisions"}],"predecessor-version":[{"id":26248,"href":"https:\/\/turysta2.pttk.pl\/index.php?rest_route=\/wp\/v2\/posts\/25569\/revisions\/26248"}],"wp:featuredmedia":[{"embeddable":true,"href":"https:\/\/turysta2.pttk.pl\/index.php?rest_route=\/wp\/v2\/media\/25855"}],"wp:attachment":[{"href":"https:\/\/turysta2.pttk.pl\/index.php?rest_route=%2Fwp%2Fv2%2Fmedia&parent=25569"}],"wp:term":[{"taxonomy":"category","embeddable":true,"href":"https:\/\/turysta2.pttk.pl\/index.php?rest_route=%2Fwp%2Fv2%2Fcategories&post=25569"},{"taxonomy":"post_tag","embeddable":true,"href":"https:\/\/turysta2.pttk.pl\/index.php?rest_route=%2Fwp%2Fv2%2Ftags&post=25569"}],"curies":[{"name":"wp","href":"https:\/\/api.w.org\/{rel}","templated":true}]}}