{"id":25558,"date":"2020-09-14T12:03:05","date_gmt":"2020-09-14T10:03:05","guid":{"rendered":"https:\/\/turysta2.pttk.pl\/?p=25558"},"modified":"2020-09-22T14:21:15","modified_gmt":"2020-09-22T12:21:15","slug":"centralny-zlot-mlodziezy-pttk-palmiry","status":"publish","type":"post","link":"https:\/\/turysta2.pttk.pl\/?p=25558","title":{"rendered":"Centralny Zlot M\u0142odzie\u017cy PTTK \u201ePalmiry\u201d"},"content":{"rendered":"<p><strong>Drodzy M\u0142odzi Przyjaciele!<\/strong><\/p>\n<p><strong>Wkraczacie na trasy 60. Centralnego Zlotu M\u0142odzie\u017cy \u201ePALMIRY 2020\u201d. Zawsze naszym zamiarem jest przypomnienie tych mniej znanych fragment\u00f3w historii os\u00f3b, czasem ju\u017c zapomnianych, zwi\u0105zanych z ca\u0142ym okresem walki Polak\u00f3w o wolno\u015bci niepodleg\u0142o\u015b\u0107. Jak co roku,zach\u0119camy Was tak\u017ce do podziwiania pi\u0119kna Puszczy Kampinoskiej, do jej poznania i pokochania, a w konsekwencji do aktywno\u015bci w ochronie przyrody.<\/strong><\/p>\n<pre>lipiec-wrzesie\u0144\/3(3)2020<\/pre>\n<p>Na trasach spotkamy si\u0119 w gronie kilku pokole\u0144 turyst\u00f3w. To jedno z niewielu miejsc, jednocz\u0105cych \u201edinozaur\u00f3w\u201d i \u201emaluchy\u201d, wytrawnych turyst\u00f3w,do\u015bwiadczonych harcerzy, ale i niedzielnych w\u0119drowc\u00f3w. Wszyscy chc\u0105 tu by\u0107, spotka\u0107 znajomych, zobaczy\u0107, prze\u017cy\u0107... Tu historia przeplata si\u0119 z przygod\u0105, rekreacja z wyczynem, a rado\u015b\u0107 z nostalgicznymi wspomnieniami.Wszyscy ruszymy kr\u0119tymi szlakami, kt\u00f3rymi przed nami przechodzi\u0142a Historia. Pochylimy si\u0119 przy bezimiennych mogi\u0142ach i tablicach ku czci bohater\u00f3w. Sk\u0142onimy si\u0119 przed pomnikami przyrody oraz zabytkami dalszej i bli\u017cszej historii.<!--more--><\/p>\n<p>Staj\u0105c wsp\u00f3lnie wok\u00f3\u0142 ogniska na polanie w Pociesze,czy na zbi\u00f3rce pod Krzy\u017cem Powsta\u0144czych Oddzia\u0142\u00f3w Specjalnych \u201eJerzyki\u201d, maszeruj\u0105c Palmirsk\u0105 Drog\u0105 \u015amierci,czy uczestnicz\u0105c w Apelu Pami\u0119ci na cmentarzu-mauzoleum w Palmirach, wspomnimy nie tylko tych, kt\u00f3rzy przed laty oddali swoje \u017cycie w walce lub cierpieniu. B\u0119dziemy te\u017c wspomina\u0107 nasze starsze Kole\u017canki i starszych Koleg\u00f3w, wsp\u00f3\u0142tw\u00f3rc\u00f3w programu i organizator\u00f3w kolejnych Zlot\u00f3w oraz tych, kt\u00f3rzy odeszli na wieczn\u0105 w\u0119dr\u00f3wk\u0119 po niebieskich szlakach.I kiedy ju\u017c przebrzmi salwa honorowa, odmaszeruj\u0105 sztandary, przygasn\u0105 pochodnie i reflektory \u2013 zatrzymajmy si\u0119 jeszcze na chwil\u0119 zadumy. Pomy\u015blmy, jak \u017cy\u0107, jak dzia\u0142a\u0107 \u2013 by tego wielkiego daru przodk\u00f3w, jakim jest Polska, nie zmarnowa\u0107...<\/p>\n<p>Polskie Towarzystwo Turystyczno-Krajoznawczeod 70 lat ,bazuj\u0105c na spu\u015bci\u017anie poprzednik\u00f3w, ju\u017c od ponad 140 lat stara si\u0119 organizowa\u0107 imprezy turystyczne w harmonii z przyrod\u0105, odpowiadaj\u0105c definicji \u201ezr\u00f3wnowa\u017conej turystyki\u201d. R\u00f3wnie\u017c nasz Zlot jest przyk\u0142adem takiej imprezy, organizowanej z uwzgl\u0119dnieniem pojemno\u015bci turystycznej Kampinoskiego Parku Narodowego,w \u015bcis\u0142ej wsp\u00f3\u0142pracy zj ego Dyrekcj\u0105 i Stra\u017c\u0105 Parku. Pami\u0119tajmy o tym wszyscy podczas zlotowej w\u0119dr\u00f3wki.Do zobaczenia na palmirskim szlaku.<\/p>\n<p>Wi\u0119cej informacji:<\/p>\n<p>http:\/\/palmiry.pttk.pl\/start<\/p>\n","protected":false},"excerpt":{"rendered":"Drodzy M\u0142odzi Przyjaciele! Wkraczacie na trasy 60. Centralnego Zlotu M\u0142odzie\u017cy \u201ePALMIRY 2020\u201d. Zawsze naszym zamiarem jest przypomnienie tych mniej znanych fragment\u00f3w historii os\u00f3b, czasem ju\u017c zapomnianych, zwi\u0105zanych z ca\u0142ym okresem walki Polak\u00f3w o wolno\u015bci niepodleg\u0142o\u015b\u0107. Jak co roku,zach\u0119camy Was tak\u017ce do podziwiania pi\u0119kna Puszczy Kampinoskiej, do jej poznania i pokochania, a w konsekwencji do aktywno\u015bci w ochronie przyrody. lipiec-wrzesie\u0144\/3(3)2020 Na&nbsp;<a href=\"https:\/\/turysta2.pttk.pl\/?p=25558\" class=\"read-more\">Continue Reading<\/a>","protected":false},"author":5,"featured_media":25567,"comment_status":"closed","ping_status":"closed","sticky":false,"template":"","format":"gallery","meta":{"footnotes":""},"categories":[93],"tags":[],"class_list":["post-25558","post","type-post","status-publish","format-gallery","has-post-thumbnail","hentry","category-aktualnosci","post_format-post-format-gallery","cat-93-id"],"aioseo_notices":[],"_links":{"self":[{"href":"https:\/\/turysta2.pttk.pl\/index.php?rest_route=\/wp\/v2\/posts\/25558","targetHints":{"allow":["GET"]}}],"collection":[{"href":"https:\/\/turysta2.pttk.pl\/index.php?rest_route=\/wp\/v2\/posts"}],"about":[{"href":"https:\/\/turysta2.pttk.pl\/index.php?rest_route=\/wp\/v2\/types\/post"}],"author":[{"embeddable":true,"href":"https:\/\/turysta2.pttk.pl\/index.php?rest_route=\/wp\/v2\/users\/5"}],"replies":[{"embeddable":true,"href":"https:\/\/turysta2.pttk.pl\/index.php?rest_route=%2Fwp%2Fv2%2Fcomments&post=25558"}],"version-history":[{"count":6,"href":"https:\/\/turysta2.pttk.pl\/index.php?rest_route=\/wp\/v2\/posts\/25558\/revisions"}],"predecessor-version":[{"id":25720,"href":"https:\/\/turysta2.pttk.pl\/index.php?rest_route=\/wp\/v2\/posts\/25558\/revisions\/25720"}],"wp:featuredmedia":[{"embeddable":true,"href":"https:\/\/turysta2.pttk.pl\/index.php?rest_route=\/wp\/v2\/media\/25567"}],"wp:attachment":[{"href":"https:\/\/turysta2.pttk.pl\/index.php?rest_route=%2Fwp%2Fv2%2Fmedia&parent=25558"}],"wp:term":[{"taxonomy":"category","embeddable":true,"href":"https:\/\/turysta2.pttk.pl\/index.php?rest_route=%2Fwp%2Fv2%2Fcategories&post=25558"},{"taxonomy":"post_tag","embeddable":true,"href":"https:\/\/turysta2.pttk.pl\/index.php?rest_route=%2Fwp%2Fv2%2Ftags&post=25558"}],"curies":[{"name":"wp","href":"https:\/\/api.w.org\/{rel}","templated":true}]}}