{"id":25477,"date":"2020-08-10T09:21:06","date_gmt":"2020-08-10T07:21:06","guid":{"rendered":"https:\/\/turysta2.pttk.pl\/?p=25477"},"modified":"2020-08-10T12:34:41","modified_gmt":"2020-08-10T10:34:41","slug":"25477-2","status":"publish","type":"post","link":"https:\/\/turysta2.pttk.pl\/?p=25477","title":{"rendered":"Zmiana terminu 40 Og\u00f3lnopolskiego Zlotu Klub\u00f3w G\u00f3rskich PTTK w Wi\u015ble"},"content":{"rendered":"<p>Pogarszaj\u0105ca si\u0119 z dnia na dzie\u0144 sytuacja pandemiczna w kraju po raz kolejny zmusza\u00a0 Komisj\u0119 Turystyki G\u00f3rskiej, Podkomisj\u0119 Klub\u00f3w, Oddzia\u0142 Pozna\u0144ski PTTK i bezpo\u015bredniego organizatora tegorocznego Zlotu Klub\u00f3w G\u00f3rskich - pozna\u0144skiego Klubu G\u00f3rskiego \u201eGRA\u0143\u201d do podj\u0119cia trudnej, ale jedynej s\u0142usznej decyzji maj\u0105cej na uwadze przede wszystkim bezpiecze\u0144stwo i zdrowie uczestnik\u00f3w jubileuszowego 40 Og\u00f3lnopolskiego Zlotu Klub\u00f3w G\u00f3rskich PTTK w Wi\u015ble - o ponownym, ale koniecznym prze\u0142o\u017ceniu terminu zlotu na:<\/p>\n<p><strong><u>13-16 maja 2021 r<\/u><\/strong><strong>.<\/strong><\/p>\n<p>Wszystkie pozosta\u0142e ustalenia Regulaminu Zlotu i jego harmonogram nie ulegaj\u0105 zmianie. Organizatorzy licz\u0105 na\u00a0 wyrozumia\u0142o\u015b\u0107 wszystkich Kole\u017canek i Koleg\u00f3w oraz akceptacj\u0119 decyzji o kolejnej zmianie terminu zlotu.<\/p>\n<p>W imieniu organizator\u00f3w skontaktuje si\u0119 mailowo ze wszystkimi zg\u0142oszonymi uczestnikami Staszek Dankowski, prezes K.G. \u201eGRA\u0143\u201d i uzgodni wszelkie szczeg\u00f3\u0142y dalszej wsp\u00f3\u0142pracy.<\/p>\n<p>Lista klub\u00f3w, oczekuj\u0105cych organizator\u00f3w naszych kolejnych zlot\u00f3w ulega przesuni\u0119ciu o rok.<\/p>\n<p>&nbsp;<\/p>\n","protected":false},"excerpt":{"rendered":"Pogarszaj\u0105ca si\u0119 z dnia na dzie\u0144 sytuacja pandemiczna w kraju po raz kolejny zmusza\u00a0 Komisj\u0119 Turystyki G\u00f3rskiej, Podkomisj\u0119 Klub\u00f3w, Oddzia\u0142 Pozna\u0144ski PTTK i bezpo\u015bredniego organizatora tegorocznego Zlotu Klub\u00f3w G\u00f3rskich - pozna\u0144skiego Klubu G\u00f3rskiego \u201eGRA\u0143\u201d do podj\u0119cia trudnej, ale jedynej s\u0142usznej decyzji maj\u0105cej na uwadze przede wszystkim bezpiecze\u0144stwo i zdrowie uczestnik\u00f3w jubileuszowego 40 Og\u00f3lnopolskiego Zlotu Klub\u00f3w G\u00f3rskich PTTK w Wi\u015ble -&nbsp;<a href=\"https:\/\/turysta2.pttk.pl\/?p=25477\" class=\"read-more\">Continue Reading<\/a>","protected":false},"author":5,"featured_media":0,"comment_status":"closed","ping_status":"closed","sticky":false,"template":"","format":"standard","meta":{"footnotes":""},"categories":[71],"tags":[],"class_list":["post-25477","post","type-post","status-publish","format-standard","hentry","category-turystyka-gorska","cat-71-id"],"aioseo_notices":[],"_links":{"self":[{"href":"https:\/\/turysta2.pttk.pl\/index.php?rest_route=\/wp\/v2\/posts\/25477","targetHints":{"allow":["GET"]}}],"collection":[{"href":"https:\/\/turysta2.pttk.pl\/index.php?rest_route=\/wp\/v2\/posts"}],"about":[{"href":"https:\/\/turysta2.pttk.pl\/index.php?rest_route=\/wp\/v2\/types\/post"}],"author":[{"embeddable":true,"href":"https:\/\/turysta2.pttk.pl\/index.php?rest_route=\/wp\/v2\/users\/5"}],"replies":[{"embeddable":true,"href":"https:\/\/turysta2.pttk.pl\/index.php?rest_route=%2Fwp%2Fv2%2Fcomments&post=25477"}],"version-history":[{"count":2,"href":"https:\/\/turysta2.pttk.pl\/index.php?rest_route=\/wp\/v2\/posts\/25477\/revisions"}],"predecessor-version":[{"id":25483,"href":"https:\/\/turysta2.pttk.pl\/index.php?rest_route=\/wp\/v2\/posts\/25477\/revisions\/25483"}],"wp:attachment":[{"href":"https:\/\/turysta2.pttk.pl\/index.php?rest_route=%2Fwp%2Fv2%2Fmedia&parent=25477"}],"wp:term":[{"taxonomy":"category","embeddable":true,"href":"https:\/\/turysta2.pttk.pl\/index.php?rest_route=%2Fwp%2Fv2%2Fcategories&post=25477"},{"taxonomy":"post_tag","embeddable":true,"href":"https:\/\/turysta2.pttk.pl\/index.php?rest_route=%2Fwp%2Fv2%2Ftags&post=25477"}],"curies":[{"name":"wp","href":"https:\/\/api.w.org\/{rel}","templated":true}]}}