{"id":25464,"date":"2020-08-10T08:14:22","date_gmt":"2020-08-10T06:14:22","guid":{"rendered":"https:\/\/turysta2.pttk.pl\/?p=25464"},"modified":"2020-10-05T11:13:56","modified_gmt":"2020-10-05T09:13:56","slug":"zarnowskie-splywy-bzura","status":"publish","type":"post","link":"https:\/\/turysta2.pttk.pl\/?p=25464","title":{"rendered":"\u017barnowskie sp\u0142ywy Bzur\u0105"},"content":{"rendered":"<p><a href=\"https:\/\/turysta2.pttk.pl\/wp-content\/uploads\/2020\/08\/109791274_3127889320590282_7172922522910838176_n.jpg\"><img loading=\"lazy\" decoding=\"async\" class=\"alignnone size-medium wp-image-25466\" src=\"https:\/\/turysta2.pttk.pl\/wp-content\/uploads\/2020\/08\/109791274_3127889320590282_7172922522910838176_n-300x225.jpg\" alt=\"\" width=\"300\" height=\"225\" srcset=\"https:\/\/turysta2.pttk.pl\/wp-content\/uploads\/2020\/08\/109791274_3127889320590282_7172922522910838176_n-300x225.jpg 300w, https:\/\/turysta2.pttk.pl\/wp-content\/uploads\/2020\/08\/109791274_3127889320590282_7172922522910838176_n-768x576.jpg 768w, https:\/\/turysta2.pttk.pl\/wp-content\/uploads\/2020\/08\/109791274_3127889320590282_7172922522910838176_n-200x150.jpg 200w, https:\/\/turysta2.pttk.pl\/wp-content\/uploads\/2020\/08\/109791274_3127889320590282_7172922522910838176_n.jpg 960w\" sizes=\"auto, (max-width: 300px) 100vw, 300px\" \/><\/a><a href=\"https:\/\/turysta2.pttk.pl\/wp-content\/uploads\/2020\/08\/109791274_3127889320590282_7172922522910838176_n.jpg\"><img loading=\"lazy\" decoding=\"async\" class=\"alignnone size-medium wp-image-25466\" src=\"https:\/\/turysta2.pttk.pl\/wp-content\/uploads\/2020\/08\/109791274_3127889320590282_7172922522910838176_n-300x225.jpg\" alt=\"\" width=\"300\" height=\"225\" srcset=\"https:\/\/turysta2.pttk.pl\/wp-content\/uploads\/2020\/08\/109791274_3127889320590282_7172922522910838176_n-300x225.jpg 300w, https:\/\/turysta2.pttk.pl\/wp-content\/uploads\/2020\/08\/109791274_3127889320590282_7172922522910838176_n-768x576.jpg 768w, https:\/\/turysta2.pttk.pl\/wp-content\/uploads\/2020\/08\/109791274_3127889320590282_7172922522910838176_n-200x150.jpg 200w, https:\/\/turysta2.pttk.pl\/wp-content\/uploads\/2020\/08\/109791274_3127889320590282_7172922522910838176_n.jpg 960w\" sizes=\"auto, (max-width: 300px) 100vw, 300px\" \/><\/a><\/p>\n<p>Bzura jest lewym dop\u0142ywem Wis\u0142y o d\u0142ugo\u015bci 166 km. Wyp\u0142ywa ze \u017ar\u00f3de\u0142 znajduj\u0105cych si\u0119 w Lesie \u0141agiewnickim na terenie \u0141odzi i wp\u0142ywa do Wis\u0142y w okolicach wsi Kamion, naprzeciwko Wyszogrodu.<\/p>\n<pre>lipiec-wrzesie\u0144\/3(3)2020<\/pre>\n<p>Pierwszy sp\u0142yw Bzur\u0105 organizowany przez PTTK \u017barn\u00f3w, odby\u0142 si\u0119 w dniu 10 sierpnia 2019 r. i wi\u00f3d\u0142 z Urzecza do \u0141owicza. Na\u00a0 trasie o d\u0142ugo\u015bci 15 km p\u0142yn\u0119\u0142y w\u00f3wczas 24 osoby. Zdaniem uczestnik\u00f3w, by\u0142 to jeden\u00a0 z najpi\u0119kniejszych szlak\u00f3w wodnych, ze wzgl\u0119du na urocz\u0105 przyrod\u0119. W bie\u017c\u0105cym roku kontynuowali\u015bmy przygod\u0119 z Bzur\u0105 i nasi tury\u015bci mieli okazj\u0119 trzykrotnie p\u0142yn\u0105\u0107 t\u0105 rzek\u0105. Kolejny \u017carnowski sp\u0142yw Bzur\u0105, zrealizowany zosta\u0142 21 czerwca z \u0141owicza do miejscowo\u015bci Patoki, przy udziale 16 naszych kajakarzy.<\/p>\n<p>Pocz\u0105tkowo rzeka na tym etapie by\u0142a uregulowana, p\u00f3\u017aniej bardziej naturalna przyrodniczo. Nast\u0119pny sp\u0142yw\u00a0 zgromadzi\u0142 22 kajakarzy, kt\u00f3rzy 19 lipca br. przep\u0142yn\u0119li 23 km z miejscowo\u015bci Janowice do Sochaczewa. Najwi\u0119cej emocji dostarczy\u0142o kajakarzom miejsce, w kt\u00f3rym Rawka w spos\u00f3b gwa\u0142towny\u00a0 wpada do Bzury, co w efekcie stwarza sytuacj\u0119 gro\u017c\u0105c\u0105 wywrotk\u0105 kajaka. Na szcz\u0119\u015bcie oby\u0142o si\u0119 bez takich atrakcji. Pozosta\u0142a cz\u0119\u015b\u0107 trasy do Sochaczewa, prowadzi\u0142a przez Koz\u0142\u00f3w Szlachecki i Koz\u0142\u00f3w Biskupi oraz Dachow\u0105. L\u0105dowali\u015bmy za drugim mostem drogowym w Sochaczewie, widz\u0105c po prawej stronie rzeki panoram\u0119 miasta z g\u00f3ruj\u0105cym zamkiem , a w\u0142a\u015bciwie ruinami zamku ksi\u0105\u017c\u0105t mazowieckich. Gr\u00f3d ten wzniesiono przy dawnym szlaku handlowym i przeprawie przez Bzur\u0119.<\/p>\n<p>Siedziba kasztelanii i stolica ziemi sochaczewskiej w wojew\u00f3dztwie mazowieckim, uzyska\u0142a prawa miejskie w 1368 roku. Miasta nie oszcz\u0119dza\u0142y kolejne zawieruchy wojenne, a we wrze\u015bniu 1939 r. w ci\u0105gu 4 dni Sochaczew leg\u0142 w gruzach. W dawnym ratuszu w centrum miasta, znalaz\u0142o sw\u0105 siedzib\u0119 Muzeum Ziemi Sochaczewskiej i Pola Bitwy nad Bzur\u0105, gdzie znajdziemy min. zdj\u0119cia zniszczonego przez hitlerowc\u00f3w w czasie II wojny \u015bwiatowej Sochaczewa.<\/p>\n<p>Ostatni \u017carnowski sp\u0142yw Bzur\u0105, mia\u0142 miejsce w sobot\u0119 1 sierpnia br. Tym razem 19 os\u00f3b p\u0142yn\u0119\u0142o Bzur\u0105 do Witkowic, a cz\u0119\u015b\u0107 grupy zdecydowa\u0142o si\u0119 na zako\u0144czenie w Kamionie. By\u0142 te\u017c wsp\u00f3lny d\u0142u\u017cszy post\u00f3j na terenie portu Bzura w Plecewicach . Po 18 km sp\u0142ywu w Witkowicach, przy mo\u015bcie przerzuconym przez rzek\u0119 zobaczy\u0107 by\u0142o mo\u017cna pomnik nawi\u0105zuj\u0105cy do wydarze\u0144 z Bitwy nad Bzur\u0105. \u00a0O most toczy\u0142y si\u0119 we wrze\u015bniu 1939 r. zaci\u0119te boje, bowiem t\u0119dy przeprawia\u0142y si\u0119 wojska gen. T. Kutrzeby kieruj\u0105c si\u0119 w stron\u0119 Puszczy Kampinoskiej i Warszawy. Sp\u0142ywy Bzur\u0105 da\u0142y uczestnikom mo\u017cliwo\u015b\u0107 zobaczenia i poznania miejsc niedost\u0119pnych z l\u0105du. Mogli\u015bmy zachwyca\u0107 si\u0119 pi\u0119knem przyrody i \u015bpiewem ptak\u00f3w, odpoczywaj\u0105c na wodzie od trosk \u017cycia codziennego.<\/p>\n<p>W\u0142odzimierz Szafi\u0144ski<\/p>\n<p>&nbsp;<\/p>\n","protected":false},"excerpt":{"rendered":"Bzura jest lewym dop\u0142ywem Wis\u0142y o d\u0142ugo\u015bci 166 km. Wyp\u0142ywa ze \u017ar\u00f3de\u0142 znajduj\u0105cych si\u0119 w Lesie \u0141agiewnickim na terenie \u0141odzi i wp\u0142ywa do Wis\u0142y w okolicach wsi Kamion, naprzeciwko Wyszogrodu. lipiec-wrzesie\u0144\/3(3)2020 Pierwszy sp\u0142yw Bzur\u0105 organizowany przez PTTK \u017barn\u00f3w, odby\u0142 si\u0119 w dniu 10 sierpnia 2019 r. i wi\u00f3d\u0142 z Urzecza do \u0141owicza. Na\u00a0 trasie o d\u0142ugo\u015bci 15 km p\u0142yn\u0119\u0142y w\u00f3wczas&nbsp;<a href=\"https:\/\/turysta2.pttk.pl\/?p=25464\" class=\"read-more\">Continue Reading<\/a>","protected":false},"author":5,"featured_media":25466,"comment_status":"closed","ping_status":"closed","sticky":false,"template":"","format":"gallery","meta":{"footnotes":""},"categories":[1,70],"tags":[],"class_list":["post-25464","post","type-post","status-publish","format-gallery","has-post-thumbnail","hentry","category-bez-kategorii","category-turystyka-wodna","post_format-post-format-gallery","cat-1-id","cat-70-id"],"aioseo_notices":[],"_links":{"self":[{"href":"https:\/\/turysta2.pttk.pl\/index.php?rest_route=\/wp\/v2\/posts\/25464","targetHints":{"allow":["GET"]}}],"collection":[{"href":"https:\/\/turysta2.pttk.pl\/index.php?rest_route=\/wp\/v2\/posts"}],"about":[{"href":"https:\/\/turysta2.pttk.pl\/index.php?rest_route=\/wp\/v2\/types\/post"}],"author":[{"embeddable":true,"href":"https:\/\/turysta2.pttk.pl\/index.php?rest_route=\/wp\/v2\/users\/5"}],"replies":[{"embeddable":true,"href":"https:\/\/turysta2.pttk.pl\/index.php?rest_route=%2Fwp%2Fv2%2Fcomments&post=25464"}],"version-history":[{"count":9,"href":"https:\/\/turysta2.pttk.pl\/index.php?rest_route=\/wp\/v2\/posts\/25464\/revisions"}],"predecessor-version":[{"id":26012,"href":"https:\/\/turysta2.pttk.pl\/index.php?rest_route=\/wp\/v2\/posts\/25464\/revisions\/26012"}],"wp:featuredmedia":[{"embeddable":true,"href":"https:\/\/turysta2.pttk.pl\/index.php?rest_route=\/wp\/v2\/media\/25466"}],"wp:attachment":[{"href":"https:\/\/turysta2.pttk.pl\/index.php?rest_route=%2Fwp%2Fv2%2Fmedia&parent=25464"}],"wp:term":[{"taxonomy":"category","embeddable":true,"href":"https:\/\/turysta2.pttk.pl\/index.php?rest_route=%2Fwp%2Fv2%2Fcategories&post=25464"},{"taxonomy":"post_tag","embeddable":true,"href":"https:\/\/turysta2.pttk.pl\/index.php?rest_route=%2Fwp%2Fv2%2Ftags&post=25464"}],"curies":[{"name":"wp","href":"https:\/\/api.w.org\/{rel}","templated":true}]}}