{"id":25410,"date":"2020-07-29T10:44:30","date_gmt":"2020-07-29T08:44:30","guid":{"rendered":"https:\/\/turysta2.pttk.pl\/?p=25410"},"modified":"2020-07-30T09:12:48","modified_gmt":"2020-07-30T07:12:48","slug":"ekslibrisy-krajoznawcze","status":"publish","type":"post","link":"https:\/\/turysta2.pttk.pl\/?p=25410","title":{"rendered":"Ekslibrisy krajoznawcze"},"content":{"rendered":"<p><a href=\"https:\/\/turysta2.pttk.pl\/wp-content\/uploads\/2020\/07\/10-lat-wydawnictwa-PTTK-Kraj.jpg\"><img loading=\"lazy\" decoding=\"async\" class=\"alignnone wp-image-25415\" src=\"https:\/\/turysta2.pttk.pl\/wp-content\/uploads\/2020\/07\/10-lat-wydawnictwa-PTTK-Kraj-212x300.jpg\" alt=\"\" width=\"471\" height=\"667\" srcset=\"https:\/\/turysta2.pttk.pl\/wp-content\/uploads\/2020\/07\/10-lat-wydawnictwa-PTTK-Kraj-212x300.jpg 212w, https:\/\/turysta2.pttk.pl\/wp-content\/uploads\/2020\/07\/10-lat-wydawnictwa-PTTK-Kraj-722x1024.jpg 722w, https:\/\/turysta2.pttk.pl\/wp-content\/uploads\/2020\/07\/10-lat-wydawnictwa-PTTK-Kraj-768x1089.jpg 768w, https:\/\/turysta2.pttk.pl\/wp-content\/uploads\/2020\/07\/10-lat-wydawnictwa-PTTK-Kraj-1083x1536.jpg 1083w, https:\/\/turysta2.pttk.pl\/wp-content\/uploads\/2020\/07\/10-lat-wydawnictwa-PTTK-Kraj.jpg 1394w\" sizes=\"auto, (max-width: 471px) 100vw, 471px\" \/><\/a><a href=\"https:\/\/turysta2.pttk.pl\/wp-content\/uploads\/2020\/07\/10-lat-wydawnictwa-PTTK-Kraj.tif\"><img loading=\"lazy\" decoding=\"async\" class=\"alignnone size-medium wp-image-25412\" src=\"https:\/\/turysta2.pttk.pl\/wp-content\/uploads\/2020\/07\/10-lat-wydawnictwa-PTTK-Kraj.tif\" alt=\"\" width=\"1\" height=\"1\" \/><\/a><\/p>\n<pre>lipiec-wrzesie\u0144\/3(3)2020<\/pre>\n<p>Ekslibris to znak w\u0142asno\u015bciowy ksi\u0105\u017cki. Jest to niewielka karteczka, wklejana do dzie\u0142a po wewn\u0119trznej stronie ok\u0142adki, maj\u0105ca na celu udokumentowanie przynale\u017cno\u015bci egzemplarza do ksi\u0119gozbioru, zabezpieczenie przed utrat\u0105 czy zagubieniem ksi\u0105\u017cki, nierzadko r\u00f3wnie\u017c ma posiada\u0107 magiczne znaczenie. Opr\u00f3cz s\u0142\u00f3w \u201eex libris\u201d, co z \u0142aciny oznacza \u201ez ksi\u0105\u017cek\u201d, \u201ez ksi\u0119gozbioru\u201d \u00a0posiada on imi\u0119 i\u00a0nazwisko posiadacza biblioteki lub nazw\u0119 instytucji.<\/p>\n<p>Nierzadko podnosi walory estetyczne ksi\u0105\u017cki, nobilituje jej w\u0142a\u015bciciela, jest traktowany jako dow\u00f3d erudycji i szlachetno\u015bci posiadacza ksi\u0119gozbioru, swoisty herb kulturalnego cz\u0142owieka. Poprzez wielokrotnie powtarzanie imienia i nazwiska posiadacza ksi\u0119gozbioru daje mu tak\u017ce poczucie wzrostu znaczenia, osobowo\u015bci, manifestuje jego autonomi\u0119 ale i integralno\u015b\u0107 \u2013 warto\u015bci dzi\u015b zagro\u017cone.<\/p>\n<p>To tak\u017ce miniaturowe dzie\u0142o sztuki. Ekslibris ma wielowiekow\u0105 tradycj\u0119, znany jest od \u015bredniowiecza, a w Polsce od 1516 r.\u00a0 Pocz\u0105tkowo mia\u0142 form\u0119 heraldyczn\u0105 z elementami herbu, wzbogacon\u0105 rysunkami alegorycznymi, sentencjami, dewizami. Potem motywem by\u0142a ksi\u0105\u017cka, kaganek, g\u0119sie pi\u00f3ro z\u00a0ka\u0142amarzem,\u00a0czy\u00a0sowa.<\/p>\n<p>Ekslibris budzi\u0142by niewielkie lub \u017cadne zainteresowanie, gdyby nie rysunek, obrazuj\u0105cy cechy posiadacza ekslibrisu lub charakteryzuj\u0105cy zbi\u00f3r ksi\u0105\u017cek, o niezwykle r\u00f3\u017cnorodnej tematyce rysunku. Mo\u017ce to by\u0107 natura, cz\u0142owiek czy wytwory ludzkiej r\u0119ki. Nierzadko jest to sport, bardzo cz\u0119sto krajobraz, turystyka, pejza\u017ce, szczeg\u00f3lnie g\u00f3rskie, ciekawe, ch\u0119tnie odwiedzane miejsca, architektura, szczeg\u00f3lnie zabytkowa, tak\u017ce drewniana, a tak\u017ce pomniki. To r\u00f3wnie\u017c atrybuty turystyki: plecak, rower, sprz\u0119t sportowo-turystyczny, namiot, ale \u00a0i przyroda z jej r\u00f3\u017cnorodnymi elementami: ludzie, drzewa, kwiaty, zwierz\u0119ta, ptaki.<\/p>\n<p>Niekt\u00f3rzy kolekcjonerzy twierdz\u0105, \u017ce ekslibrisy krajoznawcze stanowi\u0105 wr\u0119cz najpopularniejsz\u0105 grup\u0119 znak\u00f3w ksi\u0105\u017ckowych. Swoje ekslibrisy maj\u0105 muzea, organizacje (tak\u017ce PTTK), dzia\u0142acze i jednostki organizacyjne \u2013 oddzia\u0142y, kluby, komisje. Tu nale\u017cy podkre\u015bli\u0107, \u017ce nie ka\u017cdy posiadaj\u0105cy nazw\u0119 PTTK i napis ekslibris, faktycznie nim jest.\u00a0 Takich ekslibris\u00f3w nie wkleja si\u0119 do ksi\u0105\u017cek, bowiem s\u0142u\u017c\u0105 one g\u0142\u00f3wnie do upami\u0119tnienia wydarze\u0144 z \u017cycia organizacji oraz popularyzacji turystyki i krajoznawstwa. Ekslibris powinien wskazywa\u0107 przynale\u017cno\u015b\u0107 ksi\u0105\u017cki do biblioteki danej jednostki PTTK. Zawieraj\u0105c informacj\u0119 o XXX-leciu przewodnictwa sudeckiego jest grafik\u0105 upami\u0119tniaj\u0105c\u0105 wa\u017cne wydarzenie organizacyjne, nie \u00a0ekslibrisem. Grafika z napisem <em>Ex libris<\/em> <em>X-lecie Wydawnictwa PTTK \u201eKraj\u201d<\/em> ekslibrisem nie jest (cho\u0107 a\u017c si\u0119 prosi o wpisanie w\u0142asnego imienia i nazwiska w pust\u0105 ramk\u0119). Ksi\u0119garnia (nawet PTTK) nie mo\u017ce mie\u0107 ekslibrisu, nie ma bowiem zbioru ksi\u0105\u017cek (gdyby ksi\u0105\u017cki gromadzi\u0142a zamiast je sprzedawa\u0107, natychmiast by zbankrutowa\u0142a).<\/p>\n<p>Kolekcjonerstwo mniej lub bardziej cennych artefakt\u00f3w jest znane ludzko\u015bci od tysi\u0105cleci, natomiast samych ekslibris\u00f3w datuje si\u0119 od 1834 r., kiedy to grafik Kajetan Wincenty Kielisi\u0144ski wykona\u0142 ekslibris przeznaczony\u00a0 nie do wklejenia do ksi\u0105\u017cki, lecz do kolekcji.<br \/>\nWyj\u0105tkow\u0105 kolekcj\u0119 ekslibris\u00f3w zwi\u0105zanych z PTTK pokaza\u0142 J\u00f3zef Zdunek, dzia\u0142acz PTTK z Krotoszyna podczas V Kongresu Krajoznawstwa 2000 w Gnie\u017anie.<br \/>\nDzi\u015b w r\u00f3\u017cnych o\u015brodkach ogl\u0105da si\u0119 niema\u0142o wystaw ekslibris\u00f3w krajoznawczych.<\/p>\n<p>Miros\u0142aw Zbigniew Wojalski<\/p>\n<p><a href=\"https:\/\/turysta2.pttk.pl\/wp-content\/uploads\/2020\/07\/Ex-libris-XXX-lat-koa-przewodnikw-sudeckich-scaled.jpg\"><img loading=\"lazy\" decoding=\"async\" class=\"alignnone size-medium wp-image-25417\" src=\"https:\/\/turysta2.pttk.pl\/wp-content\/uploads\/2020\/07\/Ex-libris-XXX-lat-koa-przewodnikw-sudeckich-174x300.jpg\" alt=\"\" width=\"174\" height=\"300\" srcset=\"https:\/\/turysta2.pttk.pl\/wp-content\/uploads\/2020\/07\/Ex-libris-XXX-lat-koa-przewodnikw-sudeckich-174x300.jpg 174w, https:\/\/turysta2.pttk.pl\/wp-content\/uploads\/2020\/07\/Ex-libris-XXX-lat-koa-przewodnikw-sudeckich-594x1024.jpg 594w, https:\/\/turysta2.pttk.pl\/wp-content\/uploads\/2020\/07\/Ex-libris-XXX-lat-koa-przewodnikw-sudeckich-768x1324.jpg 768w, https:\/\/turysta2.pttk.pl\/wp-content\/uploads\/2020\/07\/Ex-libris-XXX-lat-koa-przewodnikw-sudeckich-891x1536.jpg 891w, https:\/\/turysta2.pttk.pl\/wp-content\/uploads\/2020\/07\/Ex-libris-XXX-lat-koa-przewodnikw-sudeckich-1188x2048.jpg 1188w, https:\/\/turysta2.pttk.pl\/wp-content\/uploads\/2020\/07\/Ex-libris-XXX-lat-koa-przewodnikw-sudeckich-scaled.jpg 1485w\" sizes=\"auto, (max-width: 174px) 100vw, 174px\" \/><\/a><a href=\"https:\/\/turysta2.pttk.pl\/wp-content\/uploads\/2020\/07\/Ekslibris-J-T-Czech-ask-komisja-opieki-nad-zabyt-scaled.jpg\"><img loading=\"lazy\" decoding=\"async\" class=\"alignnone size-medium wp-image-25418\" src=\"https:\/\/turysta2.pttk.pl\/wp-content\/uploads\/2020\/07\/Ekslibris-J-T-Czech-ask-komisja-opieki-nad-zabyt-185x300.jpg\" alt=\"\" width=\"185\" height=\"300\" srcset=\"https:\/\/turysta2.pttk.pl\/wp-content\/uploads\/2020\/07\/Ekslibris-J-T-Czech-ask-komisja-opieki-nad-zabyt-185x300.jpg 185w, https:\/\/turysta2.pttk.pl\/wp-content\/uploads\/2020\/07\/Ekslibris-J-T-Czech-ask-komisja-opieki-nad-zabyt-632x1024.jpg 632w, https:\/\/turysta2.pttk.pl\/wp-content\/uploads\/2020\/07\/Ekslibris-J-T-Czech-ask-komisja-opieki-nad-zabyt-768x1245.jpg 768w, https:\/\/turysta2.pttk.pl\/wp-content\/uploads\/2020\/07\/Ekslibris-J-T-Czech-ask-komisja-opieki-nad-zabyt-947x1536.jpg 947w, https:\/\/turysta2.pttk.pl\/wp-content\/uploads\/2020\/07\/Ekslibris-J-T-Czech-ask-komisja-opieki-nad-zabyt-1263x2048.jpg 1263w, https:\/\/turysta2.pttk.pl\/wp-content\/uploads\/2020\/07\/Ekslibris-J-T-Czech-ask-komisja-opieki-nad-zabyt-scaled.jpg 1579w\" sizes=\"auto, (max-width: 185px) 100vw, 185px\" \/><\/a><a href=\"https:\/\/turysta2.pttk.pl\/wp-content\/uploads\/2020\/07\/okadka-katalogu-PTTK-w-ekslibrisie-Zdunek-V-Kongres-scaled.jpg\"><img loading=\"lazy\" decoding=\"async\" class=\"alignnone size-medium wp-image-25419\" src=\"https:\/\/turysta2.pttk.pl\/wp-content\/uploads\/2020\/07\/okadka-katalogu-PTTK-w-ekslibrisie-Zdunek-V-Kongres-206x300.jpg\" alt=\"\" width=\"206\" height=\"300\" srcset=\"https:\/\/turysta2.pttk.pl\/wp-content\/uploads\/2020\/07\/okadka-katalogu-PTTK-w-ekslibrisie-Zdunek-V-Kongres-206x300.jpg 206w, https:\/\/turysta2.pttk.pl\/wp-content\/uploads\/2020\/07\/okadka-katalogu-PTTK-w-ekslibrisie-Zdunek-V-Kongres-704x1024.jpg 704w, https:\/\/turysta2.pttk.pl\/wp-content\/uploads\/2020\/07\/okadka-katalogu-PTTK-w-ekslibrisie-Zdunek-V-Kongres-768x1118.jpg 768w, https:\/\/turysta2.pttk.pl\/wp-content\/uploads\/2020\/07\/okadka-katalogu-PTTK-w-ekslibrisie-Zdunek-V-Kongres-1055x1536.jpg 1055w, https:\/\/turysta2.pttk.pl\/wp-content\/uploads\/2020\/07\/okadka-katalogu-PTTK-w-ekslibrisie-Zdunek-V-Kongres-1407x2048.jpg 1407w, https:\/\/turysta2.pttk.pl\/wp-content\/uploads\/2020\/07\/okadka-katalogu-PTTK-w-ekslibrisie-Zdunek-V-Kongres-scaled.jpg 1759w\" sizes=\"auto, (max-width: 206px) 100vw, 206px\" \/><\/a><a href=\"https:\/\/turysta2.pttk.pl\/wp-content\/uploads\/2020\/07\/ekslibris-PTTK-w-odzi-autor-Jan-T-Czech.jpg\"><img loading=\"lazy\" decoding=\"async\" class=\"alignnone size-medium wp-image-25420\" src=\"https:\/\/turysta2.pttk.pl\/wp-content\/uploads\/2020\/07\/ekslibris-PTTK-w-odzi-autor-Jan-T-Czech-223x300.jpg\" alt=\"\" width=\"223\" height=\"300\" srcset=\"https:\/\/turysta2.pttk.pl\/wp-content\/uploads\/2020\/07\/ekslibris-PTTK-w-odzi-autor-Jan-T-Czech-223x300.jpg 223w, https:\/\/turysta2.pttk.pl\/wp-content\/uploads\/2020\/07\/ekslibris-PTTK-w-odzi-autor-Jan-T-Czech-762x1024.jpg 762w, https:\/\/turysta2.pttk.pl\/wp-content\/uploads\/2020\/07\/ekslibris-PTTK-w-odzi-autor-Jan-T-Czech-768x1033.jpg 768w, https:\/\/turysta2.pttk.pl\/wp-content\/uploads\/2020\/07\/ekslibris-PTTK-w-odzi-autor-Jan-T-Czech.jpg 920w\" sizes=\"auto, (max-width: 223px) 100vw, 223px\" \/><\/a><a href=\"https:\/\/turysta2.pttk.pl\/wp-content\/uploads\/2020\/07\/PTTK-ekslibris-Kazimierz-Zbigniew-oski-ekslibris-1182-dla-MZW-ksika-PTTK.jpg\"><img loading=\"lazy\" decoding=\"async\" class=\"alignnone size-medium wp-image-25422\" src=\"https:\/\/turysta2.pttk.pl\/wp-content\/uploads\/2020\/07\/PTTK-ekslibris-Kazimierz-Zbigniew-oski-ekslibris-1182-dla-MZW-ksika-PTTK-300x274.jpg\" alt=\"\" width=\"300\" height=\"274\" srcset=\"https:\/\/turysta2.pttk.pl\/wp-content\/uploads\/2020\/07\/PTTK-ekslibris-Kazimierz-Zbigniew-oski-ekslibris-1182-dla-MZW-ksika-PTTK-300x274.jpg 300w, https:\/\/turysta2.pttk.pl\/wp-content\/uploads\/2020\/07\/PTTK-ekslibris-Kazimierz-Zbigniew-oski-ekslibris-1182-dla-MZW-ksika-PTTK-1024x936.jpg 1024w, https:\/\/turysta2.pttk.pl\/wp-content\/uploads\/2020\/07\/PTTK-ekslibris-Kazimierz-Zbigniew-oski-ekslibris-1182-dla-MZW-ksika-PTTK-768x702.jpg 768w, https:\/\/turysta2.pttk.pl\/wp-content\/uploads\/2020\/07\/PTTK-ekslibris-Kazimierz-Zbigniew-oski-ekslibris-1182-dla-MZW-ksika-PTTK-1536x1404.jpg 1536w, https:\/\/turysta2.pttk.pl\/wp-content\/uploads\/2020\/07\/PTTK-ekslibris-Kazimierz-Zbigniew-oski-ekslibris-1182-dla-MZW-ksika-PTTK-2048x1873.jpg 2048w\" sizes=\"auto, (max-width: 300px) 100vw, 300px\" \/><\/a><\/p>\n","protected":false},"excerpt":{"rendered":"lipiec-wrzesie\u0144\/3(3)2020 Ekslibris to znak w\u0142asno\u015bciowy ksi\u0105\u017cki. Jest to niewielka karteczka, wklejana do dzie\u0142a po wewn\u0119trznej stronie ok\u0142adki, maj\u0105ca na celu udokumentowanie przynale\u017cno\u015bci egzemplarza do ksi\u0119gozbioru, zabezpieczenie przed utrat\u0105 czy zagubieniem ksi\u0105\u017cki, nierzadko r\u00f3wnie\u017c ma posiada\u0107 magiczne znaczenie. Opr\u00f3cz s\u0142\u00f3w \u201eex libris\u201d, co z \u0142aciny oznacza \u201ez ksi\u0105\u017cek\u201d, \u201ez ksi\u0119gozbioru\u201d \u00a0posiada on imi\u0119 i\u00a0nazwisko posiadacza biblioteki lub nazw\u0119 instytucji. Nierzadko podnosi&nbsp;<a href=\"https:\/\/turysta2.pttk.pl\/?p=25410\" class=\"read-more\">Continue Reading<\/a>","protected":false},"author":5,"featured_media":25412,"comment_status":"closed","ping_status":"closed","sticky":false,"template":"","format":"gallery","meta":{"footnotes":""},"categories":[81],"tags":[],"class_list":["post-25410","post","type-post","status-publish","format-gallery","has-post-thumbnail","hentry","category-kolekcjonerstwo","post_format-post-format-gallery","cat-81-id"],"aioseo_notices":[],"_links":{"self":[{"href":"https:\/\/turysta2.pttk.pl\/index.php?rest_route=\/wp\/v2\/posts\/25410","targetHints":{"allow":["GET"]}}],"collection":[{"href":"https:\/\/turysta2.pttk.pl\/index.php?rest_route=\/wp\/v2\/posts"}],"about":[{"href":"https:\/\/turysta2.pttk.pl\/index.php?rest_route=\/wp\/v2\/types\/post"}],"author":[{"embeddable":true,"href":"https:\/\/turysta2.pttk.pl\/index.php?rest_route=\/wp\/v2\/users\/5"}],"replies":[{"embeddable":true,"href":"https:\/\/turysta2.pttk.pl\/index.php?rest_route=%2Fwp%2Fv2%2Fcomments&post=25410"}],"version-history":[{"count":6,"href":"https:\/\/turysta2.pttk.pl\/index.php?rest_route=\/wp\/v2\/posts\/25410\/revisions"}],"predecessor-version":[{"id":25424,"href":"https:\/\/turysta2.pttk.pl\/index.php?rest_route=\/wp\/v2\/posts\/25410\/revisions\/25424"}],"wp:featuredmedia":[{"embeddable":true,"href":"https:\/\/turysta2.pttk.pl\/index.php?rest_route=\/wp\/v2\/media\/25412"}],"wp:attachment":[{"href":"https:\/\/turysta2.pttk.pl\/index.php?rest_route=%2Fwp%2Fv2%2Fmedia&parent=25410"}],"wp:term":[{"taxonomy":"category","embeddable":true,"href":"https:\/\/turysta2.pttk.pl\/index.php?rest_route=%2Fwp%2Fv2%2Fcategories&post=25410"},{"taxonomy":"post_tag","embeddable":true,"href":"https:\/\/turysta2.pttk.pl\/index.php?rest_route=%2Fwp%2Fv2%2Ftags&post=25410"}],"curies":[{"name":"wp","href":"https:\/\/api.w.org\/{rel}","templated":true}]}}