{"id":25364,"date":"2020-07-15T09:43:36","date_gmt":"2020-07-15T07:43:36","guid":{"rendered":"https:\/\/turysta2.pttk.pl\/?p=25364"},"modified":"2020-07-16T08:13:39","modified_gmt":"2020-07-16T06:13:39","slug":"inauguracja-sezonu-przez-klub-turystyki-kajakowej-pttk-zarnow","status":"publish","type":"post","link":"https:\/\/turysta2.pttk.pl\/?p=25364","title":{"rendered":"Inauguracja sezonu przez Klub Turystyki Kajakowej PTTK \u017barn\u00f3w"},"content":{"rendered":"<p><strong>Cz\u0142onk\u00f3w KTK PTTK \u017barn\u00f3w niezmiernie ucieszy\u0142a informacja o ponownej mo\u017cliwo\u015bci organizowania imprez turystycznych. \u00a0<\/strong><\/p>\n<pre>lipiec-wrzesie\u0144\/3(3)2020<\/pre>\n<p>Indywidualnie przyjechali\u00a0 oni do Zako\u015bciela k\/Inow\u0142odza, by\u00a0 nast\u0119pnie pop\u0142yn\u0105\u0107 Pilic\u0105 do odleg\u0142ego o 10 km Mysiakowca.\u00a0 \u0141\u0105cznie\u00a0 na imprez\u0119 przyby\u0142o 29 os\u00f3b, w tym pi\u0119cioro dzieci wraz z rodzicami.<\/p>\n<p>Udzia\u0142 w wydarzeniu wzi\u0119li tak\u017ce cz\u0142onkowie klubu z Sieradza, Przysuchy, Opoczna, Piotrkowa Trybunalskiego, \u017barnowa i innych miejscowo\u015bci. Wodowanie kajak\u00f3w odby\u0142o si\u0119 200 metr\u00f3w od Willi Amber w Zako\u015bcielu, w ciep\u0142ych i s\u0142onecznych warunkach atmosferycznych ( temperatura ok. 25 stopni Celcjusza).<\/p>\n<p>Andrzej Ambroziak z KS \u201eAmber\u201d w Tomaszowie Mazowieckim, pisz\u0105c o odcinku rzeki Inow\u0142\u00f3dz \u2013 Mysiakowiec, nazwa\u0142 go \u201eSzlakiem Wysp na Pilicy \u201dRzeczywi\u015bcie, podczas sp\u0142ywu kajakarze napotkali ok. 30 wi\u0119kszych i mniejszych wysp.\u00a0 Mijaj\u0105c kolejno: Fryszerk\u0119, \u017b\u0105d\u0142owice , Koz\u0142owiec i dalej Ponik\u0142\u0119, zako\u0144czyli sp\u0142yw \u00a0przed mostem drogowym w Mysiakowcu, na pla\u017cy umiejscowionej po prawej stronie rzeki. Po obu stronach mostu widnia\u0142y tablice informuj\u0105ce, \u017ce Dolina Pilicy jest obszarem \u201e Natura 2000\u201d. Trasa by\u0142a niezwykle urokliwa: szpalery drzew, g\u0142azy w nurcie rzeki, p\u0142ywaj\u0105ce stada kaczek, a przy brzegach letniskowa zabudowa.. Nasi kajakarze uznali pierwsz\u0105 w tym sezonie imprez\u0119 za udan\u0105, a tras\u0119 sp\u0142ywu godn\u0105 polecenia innym. By\u0142a to d\u0142ugo oczekiwana forma rekreacji oraz kontakt z bujn\u0105 przyrod\u0105, a tak\u017ce mo\u017cliwo\u015b\u0107 spotkania, po okresie wielotygodniowego pozostawania w domach.<\/p>\n<p>W\u0142odzimierz Szafi\u0144ski<\/p>\n<p><a href=\"https:\/\/turysta2.pttk.pl\/wp-content\/uploads\/2020\/07\/JG_Ko\u015bc-\u015awKrz.jpg\"><img loading=\"lazy\" decoding=\"async\" class=\" wp-image-25367 alignleft\" src=\"https:\/\/turysta2.pttk.pl\/wp-content\/uploads\/2020\/07\/JG_Ko\u015bc-\u015awKrz-300x225.jpg\" alt=\"\" width=\"667\" height=\"500\" srcset=\"https:\/\/turysta2.pttk.pl\/wp-content\/uploads\/2020\/07\/JG_Ko\u015bc-\u015awKrz-300x225.jpg 300w, https:\/\/turysta2.pttk.pl\/wp-content\/uploads\/2020\/07\/JG_Ko\u015bc-\u015awKrz-768x576.jpg 768w, https:\/\/turysta2.pttk.pl\/wp-content\/uploads\/2020\/07\/JG_Ko\u015bc-\u015awKrz-200x150.jpg 200w, https:\/\/turysta2.pttk.pl\/wp-content\/uploads\/2020\/07\/JG_Ko\u015bc-\u015awKrz.jpg 960w\" sizes=\"auto, (max-width: 667px) 100vw, 667px\" \/><\/a><\/p>\n","protected":false},"excerpt":{"rendered":"Cz\u0142onk\u00f3w KTK PTTK \u017barn\u00f3w niezmiernie ucieszy\u0142a informacja o ponownej mo\u017cliwo\u015bci organizowania imprez turystycznych. \u00a0 lipiec-wrzesie\u0144\/3(3)2020 Indywidualnie przyjechali\u00a0 oni do Zako\u015bciela k\/Inow\u0142odza, by\u00a0 nast\u0119pnie pop\u0142yn\u0105\u0107 Pilic\u0105 do odleg\u0142ego o 10 km Mysiakowca.\u00a0 \u0141\u0105cznie\u00a0 na imprez\u0119 przyby\u0142o 29 os\u00f3b, w tym pi\u0119cioro dzieci wraz z rodzicami. Udzia\u0142 w wydarzeniu wzi\u0119li tak\u017ce cz\u0142onkowie klubu z Sieradza, Przysuchy, Opoczna, Piotrkowa Trybunalskiego, \u017barnowa i innych&nbsp;<a href=\"https:\/\/turysta2.pttk.pl\/?p=25364\" class=\"read-more\">Continue Reading<\/a>","protected":false},"author":5,"featured_media":25366,"comment_status":"closed","ping_status":"closed","sticky":false,"template":"","format":"gallery","meta":{"footnotes":""},"categories":[70],"tags":[],"class_list":["post-25364","post","type-post","status-publish","format-gallery","has-post-thumbnail","hentry","category-turystyka-wodna","post_format-post-format-gallery","cat-70-id"],"aioseo_notices":[],"_links":{"self":[{"href":"https:\/\/turysta2.pttk.pl\/index.php?rest_route=\/wp\/v2\/posts\/25364","targetHints":{"allow":["GET"]}}],"collection":[{"href":"https:\/\/turysta2.pttk.pl\/index.php?rest_route=\/wp\/v2\/posts"}],"about":[{"href":"https:\/\/turysta2.pttk.pl\/index.php?rest_route=\/wp\/v2\/types\/post"}],"author":[{"embeddable":true,"href":"https:\/\/turysta2.pttk.pl\/index.php?rest_route=\/wp\/v2\/users\/5"}],"replies":[{"embeddable":true,"href":"https:\/\/turysta2.pttk.pl\/index.php?rest_route=%2Fwp%2Fv2%2Fcomments&post=25364"}],"version-history":[{"count":7,"href":"https:\/\/turysta2.pttk.pl\/index.php?rest_route=\/wp\/v2\/posts\/25364\/revisions"}],"predecessor-version":[{"id":25368,"href":"https:\/\/turysta2.pttk.pl\/index.php?rest_route=\/wp\/v2\/posts\/25364\/revisions\/25368"}],"wp:featuredmedia":[{"embeddable":true,"href":"https:\/\/turysta2.pttk.pl\/index.php?rest_route=\/wp\/v2\/media\/25366"}],"wp:attachment":[{"href":"https:\/\/turysta2.pttk.pl\/index.php?rest_route=%2Fwp%2Fv2%2Fmedia&parent=25364"}],"wp:term":[{"taxonomy":"category","embeddable":true,"href":"https:\/\/turysta2.pttk.pl\/index.php?rest_route=%2Fwp%2Fv2%2Fcategories&post=25364"},{"taxonomy":"post_tag","embeddable":true,"href":"https:\/\/turysta2.pttk.pl\/index.php?rest_route=%2Fwp%2Fv2%2Ftags&post=25364"}],"curies":[{"name":"wp","href":"https:\/\/api.w.org\/{rel}","templated":true}]}}