{"id":25074,"date":"2020-07-06T08:43:37","date_gmt":"2020-07-06T06:43:37","guid":{"rendered":"https:\/\/turysta2.pttk.pl\/?p=25074"},"modified":"2020-09-22T14:25:12","modified_gmt":"2020-09-22T12:25:12","slug":"25074-2","status":"publish","type":"post","link":"https:\/\/turysta2.pttk.pl\/?p=25074","title":{"rendered":"Warszawskie Linie Turystyczne rozpoczynaj\u0105 sezon"},"content":{"rendered":"<p><strong>Promem przez Wis\u0142\u0119, zabytkowym tramwajem lub autobusem przez Warszaw\u0119, kolejk\u0105 w\u0105skotorow\u0105 z Piaseczna do Tarczyna. Tegoroczny sezon Warszawskich Linii Turystycznych rozpocz\u0105\u0142 si\u0119 4 lipca.<\/strong><\/p>\n<pre>lipiec-wrzesie\u0144\/3(3)2020<\/pre>\n<p>Epidemia koronawirusa spowodowa\u0142a, \u017ce wi\u015blane promy i zabytkowe autobusy i tramwaje nie rozpocz\u0119\u0142y swoich kurs\u00f3w na pocz\u0105tku maja, jak to by\u0142o co roku. Warszawskie Linie Turystyczne zosta\u0142y zawieszone, przede wszystkim z powodu ogranicze\u0144 w poruszaniu si\u0119 i zwi\u0105zanych z liczb\u0105 os\u00f3b w pojazdach komunikacji miejskiej wprowadzonych przez rz\u0105d. Teraz, po zniesieniu wi\u0119kszo\u015bci \u201eepidemicznych\u201d ogranicze\u0144, chcemy przywr\u00f3ci\u0107 komunikacyjne atrakcje warszawiakom i go\u015bciom stolicy.<\/p>\n<p><!--more--><\/p>\n<p>W wakacje 2020 roku uruchomimy turystyczne linie autobusow\u0105 i tramwajow\u0105 oraz specjalne kursy Piaseczy\u0144sko-Gr\u00f3jeckiej Kolei W\u0105skotorowej. Przygotowujemy tak\u017ce przeprawy promowe \u2013 promami Turkawka, Wilga, Pliszka, S\u0142onka.<\/p>\n<h2><strong>Linia tramwajowa T i autobusowa 100<\/strong><\/h2>\n<p>W wakacyjne weekendy \u2013 od 4 lipca do 30 sierpnia \u2013 na sto\u0142eczne ulice b\u0119d\u0105 wyje\u017cd\u017ca\u0142y zabytkowe tramwaje i autobusy.<\/p>\n<p>Tramwaje turystycznej linii tramwajowej T b\u0119d\u0105 zaczyna\u0142y kursy na p\u0119tli Metro Marymont i pojad\u0105 ulicami: J. S\u0142owackiego \u2013 A. Mickiewicza \u2013 Mi\u0119dzyparkowa \u2013 most Gda\u0144ski \u2013 Ratuszowa \u2013 al. \u201eSolidarno\u015bci\u201d \u2013 Wolska \u2013 Skierniewicka \u2013 Prosta \u2013 al. Jana Paw\u0142a II \u2013 T. Cha\u0142ubi\u0144skiego \u2013 Nowowiejska \u2013 Marsza\u0142kowska \u2013 W. Andersa \u2013 A. Mickiewicza \u2013 J. S\u0142owackiego \u2013 Metro Marymont<\/p>\n<p>Na trasie linii T spotkamy g\u0142\u00f3wnie zabytkowe tramwaje 105Na, tzw. \u201eakwaria\u201d.<\/p>\n<p>Autobusy linii 100 b\u0119d\u0105 kursowa\u0142y na trasie: Centrum \u2013 Marsza\u0142kowska \u2013 Kr\u00f3lewska \u2013 pl. marsz. J. Pi\u0142sudskiego \u2013 Senatorska \u2013 Miodowa \u2013 \u015awi\u0119tojerska \u2013 M. Anielewicza \u2013 Karmelicka \u2013 Stawki \u2013 Muranowska \u2013 Konwiktorska \u2013 Sanguszki \u2013 Wybrze\u017ce Gda\u0144skie \u2013 Nowy Zjazd \u2013 most \u015al\u0105sko-D\u0105browski \u2013 al. \u201eSolidarno\u015bci\u201d \u2013 Targowa \u2013 al. Zieleniecka \u2013 most J\u00f3zefa Poniatowskiego \u2013 Al. Jerozolimskie \u2013 Nowy \u015awiat \u2013 pl. Trzech Krzy\u017cy \u2013 Al. Ujazdowskie \u2013 Bagatela \u2013 pl. Unii Lubelskiej \u2013 Marsza\u0142kowska \u2013 Centrum.<\/p>\n<p>Opr\u00f3cz atrakcyjnej trasy zostan\u0105 tak\u017ce zapewnione wyj\u0105tkowe wozy \u2013 ikarus z 1982 roku i berliet z 1991 roku.<\/p>\n<p>W tramwajach linii T i w \u201esetce\u201d b\u0119d\u0105 obowi\u0105zywa\u0142y wszystkie bilety z taryfy ZTM.<\/p>\n<h2><strong>Piaseczy\u0144sko-Gr\u00f3jecka Kolejka W\u0105skotorowa<\/strong><\/h2>\n<p>W ka\u017cd\u0105 sobot\u0119 od 4 lipca do 30 wrze\u015bnia b\u0119dzie mo\u017cna wybra\u0107 si\u0119 na przeja\u017cd\u017ck\u0119 kolejk\u0105 w\u0105skotorow\u0105.<\/p>\n<p>Poci\u0105gi b\u0119d\u0105 zabiera\u0142y ch\u0119tnych na wycieczk\u0119 z Piaseczna przez Run\u00f3w do Tarczyna i z powrotem. W drodze powrotnej zaplanowana jest przerwa na piknik w Runowie. Z my\u015bl\u0105 o pasa\u017cerach kolejki przygotowano miejsce do biesiadowania, wiaty ze sto\u0142ami, miejsce na ognisko. Mo\u017cna b\u0119dzie tak\u017ce pogra\u0107 z dzie\u0107mi w pi\u0142k\u0119 lub odpocz\u0105\u0107 w po\u0142o\u017conym nieopodal brzozowym zagajniku.<\/p>\n<p>Osoby chc\u0105ce dojecha\u0107 do Piaseczna na przeja\u017cd\u017ck\u0119 kolejk\u0105 b\u0119d\u0105 mog\u0142y skorzysta\u0107 ze specjalnej linii autobusowej 51. Autobusy b\u0119d\u0105 zaczyna\u0142y kursy w centrum Warszawy i doje\u017cd\u017ca\u0107 do pocz\u0105tkowego przystanku kolejki w Piasecznie, a po zako\u0144czonej wycieczce b\u0119d\u0105 odwozi\u0142y jej uczestnik\u00f3w do Warszawy. W tym roku \u2013 ze wzgl\u0119du na ograniczenia wprowadzone w zwi\u0105zku z epidemi\u0105 koronawirusa \u2013 autobusem jednocze\u015bnie b\u0119d\u0105 mog\u0142y podr\u00f3\u017cowa\u0107 maksymalnie 33 osoby.<\/p>\n<p>W ofercie b\u0119d\u0105 dost\u0119pne bilety na przejazd \u0142\u0105czony \u2013 kolejk\u0105 i autobusem linii dowo\u017c\u0105cej 51 oraz na przejazd tylko kolejk\u0105. Przyk\u0142adowo, cena bilet normalnego na przejazd kolejk\u0105 i autobusem to 40 z\u0142, a przy doje\u017adzie do Piaseczna na w\u0142asn\u0105 r\u0119k\u0119 \u2013 35 z\u0142. Bilety na przejazd kolej\u0105 mo\u017cna kupi\u0107 na stronie <a href=\"http:\/\/www.bilety.kolejka-piaseczno.pl\">www.bilety.kolejka-piaseczno.pl<\/a>. lub w kasie przed odjazdem poci\u0105gu \u2013 b\u0119d\u0105 wtedy jednak dro\u017csze o pi\u0119\u0107 z\u0142otych.<\/p>\n<figure class=\"wp-block-gallery columns-3 is-cropped\">\n<ul class=\"blocks-gallery-grid\">\n<li class=\"blocks-gallery-item\">\n<figure><a href=\"https:\/\/www.wtp.waw.pl\/wp-content\/uploads\/sites\/2\/2020\/06\/5715.jpg\"><img decoding=\"async\" class=\"wp-image-49194\" src=\"https:\/\/www.wtp.waw.pl\/wp-content\/uploads\/sites\/2\/2020\/06\/5715-1024x683.jpg\" sizes=\"(max-width: 1024px) 100vw, 1024px\" srcset=\"https:\/\/www.wtp.waw.pl\/wp-content\/uploads\/sites\/2\/2020\/06\/5715-1024x683.jpg 1024w, https:\/\/www.wtp.waw.pl\/wp-content\/uploads\/sites\/2\/2020\/06\/5715-300x200.jpg 300w, https:\/\/www.wtp.waw.pl\/wp-content\/uploads\/sites\/2\/2020\/06\/5715-768x512.jpg 768w, https:\/\/www.wtp.waw.pl\/wp-content\/uploads\/sites\/2\/2020\/06\/5715.jpg 1200w\" alt=\"Ikarus 280.70E z kolekcji Klubu Mi\u0142o\u015bnik\u00f3w Komunikacji Miejskiej\" data-id=\"49194\" data-full-url=\"https:\/\/www.wtp.waw.pl\/wp-content\/uploads\/sites\/2\/2020\/06\/5715.jpg\" data-link=\"https:\/\/www.wtp.waw.pl\/5715\/\" \/><\/a><\/figure>\n<\/li>\n<li class=\"blocks-gallery-item\">\n<figure><a href=\"https:\/\/www.wtp.waw.pl\/wp-content\/uploads\/sites\/2\/2020\/06\/Lxd2-454.jpg\"><img decoding=\"async\" class=\"wp-image-49078\" src=\"https:\/\/www.wtp.waw.pl\/wp-content\/uploads\/sites\/2\/2020\/06\/Lxd2-454-1024x683.jpg\" sizes=\"(max-width: 1024px) 100vw, 1024px\" srcset=\"https:\/\/www.wtp.waw.pl\/wp-content\/uploads\/sites\/2\/2020\/06\/Lxd2-454-1024x683.jpg 1024w, https:\/\/www.wtp.waw.pl\/wp-content\/uploads\/sites\/2\/2020\/06\/Lxd2-454-300x200.jpg 300w, https:\/\/www.wtp.waw.pl\/wp-content\/uploads\/sites\/2\/2020\/06\/Lxd2-454-768x512.jpg 768w, https:\/\/www.wtp.waw.pl\/wp-content\/uploads\/sites\/2\/2020\/06\/Lxd2-454.jpg 1200w\" alt=\"poci\u0105g w\u0105skotorowy prowadzony przez lokomotyw\u0119 Lxd2-454\" data-id=\"49078\" data-full-url=\"https:\/\/www.wtp.waw.pl\/wp-content\/uploads\/sites\/2\/2020\/06\/Lxd2-454.jpg\" data-link=\"https:\/\/www.wtp.waw.pl\/lxd2-454\/\" \/><\/a><\/figure>\n<\/li>\n<li class=\"blocks-gallery-item\">\n<figure><a href=\"https:\/\/www.wtp.waw.pl\/wp-content\/uploads\/sites\/2\/2020\/06\/Lxd2-465.jpg\"><img decoding=\"async\" class=\"wp-image-49079\" src=\"https:\/\/www.wtp.waw.pl\/wp-content\/uploads\/sites\/2\/2020\/06\/Lxd2-465-1024x683.jpg\" sizes=\"(max-width: 1024px) 100vw, 1024px\" srcset=\"https:\/\/www.wtp.waw.pl\/wp-content\/uploads\/sites\/2\/2020\/06\/Lxd2-465-1024x683.jpg 1024w, https:\/\/www.wtp.waw.pl\/wp-content\/uploads\/sites\/2\/2020\/06\/Lxd2-465-300x200.jpg 300w, https:\/\/www.wtp.waw.pl\/wp-content\/uploads\/sites\/2\/2020\/06\/Lxd2-465-768x512.jpg 768w, https:\/\/www.wtp.waw.pl\/wp-content\/uploads\/sites\/2\/2020\/06\/Lxd2-465.jpg 1200w\" alt=\"poci\u0105g w\u0105skotorowy prowadzony przez lokomotyw\u0119 Lxd2-465\" data-id=\"49079\" data-full-url=\"https:\/\/www.wtp.waw.pl\/wp-content\/uploads\/sites\/2\/2020\/06\/Lxd2-465.jpg\" data-link=\"https:\/\/www.wtp.waw.pl\/lxd2-465\/\" \/><\/a><\/figure>\n<\/li>\n<\/ul>\n<\/figure>\n<h2><strong>Promy<\/strong><\/h2>\n<p>Og\u0142osili\u015bmy przetarg na obs\u0142ug\u0119 po\u0142\u0105cze\u0144 promowych. O dacie rozpocz\u0119cia rejs\u00f3w poinformujemy.<\/p>\n<p>Planujemy, \u017ce promy b\u0119d\u0105 \u0142\u0105czy\u0142y brzegi Wis\u0142y w czterech miejscach: Pliszka po\u0142\u0105czy most J\u00f3zefa Poniatowskiego ze Stadionem PGE Narodowym, Wilga \u2013 Podzamcze Fontanny z ZOO, S\u0142onka \u2013 Cypel Czerniakowski z Sask\u0105 K\u0119p\u0105, a Turkawka \u2013 Nowodwory z \u0141omiankami. B\u0119d\u0105 p\u0142ywa\u0142y do 30 wrze\u015bnia \u2013 w lipcu i sierpniu codziennie, a we wrze\u015bniu w weekendy.<\/p>\n<p>B\u0119dzie mo\u017cna z nich skorzysta\u0107 bezp\u0142atnie.<\/p>\n<p>\u0179r\u00f3d\u0142o: www.wtp.waw.pl<\/p>\n","protected":false},"excerpt":{"rendered":"Promem przez Wis\u0142\u0119, zabytkowym tramwajem lub autobusem przez Warszaw\u0119, kolejk\u0105 w\u0105skotorow\u0105 z Piaseczna do Tarczyna. Tegoroczny sezon Warszawskich Linii Turystycznych rozpocz\u0105\u0142 si\u0119 4 lipca. lipiec-wrzesie\u0144\/3(3)2020 Epidemia koronawirusa spowodowa\u0142a, \u017ce wi\u015blane promy i zabytkowe autobusy i tramwaje nie rozpocz\u0119\u0142y swoich kurs\u00f3w na pocz\u0105tku maja, jak to by\u0142o co roku. Warszawskie Linie Turystyczne zosta\u0142y zawieszone, przede wszystkim z powodu ogranicze\u0144 w poruszaniu&nbsp;<a href=\"https:\/\/turysta2.pttk.pl\/?p=25074\" class=\"read-more\">Continue Reading<\/a>","protected":false},"author":5,"featured_media":25215,"comment_status":"closed","ping_status":"closed","sticky":false,"template":"","format":"image","meta":{"footnotes":""},"categories":[93],"tags":[],"class_list":["post-25074","post","type-post","status-publish","format-image","has-post-thumbnail","hentry","category-aktualnosci","post_format-post-format-image","cat-93-id"],"aioseo_notices":[],"_links":{"self":[{"href":"https:\/\/turysta2.pttk.pl\/index.php?rest_route=\/wp\/v2\/posts\/25074","targetHints":{"allow":["GET"]}}],"collection":[{"href":"https:\/\/turysta2.pttk.pl\/index.php?rest_route=\/wp\/v2\/posts"}],"about":[{"href":"https:\/\/turysta2.pttk.pl\/index.php?rest_route=\/wp\/v2\/types\/post"}],"author":[{"embeddable":true,"href":"https:\/\/turysta2.pttk.pl\/index.php?rest_route=\/wp\/v2\/users\/5"}],"replies":[{"embeddable":true,"href":"https:\/\/turysta2.pttk.pl\/index.php?rest_route=%2Fwp%2Fv2%2Fcomments&post=25074"}],"version-history":[{"count":12,"href":"https:\/\/turysta2.pttk.pl\/index.php?rest_route=\/wp\/v2\/posts\/25074\/revisions"}],"predecessor-version":[{"id":25725,"href":"https:\/\/turysta2.pttk.pl\/index.php?rest_route=\/wp\/v2\/posts\/25074\/revisions\/25725"}],"wp:featuredmedia":[{"embeddable":true,"href":"https:\/\/turysta2.pttk.pl\/index.php?rest_route=\/wp\/v2\/media\/25215"}],"wp:attachment":[{"href":"https:\/\/turysta2.pttk.pl\/index.php?rest_route=%2Fwp%2Fv2%2Fmedia&parent=25074"}],"wp:term":[{"taxonomy":"category","embeddable":true,"href":"https:\/\/turysta2.pttk.pl\/index.php?rest_route=%2Fwp%2Fv2%2Fcategories&post=25074"},{"taxonomy":"post_tag","embeddable":true,"href":"https:\/\/turysta2.pttk.pl\/index.php?rest_route=%2Fwp%2Fv2%2Ftags&post=25074"}],"curies":[{"name":"wp","href":"https:\/\/api.w.org\/{rel}","templated":true}]}}