{"id":25045,"date":"2020-06-22T13:29:20","date_gmt":"2020-06-22T11:29:20","guid":{"rendered":"https:\/\/turysta2.pttk.pl\/?p=25045"},"modified":"2020-07-20T15:52:28","modified_gmt":"2020-07-20T13:52:28","slug":"wyniki-konkursu-poznajemy-ojcowizne","status":"publish","type":"post","link":"https:\/\/turysta2.pttk.pl\/?p=25045","title":{"rendered":"Wyniki konkursu &#8220;Poznajemy Ojcowizn\u0119&#8221;"},"content":{"rendered":"<p><strong>W Og\u00f3lnopolskim M\u0142odzie\u017cowym Konkursie Krajoznawczym \u201ePoznajemy Ojcowizn\u0119\u201d, w roku 2020 na szczeblach wojew\u00f3dzkich oceniono 314 prac, przygotowanych przez 463 uczni\u00f3w pod opiek\u0105 177 nauczycieli.<br \/>\n<\/strong><\/p>\n<pre>kwiecie\u0144-czerwiec\/2(2)2020<\/pre>\n<p>Podczas tegorocznego etapu centralnego oceniono 63 prace: w tym 43 prace ze szk\u00f3\u0142 podstawowych, z czego 14 to prace multimedialne; 20 prac ze szk\u00f3\u0142 ponadpodstawowych, z czego 8 to prace multimedialne. Prace z wojew\u00f3dztwa wielkopolskiego nie zosta\u0142y dos\u0142ane na etap centralny z powodu zamkni\u0119cia szko\u0142y, w kt\u00f3rej by\u0142y przechowywane (zosta\u0142a zamkni\u0119ta w wyniku stanu epidemii).<\/p>\n<p>Ze wzgl\u0119du na sytuacj\u0119 epidemiczn\u0105 biuro Zarz\u0105du G\u0142\u00f3wnego PTTK zosta\u0142o zamkni\u0119te dla os\u00f3b z zewn\u0105trz. Jury XXVII Og\u00f3lnopolskiego M\u0142odzie\u017cowego Konkursu Krajoznawczego \u201ePoznajemy Ojcowizn\u0119\u201d etapu centralnego sk\u0142ada\u0142o si\u0119 z pracownik\u00f3w Dzia\u0142u programowo-promocyjnego Biura ZG PTTK oraz Przewodnicz\u0105cej Rady programowej ds. M\u0142odzie\u017cy Szkolnej ZG PTTK Lucyny Ma\u0144kowskiej, kt\u00f3ra pe\u0142ni\u0142a funkcje przewodnicz\u0105cej jury.<\/p>\n<p>Fina\u0142 XXVII edycji Og\u00f3lnopolskiego M\u0142odzie\u017cowego Konkursu Krajoznawczego \u201ePoznajemy Ojcowizn\u0119\u201d mia\u0142 si\u0119 odby\u0107 w dniach 18-21 czerwca 2020 r. w Nowym Tomy\u015blu. Za organizacj\u0119 odpowiedzialny by\u0142 Oddzia\u0142 PTTK w Szamotu\u0142ach, ze wzgl\u0119du na sytuacj\u0119 epidemiologiczn\u0105 fina\u0142 zosta\u0142 odwo\u0142any. Prace, nagrody oraz dyplomy zosta\u0142y wys\u0142ane na adresy szk\u00f3\u0142 przez biuro ZG PTTK.<\/p>\n<p>Wyniki konkursu:<\/p>\n<p style=\"text-align: center;\"><strong>Szko\u0142y podstawowe<\/strong><\/p>\n<p>Grand Prix uczni\u00f3w szk\u00f3\u0142 podstawowych otrzymuje:<\/p>\n<ul>\n<li>\u201ePoczt\u00f3wka pami\u0119ci\u201d, Szymon Motta, opiekun Magdalena S\u0142ysz, Szko\u0142a Podstawowa w Urzejowicach, woj. podkarpackie<\/li>\n<\/ul>\n<p>W kategorii prac indywidualnych uczni\u00f3w szk\u00f3\u0142 podstawowych I nagrod\u0119 otrzymuje:<\/p>\n<ul>\n<li>\u201e\u0141az - wie\u015b na najwy\u017cszym poziomie\u201d, Mateusz Wieczorek, opiekun Stanis\u0142aw Rudnicki, Katolicka Szko\u0142a Podstawowa im. JP II w \u017barach, woj. lubuskie<\/li>\n<\/ul>\n<p>W kategorii prac indywidualnych uczni\u00f3w szk\u00f3\u0142 podstawowych II nagrod\u0119 otrzymuje:<\/p>\n<ul>\n<li>\u201eZapomniana Droga \u2013 czyli ostatni poci\u0105g\u201d Natan Klebba, opiekun Izabela Ciereszko, Szko\u0142a Podstawowa\u00a0 nr 10 im. Jana Brzechwy w Rumi, woj. pomorskie<\/li>\n<li>\u201eMilcz\u0105ce kamienie, kt\u00f3re tak wiele mog\u0142yby powiedzie\u0107\u201d, Martyna Tront, opiekun Bo\u017cena Morawska-Jednor\u00f3g, Publiczna Szko\u0142a Podstawowa im. Powsta\u0144c\u00f3w \u015al\u0105skich w \u0141ubnianach, woj. opolskie<\/li>\n<\/ul>\n<p>W kategorii prac indywidualnych uczni\u00f3w szk\u00f3\u0142 podstawowych III nagrod\u0119 otrzymuj\u0105:<\/p>\n<ul>\n<li>\u201eWr\u00f3\u0107\u2026 Romku!!! - w 75. rocznic\u0119 zako\u0144czenia powstania zamojskiego\u201d, Natalia Kwik, opiekun Dorota Kwik, Szko\u0142a Podstawowa nr 1 im. S\u0142ugi Bo\u017cego Ksi\u0119dza Prymasa Stefana Kardyna\u0142a Wyszy\u0144skiego w Bi\u0142goraju, woj. lubelskie<\/li>\n<li>\u201eJan Pasternak \u2013 nawigator z Paw\u0119cina\u201d, Maja Kosmala, opiekun Ma\u0142gorzata Kowalska, Publiczna Szko\u0142a Podstawowa im. Antoniego Hedy \u201eSzarego\u201d w Kunowie, woj. \u015bwi\u0119tokrzyskie<\/li>\n<\/ul>\n<p>W kategorii prac zbiorowych uczni\u00f3w szk\u00f3\u0142 podstawowych I nagrod\u0119 otrzymuj\u0105:<\/p>\n<ul>\n<li>\u201eBohaterskie miasto \u2013 przesz\u0142o\u015b\u0107 i tera\u017aniejszo\u015b\u0107\u201d, Zuzanna Cie\u015blik, Klaudia Amelia Perkowska, Julia Paskuda, Martyna D\u0142u\u017cniewska, opiekun Katarzyna Adamkiewicz, El\u017cbieta Ka\u017amierska, Szko\u0142a Podstawowa nr 17 w P\u0142ocku, woj. Mazowieckie<\/li>\n<\/ul>\n<p>W kategorii prac zbiorowych uczni\u00f3w szk\u00f3\u0142 podstawowych II nagrod\u0119 otrzymuj\u0105:<\/p>\n<ul>\n<li>\u201eGdzie spacerowa\u0142 pan Hrabia\u2026 Parki przypa\u0142acowe Ziemi Le\u015bnickiej\u201d, Anna Ogiba, Kamila Smyk, Justyna Gawro\u0144ska, opiekun Iwona Roman-Maciejewska, Piotr Stani\u00f3w, Szko\u0142a Podstawowa nr 51 im. Jana Paw\u0142a II we Wroc\u0142awiu, woj. dolno\u015bl\u0105skie<\/li>\n<\/ul>\n<p>W kategorii prac zbiorowych uczni\u00f3w szk\u00f3\u0142 podstawowych III nagrod\u0119 otrzymuj\u0105:<\/p>\n<ul>\n<li>\u201eBabki, znachory i dochtory\u201d, Maja K\u0119ska, Zuzanna \u015awi\u0105tek, opiekun Mariola G\u0119bska, Publiczna Szko\u0142a Podstawowa w Bogucinie, woj. mazowieckie<\/li>\n<\/ul>\n<p>W kategorii prac multimedialnych uczni\u00f3w szk\u00f3\u0142 podstawowych I nagrod\u0119 otrzymuj\u0105:<\/p>\n<ul>\n<li>\u201eMoje Kocio\u0142ki \u2013 najbli\u017csze mi okolice\u201d, Hubert Filipczak, opiekun Krzysztof Boryczka, Publiczna Szko\u0142a Podstawowa w Kocio\u0142kach, woj. mazowieckie<\/li>\n<\/ul>\n<p>W kategorii prac multimedialnych uczni\u00f3w szk\u00f3\u0142 podstawowych II nagrod\u0119 otrzymuj\u0105:<\/p>\n<ul>\n<li>\u201eLudzie mojej miejscowo\u015bci zas\u0142u\u017ceni dla regionu\u201d Mateusz Gawro\u0144ski, Magdalena Gawro\u0144ska, opiekun Agata \u0141abowicz, Dorota Wi\u015bniewska, Szko\u0142a Podstawowa w Mastkach, woj. \u0142\u00f3dzkie<\/li>\n<\/ul>\n<p>W kategorii prac multimedialnych uczni\u00f3w szk\u00f3\u0142 podstawowych III nagrod\u0119 otrzymuj\u0105:<\/p>\n<ul>\n<li>\u201ePrudnik to pi\u0119kne miasto!\u201d, Malwina Dendewicz, opiekun Franciszek Dendewicz, Zesp\u00f3\u0142 Szkolno-Przedszkolny Publiczna Szko\u0142a Podstawowa im. Orl\u0105t Lwowskich w Szybowicach, woj. opolskie<\/li>\n<\/ul>\n<p style=\"text-align: center;\"><strong>Nagrody specjalne<\/strong><\/p>\n<p>Nagroda Centralnej Biblioteki PTTK im. K.Kulwiecia<\/p>\n<ul>\n<li>\u201ePoczet wybitnych zakliczynian i ludzi zwi\u0105zanych z regionem 1518 - 2020\u201d, Dominika Antosz, Julia Michalik, Julia Rosiek, opiekun Anna Oko\u0144ska, Szko\u0142a Podstawowa w Zakliczynie, woj. ma\u0142opolskie<\/li>\n<\/ul>\n<p>Nagroda Centrum Fotografii Krajoznawczej PTTK<\/p>\n<ul>\n<li>\u201eWyspa Skarb\u00f3w \u2013 zabytki Wyspy Wolin\u201d, Bibiana Zienkiewicz, opiekun Ks. Marcin Miczku\u0142a, Publiczna Szko\u0142a Podstawowa im. Boles\u0142awa Krzywoustego w Wolinie, woj. zachodniopomorskie<\/li>\n<\/ul>\n<p>Nagroda im. \u0141ukasza Wojeckiego<\/p>\n<ul>\n<li>\u201eBohaterskie miasto \u2013 przesz\u0142o\u015b\u0107 i tera\u017aniejszo\u015b\u0107\u201d, Zuzanna Cie\u015blik, Klaudia Amelia Perkowska, Julia Paskuda, Martyna D\u0142u\u017cniewska, opiekun Katarzyna Adamkiewicz, El\u017cbieta Ka\u017amierska, Szko\u0142a Podstawowa nr 17 w P\u0142ocku, woj. mazowieckie<\/li>\n<\/ul>\n<p style=\"text-align: center;\"><strong>Szko\u0142y ponadpodstawowe<\/strong><\/p>\n<p>Grand Prix uczni\u00f3w szk\u00f3\u0142 ponadpodstawowych nie przyznano.<\/p>\n<p>W kategorii prac indywidualnych uczni\u00f3w szk\u00f3\u0142 ponadpodstawowych I nagrod\u0119 otrzymuje:<\/p>\n<ul>\n<li>\u201e<em>\u015awi\u0119ta Wojna<\/em>. Zag\u0142\u0119bie to nie \u015al\u0105sk\u201d, Bartosz Obczy\u0144ski, opiekun Margita Brzezinka, II Liceum Og\u00f3lnokszta\u0142c\u0105ce im. S. \u017beromskiego w D\u0105browie G\u00f3rniczej, woj. \u015bl\u0105skie<\/li>\n<\/ul>\n<p>W kategorii prac indywidualnych uczni\u00f3w szk\u00f3\u0142 ponadpodstawowych II nagrod\u0119 otrzymuje:<\/p>\n<ul>\n<li>\u201eBia\u0142k\u00f3w\u2026 Poleska oaza\u201d Wiktoria Samulska, opiekun Marzena Samulska, I Liceum Og\u00f3lnokszta\u0142c\u0105ce im. E. Dembowskiego w Zielonej G\u00f3rze, woj. lubuskie<\/li>\n<\/ul>\n<p>W kategorii prac indywidualnych uczni\u00f3w szk\u00f3\u0142 ponadpodstawowych III nagrod\u0119 otrzymuje:<\/p>\n<ul>\n<li>\u201ePluton Sieciechowski\u201d, Gabriela Roczkowska, opiekun Miros\u0142aw Mazur, II Liceum Og\u00f3lnokszta\u0142c\u0105ce w Zespole Szk\u00f3\u0142 nr 1 w Kozienicach, woj. mazowieckie<\/li>\n<\/ul>\n<p>W kategorii prac zbiorowych uczni\u00f3w szk\u00f3\u0142 ponadpodstawowych I nagrod\u0119 otrzymuj\u0105:<\/p>\n<ul>\n<li>\u201eO tym, jak sita raz w roku dodaj\u0105 Godom uroku\u201d, Anna P\u0119dziwiatr, Micha\u0142 Konieczny, opiekun Halina Sarzy\u0144ska, Zesp\u00f3\u0142 Szk\u00f3\u0142 Budowlanych i Og\u00f3lnokszta\u0142c\u0105cych w Bi\u0142goraju, woj. lubelskie<\/li>\n<\/ul>\n<p>W kategorii prac zbiorowych uczni\u00f3w szk\u00f3\u0142 ponadpodstawowych nie przyznano II i III nagrody.<\/p>\n<p>W kategorii prac multimedialnych uczni\u00f3w szk\u00f3\u0142 ponadpodstawowych I nagrod\u0119 otrzymuj\u0105:<\/p>\n<ul>\n<li>\u201eZa pa\u0142acem\u201d, Mateusz Brodziak, Pawe\u0142 Pieczykolan, Maciej Malec, opiekun Anna Ciosmak, Regionalne Centrum Edukacji Zawodowej w Bi\u0142goraju, Technikum Mechaniczno-Elektryczne, woj. lubelskie<\/li>\n<\/ul>\n<p>W kategorii prac multimedialnych uczni\u00f3w szk\u00f3\u0142 ponadpodstawowych II nagrod\u0119 otrzymuj\u0105:<\/p>\n<ul>\n<li>\u201eNasze miasto \u2013 D\u0105browa G\u00f3rnicza\u201d Julia Ormianin, Paulina Bednarska, opiekun Margita Brzezinka, II Liceum Og\u00f3lnokszta\u0142c\u0105ce\u00a0 im. Stefana \u017beromskiego w D\u0105browie G\u00f3rniczej, woj. \u015bl\u0105skie<\/li>\n<\/ul>\n<p>W kategorii prac multimedialnych uczni\u00f3w szk\u00f3\u0142 ponadpodstawowych III nagrody otrzymuj\u0105:<\/p>\n<ul>\n<li>\u201eLosy rodziny Solskich na tle historii Polski\u201d, Micha\u0142 Solski, opiekun Wies\u0142awa Kida, Publiczne Katolickie Liceum Og\u00f3lnokszta\u0142c\u0105ce w Jaros\u0142awiu, woj. podkarpackie<\/li>\n<\/ul>\n<p>Grand Prix w kategorii multimedialnej otrzymuj\u0105:<\/p>\n<ul>\n<li>\u201eSkarb Narod\u00f3w\u201d, Nawojka Wojtasik, Zofia Wojtasik, Marcelina Wojtasik, opiekun Aneta Tokarska-Wojtasik, Szko\u0142a Podstawowa im. Stanis\u0142awa Staszica w Nietulisku Du\u017cym, woj. \u015bwi\u0119tokrzyskie<\/li>\n<\/ul>\n<p>Zgodnie z punktem V.3 Regulaminu Konkursu, jury po raz kolejny przyzna\u0142o Nagrody im. Heleny Cie\u015blak \u2013 Cz\u0142onka Honorowego PTTK, pomys\u0142odawczyni konkursu. Nagrody otrzymuj\u0105 opiekunowie szczeg\u00f3lnie zas\u0142u\u017ceni w przygotowywaniu dotychczasowych uczestnik\u00f3w i laureat\u00f3w konkursu. W tej edycji konkursu nagrod\u0119 t\u0119 otrzymuje Stanis\u0142aw Rudnicki.<\/p>\n<p style=\"text-align: center;\"><strong>Gratulujemy wszystkim laureatom!<\/strong><\/p>\n<p>Konkurs organizowany jest od pocz\u0105tku lat 90-tych XX wieku przez Rad\u0119 Programow\u0105 do spraw M\u0142odzie\u017cy Szkolnej Zarz\u0105du G\u0142\u00f3wnego PTTK . G\u0142\u00f3wnym celem konkursu jest zach\u0119cenie m\u0142odych ludzi do poznawania Ziemi Ojczystej poprzez dostrzeganie i opisywanie w ciekawy spos\u00f3b obiekt\u00f3w krajoznawczych czy tradycji kulturowych, a tak\u017ce wspomnie\u0144 i wydarze\u0144 historycznych, czyli tego wszystkiego, co znajduje si\u0119 wok\u00f3\u0142 nas - w naszym otoczeniu, w \u017cyciu codziennym, podczas w\u0119dr\u00f3wek.<\/p>\n<p>Regulamin, co wa\u017cne nie narzuca sposobu prezentacji. Autor decyduje sam o tym czy b\u0119dzie to tradycyjne papierowe opracowanie z wykorzystaniem rysunk\u00f3w, fotografii itp. czy forma multimedialna, przygotowana dzi\u0119ki programom do tworzenia prezentacji, lub odwa\u017cniej jako filmy dokumentacyjne czy na ka\u017cdy inny spos\u00f3b. Ocena prac uwzgl\u0119dnia tre\u015b\u0107, spos\u00f3b przedstawienia, staranno\u015b\u0107 wykonania. Zapoznanie si\u0119 z materia\u0142ami, jakie do konkursu zg\u0142osz\u0105 uczestnicy pozwala komisji na ocen\u0119 umiej\u0119tno\u015bci uczestnika zwi\u0105zanych m.in. z czytelnym i logicznym zbieraniem i przekazaniem informacji o poznawanych obiektach czy faktach.<\/p>\n<p>&nbsp;<\/p>\n<p style=\"text-align: center;\"><strong><a href=\"https:\/\/turysta2.pttk.pl\/wp-content\/uploads\/2020\/06\/logo_poznajemy_ojcowizne.jpg\"><img loading=\"lazy\" decoding=\"async\" class=\"alignnone wp-image-25049\" src=\"https:\/\/turysta2.pttk.pl\/wp-content\/uploads\/2020\/06\/logo_poznajemy_ojcowizne-300x300.jpg\" alt=\"\" width=\"191\" height=\"191\" srcset=\"https:\/\/turysta2.pttk.pl\/wp-content\/uploads\/2020\/06\/logo_poznajemy_ojcowizne-300x300.jpg 300w, https:\/\/turysta2.pttk.pl\/wp-content\/uploads\/2020\/06\/logo_poznajemy_ojcowizne-150x150.jpg 150w, https:\/\/turysta2.pttk.pl\/wp-content\/uploads\/2020\/06\/logo_poznajemy_ojcowizne.jpg 633w\" sizes=\"auto, (max-width: 191px) 100vw, 191px\" \/><\/a><\/strong><\/p>\n","protected":false},"excerpt":{"rendered":"W Og\u00f3lnopolskim M\u0142odzie\u017cowym Konkursie Krajoznawczym \u201ePoznajemy Ojcowizn\u0119\u201d, w roku 2020 na szczeblach wojew\u00f3dzkich oceniono 314 prac, przygotowanych przez 463 uczni\u00f3w pod opiek\u0105 177 nauczycieli. kwiecie\u0144-czerwiec\/2(2)2020 Podczas tegorocznego etapu centralnego oceniono 63 prace: w tym 43 prace ze szk\u00f3\u0142 podstawowych, z czego 14 to prace multimedialne; 20 prac ze szk\u00f3\u0142 ponadpodstawowych, z czego 8 to prace multimedialne. Prace z wojew\u00f3dztwa wielkopolskiego&nbsp;<a href=\"https:\/\/turysta2.pttk.pl\/?p=25045\" class=\"read-more\">Continue Reading<\/a>","protected":false},"author":5,"featured_media":25394,"comment_status":"closed","ping_status":"closed","sticky":false,"template":"","format":"standard","meta":{"footnotes":""},"categories":[85],"tags":[],"class_list":["post-25045","post","type-post","status-publish","format-standard","has-post-thumbnail","hentry","category-konkursy","cat-85-id"],"aioseo_notices":[],"_links":{"self":[{"href":"https:\/\/turysta2.pttk.pl\/index.php?rest_route=\/wp\/v2\/posts\/25045","targetHints":{"allow":["GET"]}}],"collection":[{"href":"https:\/\/turysta2.pttk.pl\/index.php?rest_route=\/wp\/v2\/posts"}],"about":[{"href":"https:\/\/turysta2.pttk.pl\/index.php?rest_route=\/wp\/v2\/types\/post"}],"author":[{"embeddable":true,"href":"https:\/\/turysta2.pttk.pl\/index.php?rest_route=\/wp\/v2\/users\/5"}],"replies":[{"embeddable":true,"href":"https:\/\/turysta2.pttk.pl\/index.php?rest_route=%2Fwp%2Fv2%2Fcomments&post=25045"}],"version-history":[{"count":15,"href":"https:\/\/turysta2.pttk.pl\/index.php?rest_route=\/wp\/v2\/posts\/25045\/revisions"}],"predecessor-version":[{"id":25397,"href":"https:\/\/turysta2.pttk.pl\/index.php?rest_route=\/wp\/v2\/posts\/25045\/revisions\/25397"}],"wp:featuredmedia":[{"embeddable":true,"href":"https:\/\/turysta2.pttk.pl\/index.php?rest_route=\/wp\/v2\/media\/25394"}],"wp:attachment":[{"href":"https:\/\/turysta2.pttk.pl\/index.php?rest_route=%2Fwp%2Fv2%2Fmedia&parent=25045"}],"wp:term":[{"taxonomy":"category","embeddable":true,"href":"https:\/\/turysta2.pttk.pl\/index.php?rest_route=%2Fwp%2Fv2%2Fcategories&post=25045"},{"taxonomy":"post_tag","embeddable":true,"href":"https:\/\/turysta2.pttk.pl\/index.php?rest_route=%2Fwp%2Fv2%2Ftags&post=25045"}],"curies":[{"name":"wp","href":"https:\/\/api.w.org\/{rel}","templated":true}]}}