{"id":24978,"date":"2020-05-28T12:19:16","date_gmt":"2020-05-28T10:19:16","guid":{"rendered":"https:\/\/turysta2.pttk.pl\/?p=24978"},"modified":"2023-03-27T11:38:05","modified_gmt":"2023-03-27T09:38:05","slug":"tyle-zdolalismy-zrobic-przed-pandemia","status":"publish","type":"post","link":"https:\/\/turysta2.pttk.pl\/?p=24978","title":{"rendered":"Kongres w \u0141odzi&#8230; co zdo\u0142ali\u015bmy zrobi\u0107 przed pandemi\u0105?"},"content":{"rendered":"<p><strong>Organizacja przedsi\u0119wzi\u0119cia takiego jak kongres trwa kilka lat. Prace merytoryczne i organizacyjne VII Kongresu Krajoznawstwa Polskiego trwa\u0142y od roku 2018 i na chwil\u0119 obecn\u0105 zosta\u0142y zawieszone, decyzj\u0105 prezydium Zarz\u0105du G\u0142\u00f3wnego PTTK. Trwaj\u0105 rozwa\u017cania, kiedy to wa\u017cne dla krajoznawstwa polskiego przedsi\u0119wzi\u0119cie nale\u017cy zorganizowa\u0107, aby uczestnicy nie byli zagro\u017ceni COVID-19. <\/strong><\/p>\n<p><em><strong>Aktualizacja:<\/strong> decyzj\u0105 Zarz\u0105du G\u0142\u00f3wnego PTTK (Uchwa\u0142a nr 173\/XIX\/2020 Zarz\u0105du G\u0142\u00f3wnego PTTK z dnia 4 lipca 2020 r. zmieniaj\u0105ca uchwa\u0142\u0119 ZG PTTK nr 76\/XIX\/2018 z dnia 23 czerwca 2018 r. w sprawie ustalenia terminu Kongresu Krajoznawstwa Polskiego oraz powo\u0142ania Komitetu Naukowego i Komitetu Organizacyjnego Kongresu) VII Kongres Krajoznawstwa Polskiego odb\u0119dzie si\u0119 we wrze\u015bniu 2022 roku w \u0141odzi.<\/em><\/p>\n<pre>marzec-czerwiec\/2(2)2020<\/pre>\n<p>Na podstawie uchwa\u0142y XIX Walnego Zjazdu PTTK z wrze\u015bnia 2017 r. w sprawie udzia\u0142u Towarzystwa w\u00a0obchodach stulecia odzyskania przez Polsk\u0119 niepodleg\u0142o\u015bci oraz organizacji VII Kongresu Krajoznawstwa Polskiego, Zarz\u0105d G\u0142\u00f3wny PTTK podj\u0105\u0142 uchwa\u0142\u0119 nr\u00a076\/XIX\/2018 w czerwcu 2018 r. z\u00a0p\u00f3\u017an. zm., w kt\u00f3rej przyj\u0119to realizacj\u0119 kongresu w dniach\u00a0 17-20 wrze\u015bnia 2020 r. w \u0141odzi, zatwierdzono has\u0142o programowe \u201eKrajoznawstwo wobec tradycji i wyzwa\u0144 wsp\u00f3\u0142czesno\u015bci\u201d i powo\u0142ano komitety: naukowy i organizacyjny.<\/p>\n<p>W sk\u0142adzie Komitetu Naukowego znale\u017ali si\u0119 znakomici krajoznawcy: prof. dr hab. Janusz Zdebski \u2013 przewodnicz\u0105cy, dr Szymon Bijak, dr hab. Ma\u0142gorzata Durydiwka, mgr Andrzej Gordon, prof. dr hab. Andrzej Kowalczyk, dr hab. Zygmunt Kruczek, dr hab. Pola Kuleczka, dr Dariusz Ku\u017celewski, dr Franciszek Midura, dr Pawe\u0142 Mi\u015bkowiec, dr hab. Urszula Myga-Pi\u0105tek, ks. prof. dr hab. Maciej Ostrowski, dr J\u00f3zef Partyka \u2013 sekretarz, dr hab. Jacek Potocki, dr Andrzej Rembalski, mgr Stanis\u0142aw Sikora, dr Andrzej Stasiak, dr Aleksandra Staszak, dr\u00a0Andrzej Wasilewski, mgr Edward Wieczorek, dr hab. Bogdan W\u0142odarczyk, dr Dominik Ziarkowski i dr Bernadetta Zawili\u0144ska.<\/p>\n<p>Kwestie organizacyjne powierzono Zespo\u0142owi Organizacyjnemu, kt\u00f3remu przewodniczy\u0142 Adam J\u0119dras, Sekretarz Generalny ZG PTTK wraz z dyrektorem Biura Regionalnej Organizacji Turystycznej Wojew\u00f3dztwa \u0141\u00f3dzkiego Markiem Lawinem, prodziekanem Wydzia\u0142u Nauk Geograficznych S\u0142awojem Tanasiem, prezesem \u0141\u00f3dzkiej Organizacji Turystycznej Tomaszem Koralewskim, g\u0142\u00f3wn\u0105 ksi\u0119gow\u0105 ZG PTTK Ann\u0105 Bogack\u0105-Za\u0144, dyrektorem Centrum Fotografii Krajoznawczej PTTK w \u0141odzi Andrzejem Danowskim, kierownikiem Centralnej Biblioteki ZG PTTK Mari\u0105 Janowicz, kierownikiem Dzia\u0142u Programowo-Promocyjnego ZG PTTK Joann\u0105 Ko\u015bnik, prezesem Oddzia\u0142u PTTK w \u0141odzi Ryszardem Mamenasem oraz kierownikiem Dzia\u0142u Organizacyjno-Administracyjnego ZG PTTK Natali\u0105 Wojtyr\u0105.<\/p>\n<p>Uzyskano patronaty honorowe Polskiej Organizacji Turystycznej, Marsza\u0142ka Wojew\u00f3dztwa \u0141\u00f3dzkiego Grzegorza Schreibera, Wojewody \u0141\u00f3dzkiego Tobiasza Adama Boche\u0144skiego, Metropolity \u0141\u00f3dzkiego ks. Arcybiskupa Grzegorza Rysia, Regionalnej Organizacji Turystycznej i \u0141\u00f3dzkiej Organizacji Turystycznej.<\/p>\n<p>Zaproszenie do Komitetu Honorowego przyj\u0119li: senator Rzeczypospolitej Polskiej VIII i\u00a0IX kadencji Ryszard Bonis\u0142awski, prezydent Miasta \u0141odzi Hanna Zdanowska, rektor Uniwersytetu \u0141\u00f3dzkiego prof. dr hab. Antoni R\u00f3\u017calski, dyrektor Zespo\u0142u Park\u00f3w Krajobrazowych Wojew\u00f3dztwa \u0141\u00f3dzkiego Hieronim Andrzejewski, prezes Zarz\u0105du Regionalnej Organizacji Turystycznej Wojew\u00f3dztwa \u0141\u00f3dzkiego.<\/p>\n<p>Komitet Naukowy Kongresu zaproponowa\u0142 nast\u0119puj\u0105ce bloki tematyczne, kt\u00f3re b\u0119d\u0105 tematami wiod\u0105cymi zespo\u0142\u00f3w kongresowych:<\/p>\n<ul>\n<li>Zesp\u00f3\u0142 I \u201eKrajoznawstwo wobec przestrzeni\u201d.<\/li>\n<li>Zesp\u00f3\u0142 II \u201eKrajoznawstwo dzisiaj \u2013 nowe czasy, nowe formy, nowe pokolenia. M\u00f3j d\u0142ugoletni zwi\u0105zek z PTTK\u201d.<\/li>\n<li>Zesp\u00f3\u0142 III \u201eZ przesz\u0142o\u015bci w przysz\u0142o\u015b\u0107 \u2013 krajoznawstwo wobec wsp\u00f3\u0142czesnych odniesie\u0144 kultury\u201d.<\/li>\n<li>Zesp\u00f3\u0142 IV \u201eKrajoznawstwo wobec nauki i nauczania\u201d.<\/li>\n<\/ul>\n<p>W pierwszym kwartale 2020 roku, do sekretarza Zespo\u0142u Naukowego dr J\u00f3zefa Partyki, wp\u0142yn\u0119\u0142o 81 artyku\u0142\u00f3w zg\u0142oszonych przez naukowc\u00f3w i krajoznawc\u00f3w. Podj\u0119te zosta\u0142y prace nad kolejnym tomem \u201eWarsztat\u00f3w z Geografii Turyzmu\u201d oraz \u201eZiemi\u201d (2020) z artyku\u0142ami przygotowanymi na Kongres.<\/p>\n<p>Zako\u0144czone zosta\u0142y prace redakcyjne i wydano drukiem \u201eKanon krajoznawczy wojew\u00f3dztwa \u0142\u00f3dzkiego\u201d pod red. Jolanty Adamczyk, Bogdana W\u0142odarczyka i Andrzeja Stasiaka oraz \u201eZiemi\u0119\u201d (2019) pod red. J\u00f3zefa Partyki, z wyborem artyku\u0142\u00f3w referowanych w\u00a0ramach sesji krajoznawczych \u201eMijaj\u0105ce Krajobrazy Polski\u201d.<\/p>\n<p>Dzia\u0142ania Zespo\u0142u Organizacyjnego przy przygotowywaniu Kongresu, wspierali \u0142\u00f3dzcy partnerzy, nale\u017cy tu wymieni\u0107 dziekana Wydzia\u0142u Nauk Geograficznych Bogdana W\u0142odarczyka, dyrektora Departamentu Turystyki Urz\u0119du Marsza\u0142kowskiego Wojew\u00f3dztwa \u0141\u00f3dzkiego Rados\u0142awa Marca, dyrektora Biura Lokalnej Organizacji Turystycznej Tomasza Koralewskiego, prezesa Oddzia\u0142u PTTK im. Czeraszkiewicza Ryszarda Mamenasa, dyrektora Centrum Fotografii Krajoznawczej PTTK Andrzeja Danowskiego.<\/p>\n<p>Program trzydniowego Kongresu przewiduje obrady plenarne oraz dyskusje panelowe, realizowane w go\u015bcinnych progach Wydzia\u0142u Nauk Geograficznych Uniwersytetu \u0141\u00f3dzkiego. Tam r\u00f3wnie\u017c b\u0119d\u0105 prezentowane wystawy tematyczne zwi\u0105zane z krajoznawstwem i przyrod\u0105, przygotowane przez PTTK i WNG U\u0141, za\u015b materia\u0142y promocyjne o \u0141odzi i okolicach uczestnicy Kongresu otrzymaj\u0105 dzi\u0119ki Regionalnej i \u0141\u00f3dzkiej Organizacji Turystycznej.<\/p>\n<p>Wieczory uczestnikom Kongresu urozmaic\u0105 koncert Reprezentacyjnego Zespo\u0142u Artystycznego Wojska Polskiego w Filharmonii \u0141\u00f3dzkiej oraz wyst\u0119p plenerowy Amatorskiego Zespo\u0142u Regionalnego im. W\u0142. St. Reymonta z programem pt. \u201eWesele Boryny\u201d.<\/p>\n<p>Program Kongresu przewiduje wycieczk\u0119 przedkongresow\u0105 dla zainteresowanych \u0141\u00f3dzk\u0105 Kolej\u0105 Aglomeracyjn\u0105 do Arboretum Szko\u0142y G\u0142\u00f3wnej Gospodarstwa Wiejskiego w Rogowie. Ko\u0142o Przewodnik\u00f3w im. R. Rembieli\u0144skiego przy \u0141\u00f3dzkim Oddziale PTTK przygotowa\u0142o programy wycieczek przedkongresowych autokarowych dla uczestnik\u00f3w VII Kongresu Krajoznawstwa Polskiego, w czasie poprzedzaj\u0105cym obrady kongresowe pod has\u0142em: \u201e\u0141\u00f3d\u017a\u2013wielokulturowy krajobraz miasta przemys\u0142owego w czterech wariantach tematycznych: \u0141\u00f3dzkie judaica, \u015aladami kultury niemieckiej po \u0141odzi, Rosyjskimi \u015bladami po \u0141odzi i \u0141\u00f3d\u017a \u2013 ewenement na wsp\u00f3\u0142czesnej mapie Polski\u201d<em>.<\/em><\/p>\n<p>M\u0142odzie\u017c ze szk\u00f3\u0142 \u0142\u00f3dzkich we wszystkie dni kongresowe zostanie zaproszona do udzia\u0142u<br \/>\nw Krajoznawczej Trasie na Orientacj\u0119 przygotowanej i organizowanej przez Komisj\u0119 Imprez na Orientacj\u0119 Zarz\u0105du G\u0142\u00f3wnego PTTK.<\/p>\n<p>W czasie obrad VII KKP planowane jest doroczne spotkanie cz\u0142onk\u00f3w honorowych PTTK, kt\u00f3re b\u0119dzie organizowa\u0142 i koordynowa\u0142 prezes \u0141\u00f3dzkiego Oddzia\u0142u PTTK Ryszard Mamenas oraz otwarte zebranie Wielkopolskiego Klubu Publicyst\u00f3w Krajoznawczych. Przygotowana zosta\u0142a r\u00f3wnie\u017c strona internetowa Kongresu <u>viikongres.pttk.pl<\/u><\/p>\n<p>Tradycj\u0105 kongres\u00f3w jest organizacja sejmik\u00f3w przedkongresowych w roku poprzedzaj\u0105cym kongres, kt\u00f3rego organizatorami s\u0105 krajoznwcy i regionali\u015bci.<\/p>\n<p>W roku 2019 odby\u0142y si\u0119 sejmiki przedkongresowe na terenie Polski:<\/p>\n<p>15 lutego 2019 roku\u00a0 Olsztynie ph. <strong><em>Szlak Kopernikowski<\/em><\/strong><strong> zorganizowany przez <\/strong>Oddzia\u0142 Warmi\u0144sko-Mazurski PTTK w Olsztynie,<\/p>\n<p>30 marca 2019 roku w Krakowie ph. <strong><em>Krajoznawstwo w Ma\u0142opolsce. Tradycja-wsp\u00f3\u0142czesno\u015b\u0107-to\u017csamo\u015b\u0107 <\/em><\/strong><strong>zorganizowany przez <\/strong>Regionalne Forum Oddzia\u0142\u00f3w PTTK Ma\u0142opolski i Ma\u0142opolski Kr\u0105g Senior\u00f3w PTTK,<\/p>\n<p>14 wrze\u015bnia 2019 roku w \u0141odzi ph. <strong><em>\u0141\u00f3dzkie \u2013 to\u017csamo\u015b\u0107, wsp\u00f3lnota, region<\/em><\/strong><strong> zorganizowany przez <\/strong>\u00a0Oddzia\u0142 \u0141\u00f3dzki PTTK, Uniwersytet \u0141\u00f3dzki, Oddzia\u0142 PTTK w Zgierzu,<\/p>\n<p>19-20 pa\u017adziernika 2019 roku w Lublinie ph. <strong><em>Unia Lubelska \u2013 jej historia i krajoznawczy wymiar<\/em><\/strong><strong> zorganizowany przez <\/strong>Oddzia\u0142 Miejski PTTK im. A. Janowskiego w Lublinie,<\/p>\n<p>26 pa\u017adziernika 2019 roku w Kielach ph. <strong><em>Krajoznawstwo w \u015awi\u0119tokrzyskim \u2013 wczoraj, dzi\u015b i jutro <\/em><\/strong><strong>zorganizowany przez <\/strong>Oddzia\u0142 \u015awi\u0119tokrzyski PTTK w Kielcach,<\/p>\n<p>23 listopada 2019 roku w Ko\u0144skich ph. <strong><em>Mo\u017cliwo\u015bci wykorzystania turystycznego zabytk\u00f3w Staropolskiego Okr\u0119gu Przemys\u0142owego<\/em><\/strong><strong> zorganizowany przez <\/strong>Oddzia\u0142 PTTK w Ko\u0144skich.<\/p>\n<p>Maria Janowicz \/28 maja 2020\/<\/p>\n<p><em>Autorka logo VII Kongresu Krajoznawstwa Polskiego: <\/em>Agata Cyga\u0144ska<\/p>\n<p>&nbsp;<\/p>\n","protected":false},"excerpt":{"rendered":"Organizacja przedsi\u0119wzi\u0119cia takiego jak kongres trwa kilka lat. Prace merytoryczne i organizacyjne VII Kongresu Krajoznawstwa Polskiego trwa\u0142y od roku 2018 i na chwil\u0119 obecn\u0105 zosta\u0142y zawieszone, decyzj\u0105 prezydium Zarz\u0105du G\u0142\u00f3wnego PTTK. Trwaj\u0105 rozwa\u017cania, kiedy to wa\u017cne dla krajoznawstwa polskiego przedsi\u0119wzi\u0119cie nale\u017cy zorganizowa\u0107, aby uczestnicy nie byli zagro\u017ceni COVID-19. Aktualizacja: decyzj\u0105 Zarz\u0105du G\u0142\u00f3wnego PTTK (Uchwa\u0142a nr 173\/XIX\/2020 Zarz\u0105du G\u0142\u00f3wnego PTTK z&nbsp;<a href=\"https:\/\/turysta2.pttk.pl\/?p=24978\" class=\"read-more\">Continue Reading<\/a>","protected":false},"author":4,"featured_media":24979,"comment_status":"closed","ping_status":"closed","sticky":false,"template":"","format":"standard","meta":{"footnotes":""},"categories":[78,14],"tags":[107,106,99],"class_list":["post-24978","post","type-post","status-publish","format-standard","has-post-thumbnail","hentry","category-konferencje-szkolenia","category-krajoznawstwo","tag-konferencje","tag-kongresy","tag-krajoznawstwo","cat-78-id","cat-14-id"],"aioseo_notices":[],"_links":{"self":[{"href":"https:\/\/turysta2.pttk.pl\/index.php?rest_route=\/wp\/v2\/posts\/24978","targetHints":{"allow":["GET"]}}],"collection":[{"href":"https:\/\/turysta2.pttk.pl\/index.php?rest_route=\/wp\/v2\/posts"}],"about":[{"href":"https:\/\/turysta2.pttk.pl\/index.php?rest_route=\/wp\/v2\/types\/post"}],"author":[{"embeddable":true,"href":"https:\/\/turysta2.pttk.pl\/index.php?rest_route=\/wp\/v2\/users\/4"}],"replies":[{"embeddable":true,"href":"https:\/\/turysta2.pttk.pl\/index.php?rest_route=%2Fwp%2Fv2%2Fcomments&post=24978"}],"version-history":[{"count":14,"href":"https:\/\/turysta2.pttk.pl\/index.php?rest_route=\/wp\/v2\/posts\/24978\/revisions"}],"predecessor-version":[{"id":25868,"href":"https:\/\/turysta2.pttk.pl\/index.php?rest_route=\/wp\/v2\/posts\/24978\/revisions\/25868"}],"wp:featuredmedia":[{"embeddable":true,"href":"https:\/\/turysta2.pttk.pl\/index.php?rest_route=\/wp\/v2\/media\/24979"}],"wp:attachment":[{"href":"https:\/\/turysta2.pttk.pl\/index.php?rest_route=%2Fwp%2Fv2%2Fmedia&parent=24978"}],"wp:term":[{"taxonomy":"category","embeddable":true,"href":"https:\/\/turysta2.pttk.pl\/index.php?rest_route=%2Fwp%2Fv2%2Fcategories&post=24978"},{"taxonomy":"post_tag","embeddable":true,"href":"https:\/\/turysta2.pttk.pl\/index.php?rest_route=%2Fwp%2Fv2%2Ftags&post=24978"}],"curies":[{"name":"wp","href":"https:\/\/api.w.org\/{rel}","templated":true}]}}