{"id":24939,"date":"2020-05-28T11:52:22","date_gmt":"2020-05-28T09:52:22","guid":{"rendered":"https:\/\/turysta2.pttk.pl\/?p=24939"},"modified":"2023-03-27T11:38:05","modified_gmt":"2023-03-27T09:38:05","slug":"konkurs-na-zdjecie-do-kalendarza-pttk-rozstrzygniety","status":"publish","type":"post","link":"https:\/\/turysta2.pttk.pl\/?p=24939","title":{"rendered":"Konkurs na zdj\u0119cie do kalendarza PTTK rozstrzygni\u0119ty!"},"content":{"rendered":"<p><strong>Znamy ju\u017c zwyci\u0119zc\u00f3w og\u0142oszonego przez Komisj\u0119 Fotografii Krajoznawczej Zarz\u0105du G\u0142\u00f3wnego PTTK konkursu na kalendarz PTTK. <\/strong><\/p>\n<pre>stycze\u0144-marzec\/1(1)2020<\/pre>\n<p>Nades\u0142ano 93 zdj\u0119cia, spo\u015br\u00f3d nich wybrano zwyci\u0119skie prace:<\/p>\n<p>I miejsce (ex aequo):<\/p>\n<ul>\n<li>\u201eMa\u0142a przysta\u0144 nad Jeziorakiem\u201d, autor: Janusz Piotrowski<\/li>\n<li>\u201ePa\u0142ac w Olszanicy\u201d, autor: Krzysztof Madej.<\/li>\n<\/ul>\n<p>II miejsce:<\/p>\n<ul>\n<li>Marek Kosi\u0144ski<\/li>\n<li>Wies\u0142aw Pasko<\/li>\n<li>Izabela Ruci\u0144ska<\/li>\n<li>Piotr Dziki<\/li>\n<li>Kazimierz Szmela<\/li>\n<li>Alojzy Zi\u00f3\u0142kowski.<\/li>\n<\/ul>\n<p>III miejsce:<\/p>\n<ul>\n<li>Janusz Piotrowski<\/li>\n<li>Krystyna Kosi\u0144ska<\/li>\n<li>Piotr Dziki<\/li>\n<li>Alojzy Zi\u00f3\u0142kowski<\/li>\n<li>Katarzyna Ogonowska.<\/li>\n<\/ul>\n<p>IV miejsce:<\/p>\n<ul>\n<li>Bo\u017cena Gierawa,<\/li>\n<li>Marek Kosi\u0144ski,<\/li>\n<li>Krystyna Kosi\u0144ska<\/li>\n<li>Wies\u0142aw Pasko<\/li>\n<li>Piotr Dziki<\/li>\n<li>Alojzy Zi\u00f3\u0142kowski<\/li>\n<li>Marcin Kruszczy\u0144ski<\/li>\n<li>Krzysztof Madej<\/li>\n<li>Piotr Kopicki<\/li>\n<li>Grzegorz Soko\u0142owski.<\/li>\n<\/ul>\n<p>Przedstawiciel Zarz\u0105du G\u0142\u00f3wnego PTTK dokona\u0142 wyboru jednej z nagrodzonych pierwsz\u0105 lokat\u0105 prac, kt\u00f3ra zostanie wykorzystana na winiecie kalendarza PTTK w roku 2020. Wyb\u00f3r pad\u0142 na prac\u0119 Janusza Piotrowskiego \u201eMa\u0142a przysta\u0144 nad Jeziorakiem\u201d.<\/p>\n<p>Organizatorzy gratuluj\u0105 wszystkim uczestnikom bardzo wysokiego poziomu nades\u0142anych prac.<\/p>\n<p>Andrzej Kowol<\/p>\n<p>&nbsp;<\/p>\n<p>Lokata I - Krzysztof Madej \"Pa\u0142ac w Olszanicy\u201d.<br \/>\n<a href=\"https:\/\/turysta2.pttk.pl\/wp-content\/uploads\/2020\/05\/Lokata-I-Krzysztof-Madej.jpg\"><img loading=\"lazy\" decoding=\"async\" class=\"aligncenter size-large wp-image-24943\" src=\"https:\/\/turysta2.pttk.pl\/wp-content\/uploads\/2020\/05\/Lokata-I-Krzysztof-Madej.jpg\" alt=\"\" width=\"604\" height=\"403\" srcset=\"https:\/\/turysta2.pttk.pl\/wp-content\/uploads\/2020\/05\/Lokata-I-Krzysztof-Madej.jpg 720w, https:\/\/turysta2.pttk.pl\/wp-content\/uploads\/2020\/05\/Lokata-I-Krzysztof-Madej-300x200.jpg 300w\" sizes=\"auto, (max-width: 604px) 100vw, 604px\" \/><\/a><\/p>\n<p>&nbsp;<\/p>\n<p>Lokata I - Janusz Piotrowski \"Ma\u0142a przysta\u0144 nad Jeziorakiem\", zdj\u0119cie wybrane do kalendarza PTTK na rok 2020.<br \/>\n<a href=\"https:\/\/turysta2.pttk.pl\/wp-content\/uploads\/2020\/05\/Lokata-I-Janusz-Piotrowski.jpg\"><img loading=\"lazy\" decoding=\"async\" class=\"aligncenter size-full wp-image-24942\" src=\"https:\/\/turysta2.pttk.pl\/wp-content\/uploads\/2020\/05\/Lokata-I-Janusz-Piotrowski.jpg\" alt=\"\" width=\"694\" height=\"408\" srcset=\"https:\/\/turysta2.pttk.pl\/wp-content\/uploads\/2020\/05\/Lokata-I-Janusz-Piotrowski.jpg 694w, https:\/\/turysta2.pttk.pl\/wp-content\/uploads\/2020\/05\/Lokata-I-Janusz-Piotrowski-300x176.jpg 300w\" sizes=\"auto, (max-width: 694px) 100vw, 694px\" \/><\/a><br \/>\nLokata II - Marek Kosi\u0144ski<br \/>\n<a href=\"https:\/\/turysta2.pttk.pl\/wp-content\/uploads\/2020\/05\/Lokata-II-Marek-Kosi\u0144ski.jpg\"><img loading=\"lazy\" decoding=\"async\" class=\"aligncenter size-large wp-image-24947\" src=\"https:\/\/turysta2.pttk.pl\/wp-content\/uploads\/2020\/05\/Lokata-II-Marek-Kosi\u0144ski.jpg\" alt=\"\" width=\"604\" height=\"348\" srcset=\"https:\/\/turysta2.pttk.pl\/wp-content\/uploads\/2020\/05\/Lokata-II-Marek-Kosi\u0144ski.jpg 705w, https:\/\/turysta2.pttk.pl\/wp-content\/uploads\/2020\/05\/Lokata-II-Marek-Kosi\u0144ski-300x173.jpg 300w\" sizes=\"auto, (max-width: 604px) 100vw, 604px\" \/><\/a><br \/>\nLokata II - Wies\u0142aw Pasko<br \/>\n<a href=\"https:\/\/turysta2.pttk.pl\/wp-content\/uploads\/2020\/05\/Lokata-II-Wies\u0142aw-Pasko.jpg\"><img loading=\"lazy\" decoding=\"async\" class=\"aligncenter size-large wp-image-24949\" src=\"https:\/\/turysta2.pttk.pl\/wp-content\/uploads\/2020\/05\/Lokata-II-Wies\u0142aw-Pasko.jpg\" alt=\"\" width=\"604\" height=\"347\" srcset=\"https:\/\/turysta2.pttk.pl\/wp-content\/uploads\/2020\/05\/Lokata-II-Wies\u0142aw-Pasko.jpg 685w, https:\/\/turysta2.pttk.pl\/wp-content\/uploads\/2020\/05\/Lokata-II-Wies\u0142aw-Pasko-300x173.jpg 300w\" sizes=\"auto, (max-width: 604px) 100vw, 604px\" \/><\/a><br \/>\nLokata II - Izabela Ruci\u0144ska<br \/>\n<a href=\"https:\/\/turysta2.pttk.pl\/wp-content\/uploads\/2020\/05\/Lokata-II-Izabela-Ruci\u0144ska.jpg\"><img loading=\"lazy\" decoding=\"async\" class=\"aligncenter size-large wp-image-24945\" src=\"https:\/\/turysta2.pttk.pl\/wp-content\/uploads\/2020\/05\/Lokata-II-Izabela-Ruci\u0144ska.jpg\" alt=\"\" width=\"604\" height=\"453\" srcset=\"https:\/\/turysta2.pttk.pl\/wp-content\/uploads\/2020\/05\/Lokata-II-Izabela-Ruci\u0144ska.jpg 693w, https:\/\/turysta2.pttk.pl\/wp-content\/uploads\/2020\/05\/Lokata-II-Izabela-Ruci\u0144ska-300x225.jpg 300w, https:\/\/turysta2.pttk.pl\/wp-content\/uploads\/2020\/05\/Lokata-II-Izabela-Ruci\u0144ska-200x150.jpg 200w\" sizes=\"auto, (max-width: 604px) 100vw, 604px\" \/><\/a><br \/>\nLokata II - Piotr Dziki<br \/>\n<a href=\"https:\/\/turysta2.pttk.pl\/wp-content\/uploads\/2020\/05\/Lokata-II-Piotr-Dziki.jpg\"><img loading=\"lazy\" decoding=\"async\" class=\"aligncenter size-large wp-image-24948\" src=\"https:\/\/turysta2.pttk.pl\/wp-content\/uploads\/2020\/05\/Lokata-II-Piotr-Dziki.jpg\" alt=\"\" width=\"604\" height=\"453\" srcset=\"https:\/\/turysta2.pttk.pl\/wp-content\/uploads\/2020\/05\/Lokata-II-Piotr-Dziki.jpg 705w, https:\/\/turysta2.pttk.pl\/wp-content\/uploads\/2020\/05\/Lokata-II-Piotr-Dziki-300x225.jpg 300w, https:\/\/turysta2.pttk.pl\/wp-content\/uploads\/2020\/05\/Lokata-II-Piotr-Dziki-200x150.jpg 200w\" sizes=\"auto, (max-width: 604px) 100vw, 604px\" \/><\/a><br \/>\nLokata II - Kazimierz Szmela<br \/>\n<a href=\"https:\/\/turysta2.pttk.pl\/wp-content\/uploads\/2020\/05\/Lokata-II-Kazimierz-Szmela.jpg\"><img loading=\"lazy\" decoding=\"async\" class=\"aligncenter size-large wp-image-24946\" src=\"https:\/\/turysta2.pttk.pl\/wp-content\/uploads\/2020\/05\/Lokata-II-Kazimierz-Szmela.jpg\" alt=\"\" width=\"604\" height=\"403\" srcset=\"https:\/\/turysta2.pttk.pl\/wp-content\/uploads\/2020\/05\/Lokata-II-Kazimierz-Szmela.jpg 697w, https:\/\/turysta2.pttk.pl\/wp-content\/uploads\/2020\/05\/Lokata-II-Kazimierz-Szmela-300x200.jpg 300w\" sizes=\"auto, (max-width: 604px) 100vw, 604px\" \/><\/a><br \/>\nLokata II - Alojzy Zi\u00f3\u0142kowski<br \/>\n<a href=\"https:\/\/turysta2.pttk.pl\/wp-content\/uploads\/2020\/05\/Lokata-II-Alojzy-Zi\u00f3\u0142kowski.jpg\"><img loading=\"lazy\" decoding=\"async\" class=\"aligncenter size-large wp-image-24944\" src=\"https:\/\/turysta2.pttk.pl\/wp-content\/uploads\/2020\/05\/Lokata-II-Alojzy-Zi\u00f3\u0142kowski.jpg\" alt=\"\" width=\"604\" height=\"355\" srcset=\"https:\/\/turysta2.pttk.pl\/wp-content\/uploads\/2020\/05\/Lokata-II-Alojzy-Zi\u00f3\u0142kowski.jpg 701w, https:\/\/turysta2.pttk.pl\/wp-content\/uploads\/2020\/05\/Lokata-II-Alojzy-Zi\u00f3\u0142kowski-300x176.jpg 300w\" sizes=\"auto, (max-width: 604px) 100vw, 604px\" \/><\/a><\/p>\n<p>&nbsp;<\/p>\n<p>Lokata III - Janusz Piotrowski<br \/>\n<a href=\"https:\/\/turysta2.pttk.pl\/wp-content\/uploads\/2020\/05\/Lokata-III-Janusz-Piotrowski.jpg\"><img loading=\"lazy\" decoding=\"async\" class=\"aligncenter size-large wp-image-24953\" src=\"https:\/\/turysta2.pttk.pl\/wp-content\/uploads\/2020\/05\/Lokata-III-Janusz-Piotrowski.jpg\" alt=\"\" width=\"604\" height=\"355\" srcset=\"https:\/\/turysta2.pttk.pl\/wp-content\/uploads\/2020\/05\/Lokata-III-Janusz-Piotrowski.jpg 697w, https:\/\/turysta2.pttk.pl\/wp-content\/uploads\/2020\/05\/Lokata-III-Janusz-Piotrowski-300x176.jpg 300w\" sizes=\"auto, (max-width: 604px) 100vw, 604px\" \/><\/a><br \/>\nLokata III - Krystyna Kosi\u0144ska<br \/>\n<a href=\"https:\/\/turysta2.pttk.pl\/wp-content\/uploads\/2020\/05\/Lokata-III-Krystyna-Kosi\u0144ska-1.jpg\"><img loading=\"lazy\" decoding=\"async\" class=\"aligncenter size-large wp-image-24956\" src=\"https:\/\/turysta2.pttk.pl\/wp-content\/uploads\/2020\/05\/Lokata-III-Krystyna-Kosi\u0144ska-1.jpg\" alt=\"\" width=\"604\" height=\"355\" srcset=\"https:\/\/turysta2.pttk.pl\/wp-content\/uploads\/2020\/05\/Lokata-III-Krystyna-Kosi\u0144ska-1.jpg 697w, https:\/\/turysta2.pttk.pl\/wp-content\/uploads\/2020\/05\/Lokata-III-Krystyna-Kosi\u0144ska-1-300x176.jpg 300w\" sizes=\"auto, (max-width: 604px) 100vw, 604px\" \/><\/a><br \/>\nLokata III - Krystyna Kosi\u0144ska<br \/>\n<a href=\"https:\/\/turysta2.pttk.pl\/wp-content\/uploads\/2020\/05\/Lokata-III-Krystyna-Kosi\u0144ska-2.jpg\"><img loading=\"lazy\" decoding=\"async\" class=\"aligncenter size-large wp-image-24957\" src=\"https:\/\/turysta2.pttk.pl\/wp-content\/uploads\/2020\/05\/Lokata-III-Krystyna-Kosi\u0144ska-2.jpg\" alt=\"\" width=\"604\" height=\"355\" srcset=\"https:\/\/turysta2.pttk.pl\/wp-content\/uploads\/2020\/05\/Lokata-III-Krystyna-Kosi\u0144ska-2.jpg 697w, https:\/\/turysta2.pttk.pl\/wp-content\/uploads\/2020\/05\/Lokata-III-Krystyna-Kosi\u0144ska-2-300x176.jpg 300w\" sizes=\"auto, (max-width: 604px) 100vw, 604px\" \/><\/a><br \/>\nLokata III - Piotr Dziki<br \/>\n<a href=\"https:\/\/turysta2.pttk.pl\/wp-content\/uploads\/2020\/05\/Lokata-III-Piotr-Dziki-1.jpg\"><img loading=\"lazy\" decoding=\"async\" class=\"aligncenter size-large wp-image-24958\" src=\"https:\/\/turysta2.pttk.pl\/wp-content\/uploads\/2020\/05\/Lokata-III-Piotr-Dziki-1.jpg\" alt=\"\" width=\"604\" height=\"453\" srcset=\"https:\/\/turysta2.pttk.pl\/wp-content\/uploads\/2020\/05\/Lokata-III-Piotr-Dziki-1.jpg 697w, https:\/\/turysta2.pttk.pl\/wp-content\/uploads\/2020\/05\/Lokata-III-Piotr-Dziki-1-300x225.jpg 300w, https:\/\/turysta2.pttk.pl\/wp-content\/uploads\/2020\/05\/Lokata-III-Piotr-Dziki-1-200x150.jpg 200w\" sizes=\"auto, (max-width: 604px) 100vw, 604px\" \/><\/a><br \/>\nLokata III - Piotr Dziki<br \/>\n<a href=\"https:\/\/turysta2.pttk.pl\/wp-content\/uploads\/2020\/05\/Lokata-III-Piotr-Dziki-2.jpg\"><img loading=\"lazy\" decoding=\"async\" class=\"aligncenter size-large wp-image-24959\" src=\"https:\/\/turysta2.pttk.pl\/wp-content\/uploads\/2020\/05\/Lokata-III-Piotr-Dziki-2.jpg\" alt=\"\" width=\"604\" height=\"453\" srcset=\"https:\/\/turysta2.pttk.pl\/wp-content\/uploads\/2020\/05\/Lokata-III-Piotr-Dziki-2.jpg 704w, https:\/\/turysta2.pttk.pl\/wp-content\/uploads\/2020\/05\/Lokata-III-Piotr-Dziki-2-300x225.jpg 300w, https:\/\/turysta2.pttk.pl\/wp-content\/uploads\/2020\/05\/Lokata-III-Piotr-Dziki-2-200x150.jpg 200w\" sizes=\"auto, (max-width: 604px) 100vw, 604px\" \/><\/a><br \/>\nLokata III - Alojzy Zi\u00f3\u0142kowski<br \/>\n<a href=\"https:\/\/turysta2.pttk.pl\/wp-content\/uploads\/2020\/05\/Lokata-III-Alojzy-Zi\u00f3\u0142kowski-1.jpg\"><img loading=\"lazy\" decoding=\"async\" class=\"aligncenter size-large wp-image-24951\" src=\"https:\/\/turysta2.pttk.pl\/wp-content\/uploads\/2020\/05\/Lokata-III-Alojzy-Zi\u00f3\u0142kowski-1.jpg\" alt=\"\" width=\"604\" height=\"356\" srcset=\"https:\/\/turysta2.pttk.pl\/wp-content\/uploads\/2020\/05\/Lokata-III-Alojzy-Zi\u00f3\u0142kowski-1.jpg 705w, https:\/\/turysta2.pttk.pl\/wp-content\/uploads\/2020\/05\/Lokata-III-Alojzy-Zi\u00f3\u0142kowski-1-300x177.jpg 300w\" sizes=\"auto, (max-width: 604px) 100vw, 604px\" \/><\/a><\/p>\n<p>&nbsp;<\/p>\n<p>Lokata III - Kazimierz Szmela<br \/>\n<a href=\"https:\/\/turysta2.pttk.pl\/wp-content\/uploads\/2020\/05\/Lokata-III-Kazimierz-Szmela.jpg\"><img loading=\"lazy\" decoding=\"async\" class=\"aligncenter size-large wp-image-24955\" src=\"https:\/\/turysta2.pttk.pl\/wp-content\/uploads\/2020\/05\/Lokata-III-Kazimierz-Szmela.jpg\" alt=\"\" width=\"604\" height=\"402\" srcset=\"https:\/\/turysta2.pttk.pl\/wp-content\/uploads\/2020\/05\/Lokata-III-Kazimierz-Szmela.jpg 713w, https:\/\/turysta2.pttk.pl\/wp-content\/uploads\/2020\/05\/Lokata-III-Kazimierz-Szmela-300x200.jpg 300w\" sizes=\"auto, (max-width: 604px) 100vw, 604px\" \/><\/a><br \/>\nLokata III - Alojzy Zi\u00f3\u0142kowski<br \/>\n<a href=\"https:\/\/turysta2.pttk.pl\/wp-content\/uploads\/2020\/05\/Lokata-III-Alojzy-Zi\u00f3\u0142kowski-2.jpg\"><img loading=\"lazy\" decoding=\"async\" class=\"aligncenter size-large wp-image-24952\" src=\"https:\/\/turysta2.pttk.pl\/wp-content\/uploads\/2020\/05\/Lokata-III-Alojzy-Zi\u00f3\u0142kowski-2.jpg\" alt=\"\" width=\"604\" height=\"355\" srcset=\"https:\/\/turysta2.pttk.pl\/wp-content\/uploads\/2020\/05\/Lokata-III-Alojzy-Zi\u00f3\u0142kowski-2.jpg 689w, https:\/\/turysta2.pttk.pl\/wp-content\/uploads\/2020\/05\/Lokata-III-Alojzy-Zi\u00f3\u0142kowski-2-300x176.jpg 300w\" sizes=\"auto, (max-width: 604px) 100vw, 604px\" \/><\/a><br \/>\nLokata III - Katarzyna Ogonowska<br \/>\n<a href=\"https:\/\/turysta2.pttk.pl\/wp-content\/uploads\/2020\/05\/Lokata-III-Katarzyna-Ogonowska.jpg\"><img loading=\"lazy\" decoding=\"async\" class=\"aligncenter size-large wp-image-24954\" src=\"https:\/\/turysta2.pttk.pl\/wp-content\/uploads\/2020\/05\/Lokata-III-Katarzyna-Ogonowska.jpg\" alt=\"\" width=\"604\" height=\"340\" srcset=\"https:\/\/turysta2.pttk.pl\/wp-content\/uploads\/2020\/05\/Lokata-III-Katarzyna-Ogonowska.jpg 700w, https:\/\/turysta2.pttk.pl\/wp-content\/uploads\/2020\/05\/Lokata-III-Katarzyna-Ogonowska-300x169.jpg 300w\" sizes=\"auto, (max-width: 604px) 100vw, 604px\" \/><\/a><br \/>\nLokata III - Alojzy Zi\u00f3\u0142kowski<br \/>\n<a href=\"https:\/\/turysta2.pttk.pl\/wp-content\/uploads\/2020\/05\/Lokata-III-Alojzy-Zi\u00f3\u0142kowski-0.jpg\"><img loading=\"lazy\" decoding=\"async\" class=\"aligncenter size-large wp-image-24950\" src=\"https:\/\/turysta2.pttk.pl\/wp-content\/uploads\/2020\/05\/Lokata-III-Alojzy-Zi\u00f3\u0142kowski-0.jpg\" alt=\"\" width=\"604\" height=\"355\" srcset=\"https:\/\/turysta2.pttk.pl\/wp-content\/uploads\/2020\/05\/Lokata-III-Alojzy-Zi\u00f3\u0142kowski-0.jpg 697w, https:\/\/turysta2.pttk.pl\/wp-content\/uploads\/2020\/05\/Lokata-III-Alojzy-Zi\u00f3\u0142kowski-0-300x176.jpg 300w\" sizes=\"auto, (max-width: 604px) 100vw, 604px\" \/><\/a><br \/>\nLokata IV - Bo\u017cena Giorewa<br \/>\n<a href=\"https:\/\/turysta2.pttk.pl\/wp-content\/uploads\/2020\/05\/Lokata-IV-Bo\u017cena-Giorewa-1.jpg\"><img loading=\"lazy\" decoding=\"async\" class=\"aligncenter size-large wp-image-24961\" src=\"https:\/\/turysta2.pttk.pl\/wp-content\/uploads\/2020\/05\/Lokata-IV-Bo\u017cena-Giorewa-1.jpg\" alt=\"\" width=\"604\" height=\"402\" srcset=\"https:\/\/turysta2.pttk.pl\/wp-content\/uploads\/2020\/05\/Lokata-IV-Bo\u017cena-Giorewa-1.jpg 689w, https:\/\/turysta2.pttk.pl\/wp-content\/uploads\/2020\/05\/Lokata-IV-Bo\u017cena-Giorewa-1-300x200.jpg 300w\" sizes=\"auto, (max-width: 604px) 100vw, 604px\" \/><\/a><br \/>\nLokata IV - Marek Kosi\u0144ski<br \/>\n<a href=\"https:\/\/turysta2.pttk.pl\/wp-content\/uploads\/2020\/05\/Lokata-IV-Marek-Kosi\u0144ski-2.jpg\"><img loading=\"lazy\" decoding=\"async\" class=\"aligncenter size-large wp-image-24967\" src=\"https:\/\/turysta2.pttk.pl\/wp-content\/uploads\/2020\/05\/Lokata-IV-Marek-Kosi\u0144ski-2.jpg\" alt=\"\" width=\"604\" height=\"347\" srcset=\"https:\/\/turysta2.pttk.pl\/wp-content\/uploads\/2020\/05\/Lokata-IV-Marek-Kosi\u0144ski-2.jpg 708w, https:\/\/turysta2.pttk.pl\/wp-content\/uploads\/2020\/05\/Lokata-IV-Marek-Kosi\u0144ski-2-300x172.jpg 300w\" sizes=\"auto, (max-width: 604px) 100vw, 604px\" \/><\/a><br \/>\nLokata IV - Bo\u017cena Giorewa<br \/>\n<a href=\"https:\/\/turysta2.pttk.pl\/wp-content\/uploads\/2020\/05\/Lokata-IV-Bo\u017cena-Giorewa-2.jpg\"><img loading=\"lazy\" decoding=\"async\" class=\"aligncenter size-large wp-image-24962\" src=\"https:\/\/turysta2.pttk.pl\/wp-content\/uploads\/2020\/05\/Lokata-IV-Bo\u017cena-Giorewa-2.jpg\" alt=\"\" width=\"604\" height=\"402\" srcset=\"https:\/\/turysta2.pttk.pl\/wp-content\/uploads\/2020\/05\/Lokata-IV-Bo\u017cena-Giorewa-2.jpg 697w, https:\/\/turysta2.pttk.pl\/wp-content\/uploads\/2020\/05\/Lokata-IV-Bo\u017cena-Giorewa-2-300x200.jpg 300w\" sizes=\"auto, (max-width: 604px) 100vw, 604px\" \/><\/a><br \/>\nLokata IV - Marek Kosi\u0144ski<br \/>\n<a href=\"https:\/\/turysta2.pttk.pl\/wp-content\/uploads\/2020\/05\/Lokata-IV-Marek-Kosi\u0144ski-1.jpg\"><img loading=\"lazy\" decoding=\"async\" class=\"aligncenter size-large wp-image-24966\" src=\"https:\/\/turysta2.pttk.pl\/wp-content\/uploads\/2020\/05\/Lokata-IV-Marek-Kosi\u0144ski-1.jpg\" alt=\"\" width=\"604\" height=\"347\" srcset=\"https:\/\/turysta2.pttk.pl\/wp-content\/uploads\/2020\/05\/Lokata-IV-Marek-Kosi\u0144ski-1.jpg 697w, https:\/\/turysta2.pttk.pl\/wp-content\/uploads\/2020\/05\/Lokata-IV-Marek-Kosi\u0144ski-1-300x173.jpg 300w\" sizes=\"auto, (max-width: 604px) 100vw, 604px\" \/><\/a><br \/>\nLokata IV -\u00a0 Kazimierz Szymela<\/p>\n<p><a href=\"https:\/\/turysta2.pttk.pl\/wp-content\/uploads\/2020\/05\/Lokata-IV-Kazimierz-Szymela.jpg\"><img loading=\"lazy\" decoding=\"async\" class=\"aligncenter size-large wp-image-24972\" src=\"https:\/\/turysta2.pttk.pl\/wp-content\/uploads\/2020\/05\/Lokata-IV-Kazimierz-Szymela.jpg\" alt=\"\" width=\"604\" height=\"453\" srcset=\"https:\/\/turysta2.pttk.pl\/wp-content\/uploads\/2020\/05\/Lokata-IV-Kazimierz-Szymela.jpg 694w, https:\/\/turysta2.pttk.pl\/wp-content\/uploads\/2020\/05\/Lokata-IV-Kazimierz-Szymela-300x225.jpg 300w, https:\/\/turysta2.pttk.pl\/wp-content\/uploads\/2020\/05\/Lokata-IV-Kazimierz-Szymela-200x150.jpg 200w\" sizes=\"auto, (max-width: 604px) 100vw, 604px\" \/><\/a><\/p>\n<p>&nbsp;<\/p>\n<p>Lokata IV - Krystyna Kosi\u0144ska<br \/>\n<a href=\"https:\/\/turysta2.pttk.pl\/wp-content\/uploads\/2020\/05\/Lokata-IV-Krystyna-Kosi\u0144ska.jpg\"><img loading=\"lazy\" decoding=\"async\" class=\"aligncenter size-large wp-image-24963\" src=\"https:\/\/turysta2.pttk.pl\/wp-content\/uploads\/2020\/05\/Lokata-IV-Krystyna-Kosi\u0144ska.jpg\" alt=\"\" width=\"604\" height=\"356\" srcset=\"https:\/\/turysta2.pttk.pl\/wp-content\/uploads\/2020\/05\/Lokata-IV-Krystyna-Kosi\u0144ska.jpg 705w, https:\/\/turysta2.pttk.pl\/wp-content\/uploads\/2020\/05\/Lokata-IV-Krystyna-Kosi\u0144ska-300x177.jpg 300w\" sizes=\"auto, (max-width: 604px) 100vw, 604px\" \/><\/a><br \/>\nLokata IV - Wies\u0142aw Pasko<br \/>\n<a href=\"https:\/\/turysta2.pttk.pl\/wp-content\/uploads\/2020\/05\/Lokata-IV-Wies\u0142aw-Pasko-1.jpg\"><img loading=\"lazy\" decoding=\"async\" class=\"aligncenter size-large wp-image-24969\" src=\"https:\/\/turysta2.pttk.pl\/wp-content\/uploads\/2020\/05\/Lokata-IV-Wies\u0142aw-Pasko-1.jpg\" alt=\"\" width=\"604\" height=\"347\" srcset=\"https:\/\/turysta2.pttk.pl\/wp-content\/uploads\/2020\/05\/Lokata-IV-Wies\u0142aw-Pasko-1.jpg 704w, https:\/\/turysta2.pttk.pl\/wp-content\/uploads\/2020\/05\/Lokata-IV-Wies\u0142aw-Pasko-1-300x173.jpg 300w\" sizes=\"auto, (max-width: 604px) 100vw, 604px\" \/><\/a><\/p>\n<p>&nbsp;<\/p>\n<p>Lokata IV - Wies\u0142aw Pasko<br \/>\n<a href=\"https:\/\/turysta2.pttk.pl\/wp-content\/uploads\/2020\/05\/Lokata-IV-Wies\u0142aw-Pasko-2.jpg\"><img loading=\"lazy\" decoding=\"async\" class=\"aligncenter size-large wp-image-24970\" src=\"https:\/\/turysta2.pttk.pl\/wp-content\/uploads\/2020\/05\/Lokata-IV-Wies\u0142aw-Pasko-2.jpg\" alt=\"\" width=\"604\" height=\"347\" srcset=\"https:\/\/turysta2.pttk.pl\/wp-content\/uploads\/2020\/05\/Lokata-IV-Wies\u0142aw-Pasko-2.jpg 685w, https:\/\/turysta2.pttk.pl\/wp-content\/uploads\/2020\/05\/Lokata-IV-Wies\u0142aw-Pasko-2-300x173.jpg 300w\" sizes=\"auto, (max-width: 604px) 100vw, 604px\" \/><\/a><br \/>\nLokata IV - Piotr Dziki<br \/>\n<a href=\"https:\/\/turysta2.pttk.pl\/wp-content\/uploads\/2020\/05\/Lokata-IV-Piotr-Dziki.jpg\"><img loading=\"lazy\" decoding=\"async\" class=\"aligncenter size-large wp-image-24968\" src=\"https:\/\/turysta2.pttk.pl\/wp-content\/uploads\/2020\/05\/Lokata-IV-Piotr-Dziki.jpg\" alt=\"\" width=\"604\" height=\"453\" srcset=\"https:\/\/turysta2.pttk.pl\/wp-content\/uploads\/2020\/05\/Lokata-IV-Piotr-Dziki.jpg 688w, https:\/\/turysta2.pttk.pl\/wp-content\/uploads\/2020\/05\/Lokata-IV-Piotr-Dziki-300x225.jpg 300w, https:\/\/turysta2.pttk.pl\/wp-content\/uploads\/2020\/05\/Lokata-IV-Piotr-Dziki-200x150.jpg 200w\" sizes=\"auto, (max-width: 604px) 100vw, 604px\" \/><\/a><\/p>\n<p>&nbsp;<\/p>\n<p>Lokata IV - Krzysztof Madej<br \/>\n<a href=\"https:\/\/turysta2.pttk.pl\/wp-content\/uploads\/2020\/05\/Lokata-IV-Krzysztof-Madej-1.jpg\"><img loading=\"lazy\" decoding=\"async\" class=\"aligncenter size-large wp-image-24964\" src=\"https:\/\/turysta2.pttk.pl\/wp-content\/uploads\/2020\/05\/Lokata-IV-Krzysztof-Madej-1.jpg\" alt=\"\" width=\"604\" height=\"403\" srcset=\"https:\/\/turysta2.pttk.pl\/wp-content\/uploads\/2020\/05\/Lokata-IV-Krzysztof-Madej-1.jpg 694w, https:\/\/turysta2.pttk.pl\/wp-content\/uploads\/2020\/05\/Lokata-IV-Krzysztof-Madej-1-300x200.jpg 300w\" sizes=\"auto, (max-width: 604px) 100vw, 604px\" \/><\/a><\/p>\n<p>&nbsp;<\/p>\n<p>Lokata IV - Krzysztof Madej<br \/>\n<a href=\"https:\/\/turysta2.pttk.pl\/wp-content\/uploads\/2020\/05\/Lokata-IV-Krzysztof-Madej-2.jpg\"><img loading=\"lazy\" decoding=\"async\" class=\"aligncenter size-large wp-image-24965\" src=\"https:\/\/turysta2.pttk.pl\/wp-content\/uploads\/2020\/05\/Lokata-IV-Krzysztof-Madej-2.jpg\" alt=\"\" width=\"604\" height=\"402\" srcset=\"https:\/\/turysta2.pttk.pl\/wp-content\/uploads\/2020\/05\/Lokata-IV-Krzysztof-Madej-2.jpg 685w, https:\/\/turysta2.pttk.pl\/wp-content\/uploads\/2020\/05\/Lokata-IV-Krzysztof-Madej-2-300x200.jpg 300w\" sizes=\"auto, (max-width: 604px) 100vw, 604px\" \/><\/a><br \/>\nLokata IV -\u00a0 Piotr Kopicki<a href=\"https:\/\/turysta2.pttk.pl\/wp-content\/uploads\/2020\/05\/Lokata-IV-Piotr-Kopicki.jpg\"><img loading=\"lazy\" decoding=\"async\" class=\"aligncenter size-full wp-image-24973\" src=\"https:\/\/turysta2.pttk.pl\/wp-content\/uploads\/2020\/05\/Lokata-IV-Piotr-Kopicki.jpg\" alt=\"\" width=\"685\" height=\"403\" srcset=\"https:\/\/turysta2.pttk.pl\/wp-content\/uploads\/2020\/05\/Lokata-IV-Piotr-Kopicki.jpg 685w, https:\/\/turysta2.pttk.pl\/wp-content\/uploads\/2020\/05\/Lokata-IV-Piotr-Kopicki-300x176.jpg 300w\" sizes=\"auto, (max-width: 685px) 100vw, 685px\" \/><\/a><\/p>\n<p>&nbsp;<\/p>\n<p>Lokata IV -\u00a0 Grzegorz Soko\u0142owski<br \/>\n<a href=\"https:\/\/turysta2.pttk.pl\/wp-content\/uploads\/2020\/05\/Lokata-IV-Grzegorz-Soko\u0142owski.jpg\"><img loading=\"lazy\" decoding=\"async\" class=\"aligncenter size-large wp-image-24971\" src=\"https:\/\/turysta2.pttk.pl\/wp-content\/uploads\/2020\/05\/Lokata-IV-Grzegorz-Soko\u0142owski.jpg\" alt=\"\" width=\"604\" height=\"404\" srcset=\"https:\/\/turysta2.pttk.pl\/wp-content\/uploads\/2020\/05\/Lokata-IV-Grzegorz-Soko\u0142owski.jpg 701w, https:\/\/turysta2.pttk.pl\/wp-content\/uploads\/2020\/05\/Lokata-IV-Grzegorz-Soko\u0142owski-300x201.jpg 300w\" sizes=\"auto, (max-width: 604px) 100vw, 604px\" \/><\/a><\/p>\n<p>&nbsp;<\/p>\n<p>Lokata IV - Alojzy Zi\u00f3\u0142kowski<br \/>\n<a href=\"https:\/\/turysta2.pttk.pl\/wp-content\/uploads\/2020\/05\/Lokata-IV-Alojzy-Zi\u00f3\u0142kowski.jpg\"><img loading=\"lazy\" decoding=\"async\" class=\"aligncenter size-large wp-image-24960\" src=\"https:\/\/turysta2.pttk.pl\/wp-content\/uploads\/2020\/05\/Lokata-IV-Alojzy-Zi\u00f3\u0142kowski.jpg\" alt=\"\" width=\"604\" height=\"355\" srcset=\"https:\/\/turysta2.pttk.pl\/wp-content\/uploads\/2020\/05\/Lokata-IV-Alojzy-Zi\u00f3\u0142kowski.jpg 697w, https:\/\/turysta2.pttk.pl\/wp-content\/uploads\/2020\/05\/Lokata-IV-Alojzy-Zi\u00f3\u0142kowski-300x176.jpg 300w\" sizes=\"auto, (max-width: 604px) 100vw, 604px\" \/><\/a><\/p>\n","protected":false},"excerpt":{"rendered":"Znamy ju\u017c zwyci\u0119zc\u00f3w og\u0142oszonego przez Komisj\u0119 Fotografii Krajoznawczej Zarz\u0105du G\u0142\u00f3wnego PTTK konkursu na kalendarz PTTK. stycze\u0144-marzec\/1(1)2020 Nades\u0142ano 93 zdj\u0119cia, spo\u015br\u00f3d nich wybrano zwyci\u0119skie prace: I miejsce (ex aequo): \u201eMa\u0142a przysta\u0144 nad Jeziorakiem\u201d, autor: Janusz Piotrowski \u201ePa\u0142ac w Olszanicy\u201d, autor: Krzysztof Madej. II miejsce: Marek Kosi\u0144ski Wies\u0142aw Pasko Izabela Ruci\u0144ska Piotr Dziki Kazimierz Szmela Alojzy Zi\u00f3\u0142kowski. III miejsce: Janusz Piotrowski Krystyna&nbsp;<a href=\"https:\/\/turysta2.pttk.pl\/?p=24939\" class=\"read-more\">Continue Reading<\/a>","protected":false},"author":4,"featured_media":24942,"comment_status":"closed","ping_status":"closed","sticky":false,"template":"","format":"standard","meta":{"footnotes":""},"categories":[85],"tags":[],"class_list":["post-24939","post","type-post","status-publish","format-standard","has-post-thumbnail","hentry","category-konkursy","cat-85-id"],"aioseo_notices":[],"_links":{"self":[{"href":"https:\/\/turysta2.pttk.pl\/index.php?rest_route=\/wp\/v2\/posts\/24939","targetHints":{"allow":["GET"]}}],"collection":[{"href":"https:\/\/turysta2.pttk.pl\/index.php?rest_route=\/wp\/v2\/posts"}],"about":[{"href":"https:\/\/turysta2.pttk.pl\/index.php?rest_route=\/wp\/v2\/types\/post"}],"author":[{"embeddable":true,"href":"https:\/\/turysta2.pttk.pl\/index.php?rest_route=\/wp\/v2\/users\/4"}],"replies":[{"embeddable":true,"href":"https:\/\/turysta2.pttk.pl\/index.php?rest_route=%2Fwp%2Fv2%2Fcomments&post=24939"}],"version-history":[{"count":10,"href":"https:\/\/turysta2.pttk.pl\/index.php?rest_route=\/wp\/v2\/posts\/24939\/revisions"}],"predecessor-version":[{"id":25257,"href":"https:\/\/turysta2.pttk.pl\/index.php?rest_route=\/wp\/v2\/posts\/24939\/revisions\/25257"}],"wp:featuredmedia":[{"embeddable":true,"href":"https:\/\/turysta2.pttk.pl\/index.php?rest_route=\/wp\/v2\/media\/24942"}],"wp:attachment":[{"href":"https:\/\/turysta2.pttk.pl\/index.php?rest_route=%2Fwp%2Fv2%2Fmedia&parent=24939"}],"wp:term":[{"taxonomy":"category","embeddable":true,"href":"https:\/\/turysta2.pttk.pl\/index.php?rest_route=%2Fwp%2Fv2%2Fcategories&post=24939"},{"taxonomy":"post_tag","embeddable":true,"href":"https:\/\/turysta2.pttk.pl\/index.php?rest_route=%2Fwp%2Fv2%2Ftags&post=24939"}],"curies":[{"name":"wp","href":"https:\/\/api.w.org\/{rel}","templated":true}]}}