{"id":24902,"date":"2020-05-27T16:47:16","date_gmt":"2020-05-27T14:47:16","guid":{"rendered":"https:\/\/turysta2.pttk.pl\/?p=24902"},"modified":"2023-03-27T11:38:06","modified_gmt":"2023-03-27T09:38:06","slug":"jak-postrzegano-turystyke","status":"publish","type":"post","link":"https:\/\/turysta2.pttk.pl\/?p=24902","title":{"rendered":"Jak postrzegano turystyk\u0119?\u00a0"},"content":{"rendered":"<p><strong>Znany doktor prawa Mieczys\u0142aw Or\u0142owicz cz\u0119sto wspomina\u0142 sytuacj\u0119, gdy na pocz\u0105tku ubieg\u0142ego stulecia na g\u0142\u00f3wny dworzec kolejowy we Lwowie wezwano policj\u0119. Powodem paniki by\u0142o pojawienie si\u0119 grupy m\u0142odzie\u017cy z workami na plecach.\u00a0 Niewinnych nastolatk\u00f3w uznano za z\u0142odziei albo niechcianych przyb\u0142\u0119d\u00f3w, gdy\u017c w tamtych latach worki traktowano jako atrybuty takich postaci. Nie znano jeszcze turystyki, a jej uprawianie kojarzono niekiedy z dziwactwem. <\/strong><\/p>\n<pre>stycze\u0144-marzec\/1(1)2020<\/pre>\n<h6><a href=\"https:\/\/turysta2.pttk.pl\/wp-content\/uploads\/2020\/05\/Historia-turystyki-12.jpg\"><img loading=\"lazy\" decoding=\"async\" class=\"alignnone size-medium wp-image-25358\" src=\"https:\/\/turysta2.pttk.pl\/wp-content\/uploads\/2020\/05\/Historia-turystyki-12-300x210.jpg\" alt=\"\" width=\"300\" height=\"210\" srcset=\"https:\/\/turysta2.pttk.pl\/wp-content\/uploads\/2020\/05\/Historia-turystyki-12-300x210.jpg 300w, https:\/\/turysta2.pttk.pl\/wp-content\/uploads\/2020\/05\/Historia-turystyki-12.jpg 400w\" sizes=\"auto, (max-width: 300px) 100vw, 300px\" \/><\/a><\/h6>\n<h6><em>Rozw\u00f3j turystyki w Polsce.<\/em> Polskie Towarzystwo Schronisk M\u0142odzie\u017cowych, Wikipedia<\/h6>\n<p>Min\u0119\u0142y d\u0142ugie lata, gdy pewnego razu us\u0142ysza\u0142em od kogo\u015b, i\u017c nasze g\u00f3ralki prawie bez wyj\u0105tku uprawiaj\u0105 turystyk\u0119. Dlaczego? Poniewa\u017c bardzo cz\u0119sto s\u0105 widywane z plecakami. Osoba nie znaj\u0105ca specyfiki trudnego \u017cycia w g\u00f3rach nie skojarzy\u0142a, \u017ce te poczciwe, pracowite kobiety pos\u0142ugiwa\u0142y si\u0119 nimi, aby dostarczy\u0107 zakupy do niekiedy wysoko po\u0142o\u017conych domostw.<\/p>\n<p>Postrzeganie turystyki zmienia\u0142o si\u0119 na przestrzeni lat. Nie zapomn\u0119, gdy sympatyczna gospodyni w wiejskiej kwaterze nad morzem chwali\u0142a si\u0119 swoimi go\u015b\u0107mi z Warszawy: \u2013 Pa\u0144stwo przecie\u017c te\u017c z Warszawy, to pewnie si\u0119 znacie \u2013 szczerze pyta\u0142a. Z w\u0119dr\u00f3wki po Bieszczadach w latach 70. XX w. pami\u0119tam, gdy mieszka\u0144cy niewielkiej wioski spierali si\u0119, pr\u00f3buj\u0105c ustali\u0107 por\u0119, w kt\u00f3rej mia\u0142o miejsce jakie\u015b wydarzenie. Jedni wskazywali konkretny rok, a inni z uporem twierdzili, \u017ce dzia\u0142o si\u0119 to dwa lata p\u00f3\u017aniej, kiedy\u2026 do wsi zajecha\u0142 samoch\u00f3d. Niekiedy bardzo go\u015bcinni i \u017cyczliwi mieszka\u0144cy wsp\u00f3\u0142czuli w\u0119drowcom, proponuj\u0105c podwiezienie wozem konnym, albo nawet pr\u00f3bowali zniech\u0119ci\u0107 turyst\u00f3w do dalszej w\u0119dr\u00f3wki. Tam s\u0105 tylko ruiny \u2013 m\u00f3wili i proponowali odpoczynek w gospodarstwie. Nie by\u0142o problemu ze znalezieniem noclegu, od student\u00f3w nie chciano pobiera\u0107 jakiejkolwiek gratyfikacji. Za go\u015bcin\u0119 odp\u0142acali pomoc\u0105. Tak by\u0142o zw\u0142aszcza w miejscach, w kt\u00f3rych pojawienie si\u0119 przybysza traktowano jako przypadek wyj\u0105tkowy.<\/p>\n<p>Sytuacja w kryzysowym okresie lat 80. XX w. zmieni\u0142a na kr\u00f3tko podej\u015bcie do turystyki. W okresie powszechnych trudno\u015bci zaopatrzeniowych pojawi\u0142o si\u0119 brzydkie poj\u0119cie \u201estonki\u201d, czyli przybysz\u00f3w, kt\u00f3rzy wykupowali ze sklep\u00f3w i tak nieliczne towary. G\u0142osiciele takich pogl\u0105d\u00f3w czynili to niew\u0105tpliwie z \u017calem, gdy\u017c musia\u0142y by\u0107 one sprzeczne z tradycyjn\u0105 go\u015bcinno\u015bci\u0105.<\/p>\n<p>Dzi\u015b o turystach, kt\u00f3rzy nie tylko nazywani, ale traktowani s\u0105 jak go\u015bcie, marz\u0105 wszyscy mieszka\u0144cy ma\u0142ych ojczyzn. Prawie ka\u017cda gmina upatruje szans rozwoju w turystyce. A jaki wp\u0142yw na promowanie turystyki na obszarach stosunkowo rzadko ucz\u0119szczanych przez przybysz\u00f3w, ma i mo\u017ce mie\u0107 spo\u0142eczno\u015b\u0107 PTTK?<\/p>\n<p>Czekamy na informacje i opinie.<\/p>\n<p>Jan Pawe\u0142 Piotrowski<\/p>\n<p><a href=\"https:\/\/turysta2.pttk.pl\/wp-content\/uploads\/2020\/05\/Dawniej-bywalo-chocholow.jpg\"><img loading=\"lazy\" decoding=\"async\" class=\"aligncenter size-large wp-image-24897\" src=\"https:\/\/turysta2.pttk.pl\/wp-content\/uploads\/2020\/05\/Dawniej-bywalo-chocholow-779x1024.jpg\" alt=\"\" width=\"604\" height=\"794\" \/><\/a> \u00a0\u00a0\u00a0\u00a0 Droga na Chocho\u0142\u00f3w. Fot. CAF<\/p>\n","protected":false},"excerpt":{"rendered":"Znany doktor prawa Mieczys\u0142aw Or\u0142owicz cz\u0119sto wspomina\u0142 sytuacj\u0119, gdy na pocz\u0105tku ubieg\u0142ego stulecia na g\u0142\u00f3wny dworzec kolejowy we Lwowie wezwano policj\u0119. Powodem paniki by\u0142o pojawienie si\u0119 grupy m\u0142odzie\u017cy z workami na plecach.\u00a0 Niewinnych nastolatk\u00f3w uznano za z\u0142odziei albo niechcianych przyb\u0142\u0119d\u00f3w, gdy\u017c w tamtych latach worki traktowano jako atrybuty takich postaci. Nie znano jeszcze turystyki, a jej uprawianie kojarzono niekiedy z&nbsp;<a href=\"https:\/\/turysta2.pttk.pl\/?p=24902\" class=\"read-more\">Continue Reading<\/a>","protected":false},"author":4,"featured_media":25395,"comment_status":"closed","ping_status":"closed","sticky":false,"template":"","format":"gallery","meta":{"footnotes":""},"categories":[11],"tags":[],"class_list":["post-24902","post","type-post","status-publish","format-gallery","has-post-thumbnail","hentry","category-turysta-poleca","post_format-post-format-gallery","cat-11-id"],"aioseo_notices":[],"_links":{"self":[{"href":"https:\/\/turysta2.pttk.pl\/index.php?rest_route=\/wp\/v2\/posts\/24902","targetHints":{"allow":["GET"]}}],"collection":[{"href":"https:\/\/turysta2.pttk.pl\/index.php?rest_route=\/wp\/v2\/posts"}],"about":[{"href":"https:\/\/turysta2.pttk.pl\/index.php?rest_route=\/wp\/v2\/types\/post"}],"author":[{"embeddable":true,"href":"https:\/\/turysta2.pttk.pl\/index.php?rest_route=\/wp\/v2\/users\/4"}],"replies":[{"embeddable":true,"href":"https:\/\/turysta2.pttk.pl\/index.php?rest_route=%2Fwp%2Fv2%2Fcomments&post=24902"}],"version-history":[{"count":8,"href":"https:\/\/turysta2.pttk.pl\/index.php?rest_route=\/wp\/v2\/posts\/24902\/revisions"}],"predecessor-version":[{"id":25360,"href":"https:\/\/turysta2.pttk.pl\/index.php?rest_route=\/wp\/v2\/posts\/24902\/revisions\/25360"}],"wp:featuredmedia":[{"embeddable":true,"href":"https:\/\/turysta2.pttk.pl\/index.php?rest_route=\/wp\/v2\/media\/25395"}],"wp:attachment":[{"href":"https:\/\/turysta2.pttk.pl\/index.php?rest_route=%2Fwp%2Fv2%2Fmedia&parent=24902"}],"wp:term":[{"taxonomy":"category","embeddable":true,"href":"https:\/\/turysta2.pttk.pl\/index.php?rest_route=%2Fwp%2Fv2%2Fcategories&post=24902"},{"taxonomy":"post_tag","embeddable":true,"href":"https:\/\/turysta2.pttk.pl\/index.php?rest_route=%2Fwp%2Fv2%2Ftags&post=24902"}],"curies":[{"name":"wp","href":"https:\/\/api.w.org\/{rel}","templated":true}]}}