{"id":24876,"date":"2020-05-25T15:04:32","date_gmt":"2020-05-25T13:04:32","guid":{"rendered":"https:\/\/turysta2.pttk.pl\/?p=24876"},"modified":"2023-03-27T11:38:29","modified_gmt":"2023-03-27T09:38:29","slug":"ziemia2019","status":"publish","type":"post","link":"https:\/\/turysta2.pttk.pl\/?p=24876","title":{"rendered":"ZIEMIA\u20192019"},"content":{"rendered":"<p align=\"justify\"><b>ZIEMIA\u20192019 pod red. Jacka Potockiego, T. 65, Warszawa, Wydawnictwo PTTK \u201eKraj\u201d, ISSN 0513-997X<\/b><\/p>\n<pre>stycze\u0144-marzec\/1(1)2020<\/pre>\n<p align=\"justify\">Na pocz\u0105tku roku 2020 ukaza\u0142 si\u0119 rocznik \u201eZIEMIA\u20192019\u201d, kt\u00f3rego pierwsze wydanie ukaza\u0142o si\u0119 w roku 1910 z inicjatywy Polskiego Towarzystwa Krajoznawczego. Obecna edycja ukaza\u0142a si\u0119 dzi\u0119ki zaanga\u017cowaniu nowego sk\u0142adu redakcyjnego: nowym redaktorem naczelnym zosta\u0142 Jacek Potocki, sekretarzem redakcji Maria Janowicz, cz\u0142onkowie to Szymon Bijak, Marian Jurak, W\u0142odzimierz \u0141\u0119cki, J\u00f3zef Partyka.<\/p>\n<p align=\"justify\">Cz\u0142onkowie redakcji zdecydowali, \u017ce tom rocznika b\u0119dzie sk\u0142ada\u0142 si\u0119 z artyku\u0142\u00f3w b\u0119d\u0105cych pok\u0142osiem sesji krajoznawczych organizowanych przez ostatnie dziesi\u0119\u0107 lat pod wsp\u00f3lnym has\u0142em \u201eMijaj\u0105ce Krajobrazy Polski\u201d, za\u015b rol\u0119 redaktora prowadz\u0105cego przyj\u0105\u0142 na siebie J\u00f3zef Partyka, kt\u00f3ry by\u0142 inicjatorem sesji w czasie VII Kongresu Krajoznawstwa Polskiego w Olsztynie w roku 2010. Ziemia ukaza\u0142a si\u0119 w nowej szacie graficznej zaprojektowanej przez znakomitego typografa polskiego Andrzeja Tomaszewskiego.<\/p>\n<p align=\"justify\"><a href=\"https:\/\/turysta2.pttk.pl\/wp-content\/uploads\/2020\/05\/001-scaled.jpg\"><img loading=\"lazy\" decoding=\"async\" class=\"alignnone size-medium wp-image-25351\" src=\"https:\/\/turysta2.pttk.pl\/wp-content\/uploads\/2020\/05\/001-202x300.jpg\" alt=\"\" width=\"202\" height=\"300\" srcset=\"https:\/\/turysta2.pttk.pl\/wp-content\/uploads\/2020\/05\/001-202x300.jpg 202w, https:\/\/turysta2.pttk.pl\/wp-content\/uploads\/2020\/05\/001-688x1024.jpg 688w, https:\/\/turysta2.pttk.pl\/wp-content\/uploads\/2020\/05\/001-768x1143.jpg 768w, https:\/\/turysta2.pttk.pl\/wp-content\/uploads\/2020\/05\/001-1032x1536.jpg 1032w, https:\/\/turysta2.pttk.pl\/wp-content\/uploads\/2020\/05\/001-1376x2048.jpg 1376w, https:\/\/turysta2.pttk.pl\/wp-content\/uploads\/2020\/05\/001-scaled.jpg 1720w\" sizes=\"auto, (max-width: 202px) 100vw, 202px\" \/><\/a> <a href=\"https:\/\/turysta2.pttk.pl\/wp-content\/uploads\/2020\/05\/002-scaled.jpg\"><img loading=\"lazy\" decoding=\"async\" class=\"alignnone size-medium wp-image-25352\" src=\"https:\/\/turysta2.pttk.pl\/wp-content\/uploads\/2020\/05\/002-205x300.jpg\" alt=\"\" width=\"205\" height=\"300\" srcset=\"https:\/\/turysta2.pttk.pl\/wp-content\/uploads\/2020\/05\/002-205x300.jpg 205w, https:\/\/turysta2.pttk.pl\/wp-content\/uploads\/2020\/05\/002-701x1024.jpg 701w, https:\/\/turysta2.pttk.pl\/wp-content\/uploads\/2020\/05\/002-768x1122.jpg 768w, https:\/\/turysta2.pttk.pl\/wp-content\/uploads\/2020\/05\/002-1052x1536.jpg 1052w, https:\/\/turysta2.pttk.pl\/wp-content\/uploads\/2020\/05\/002-1402x2048.jpg 1402w, https:\/\/turysta2.pttk.pl\/wp-content\/uploads\/2020\/05\/002-scaled.jpg 1753w\" sizes=\"auto, (max-width: 205px) 100vw, 205px\" \/><\/a><\/p>\n","protected":false},"excerpt":{"rendered":"ZIEMIA\u20192019 pod red. Jacka Potockiego, T. 65, Warszawa, Wydawnictwo PTTK \u201eKraj\u201d, ISSN 0513-997X stycze\u0144-marzec\/1(1)2020 Na pocz\u0105tku roku 2020 ukaza\u0142 si\u0119 rocznik \u201eZIEMIA\u20192019\u201d, kt\u00f3rego pierwsze wydanie ukaza\u0142o si\u0119 w roku 1910 z inicjatywy Polskiego Towarzystwa Krajoznawczego. Obecna edycja ukaza\u0142a si\u0119 dzi\u0119ki zaanga\u017cowaniu nowego sk\u0142adu redakcyjnego: nowym redaktorem naczelnym zosta\u0142 Jacek Potocki, sekretarzem redakcji Maria Janowicz, cz\u0142onkowie to Szymon Bijak, Marian Jurak,&nbsp;<a href=\"https:\/\/turysta2.pttk.pl\/?p=24876\" class=\"read-more\">Continue Reading<\/a>","protected":false},"author":4,"featured_media":0,"comment_status":"closed","ping_status":"closed","sticky":false,"template":"","format":"standard","meta":{"footnotes":""},"categories":[86],"tags":[],"class_list":["post-24876","post","type-post","status-publish","format-standard","hentry","category-biblioteczka-turystyczna","cat-86-id"],"aioseo_notices":[],"_links":{"self":[{"href":"https:\/\/turysta2.pttk.pl\/index.php?rest_route=\/wp\/v2\/posts\/24876","targetHints":{"allow":["GET"]}}],"collection":[{"href":"https:\/\/turysta2.pttk.pl\/index.php?rest_route=\/wp\/v2\/posts"}],"about":[{"href":"https:\/\/turysta2.pttk.pl\/index.php?rest_route=\/wp\/v2\/types\/post"}],"author":[{"embeddable":true,"href":"https:\/\/turysta2.pttk.pl\/index.php?rest_route=\/wp\/v2\/users\/4"}],"replies":[{"embeddable":true,"href":"https:\/\/turysta2.pttk.pl\/index.php?rest_route=%2Fwp%2Fv2%2Fcomments&post=24876"}],"version-history":[{"count":6,"href":"https:\/\/turysta2.pttk.pl\/index.php?rest_route=\/wp\/v2\/posts\/24876\/revisions"}],"predecessor-version":[{"id":25354,"href":"https:\/\/turysta2.pttk.pl\/index.php?rest_route=\/wp\/v2\/posts\/24876\/revisions\/25354"}],"wp:attachment":[{"href":"https:\/\/turysta2.pttk.pl\/index.php?rest_route=%2Fwp%2Fv2%2Fmedia&parent=24876"}],"wp:term":[{"taxonomy":"category","embeddable":true,"href":"https:\/\/turysta2.pttk.pl\/index.php?rest_route=%2Fwp%2Fv2%2Fcategories&post=24876"},{"taxonomy":"post_tag","embeddable":true,"href":"https:\/\/turysta2.pttk.pl\/index.php?rest_route=%2Fwp%2Fv2%2Ftags&post=24876"}],"curies":[{"name":"wp","href":"https:\/\/api.w.org\/{rel}","templated":true}]}}