{"id":24874,"date":"2020-05-25T15:03:35","date_gmt":"2020-05-25T13:03:35","guid":{"rendered":"https:\/\/turysta2.pttk.pl\/?p=24874"},"modified":"2023-03-27T11:38:29","modified_gmt":"2023-03-27T09:38:29","slug":"25-lat-siedleckiego-klubu-kolekcjonerow","status":"publish","type":"post","link":"https:\/\/turysta2.pttk.pl\/?p=24874","title":{"rendered":"25 lat Siedleckiego Klubu Kolekcjoner\u00f3w"},"content":{"rendered":"<p><b>S\u0142awomir Kordaczuk, 25 lat Siedleckiego Klubu Kolekcjoner\u00f3w, Siedlce, Muzeum Regionalne w Siedlcach i Oddzia\u0142 PTTK \u201ePodlasie\u201d w Siedlcach, 2020, s. 152, ilustr. kolor. ISBN 978-83-88761-72-0 <\/b><\/p>\n<pre>stycze\u0144-marzec\/1(1)2020<\/pre>\n<p align=\"justify\">Album prezentuje dzia\u0142alno\u015b\u0107 Siedleckiego Klubu Kolekcjoner\u00f3w od pocz\u0105tku stycznia 2015 do ko\u0144ca grudnia 2019 roku, prowadz\u0105cego dzia\u0142alno\u015b\u0107 naukow\u0105, odczytow\u0105, wydawnicz\u0105, wystawiennicz\u0105 i turystyczn\u0105. Tym wydawnictwem kolekcjonerzy wyra\u017caj\u0105 swoje podzi\u0119kowanie wszystkim osobom, organizacjom, instytucjom i urz\u0119dom za wsparcie ich dzia\u0142alno\u015bci. Album jest r\u00f3wnie\u017c form\u0105 podzi\u0119kowania autora cz\u0142onkom Klubu, sympatykom, sponsorom oraz uczestnikom wszelkich przedsi\u0119wzi\u0119\u0107 za to, \u017ce wsp\u00f3lnie zbudowali now\u0105 i wyj\u0105tkow\u0105 warto\u015b\u0107 w kulturze regionu, jakiej wcze\u015bniej nie by\u0142o.<\/p>\n<p align=\"justify\"><a href=\"https:\/\/turysta2.pttk.pl\/wp-content\/uploads\/2020\/05\/bib2.jpg\"><img loading=\"lazy\" decoding=\"async\" class=\"aligncenter  wp-image-24870\" src=\"https:\/\/turysta2.pttk.pl\/wp-content\/uploads\/2020\/05\/bib2.jpg\" alt=\"\" width=\"358\" height=\"506\" srcset=\"https:\/\/turysta2.pttk.pl\/wp-content\/uploads\/2020\/05\/bib2.jpg 457w, https:\/\/turysta2.pttk.pl\/wp-content\/uploads\/2020\/05\/bib2-213x300.jpg 213w\" sizes=\"auto, (max-width: 358px) 100vw, 358px\" \/><\/a><\/p>\n","protected":false},"excerpt":{"rendered":"S\u0142awomir Kordaczuk, 25 lat Siedleckiego Klubu Kolekcjoner\u00f3w, Siedlce, Muzeum Regionalne w Siedlcach i Oddzia\u0142 PTTK \u201ePodlasie\u201d w Siedlcach, 2020, s. 152, ilustr. kolor. ISBN 978-83-88761-72-0 stycze\u0144-marzec\/1(1)2020 Album prezentuje dzia\u0142alno\u015b\u0107 Siedleckiego Klubu Kolekcjoner\u00f3w od pocz\u0105tku stycznia 2015 do ko\u0144ca grudnia 2019 roku, prowadz\u0105cego dzia\u0142alno\u015b\u0107 naukow\u0105, odczytow\u0105, wydawnicz\u0105, wystawiennicz\u0105 i turystyczn\u0105. Tym wydawnictwem kolekcjonerzy wyra\u017caj\u0105 swoje podzi\u0119kowanie wszystkim osobom, organizacjom, instytucjom i&nbsp;<a href=\"https:\/\/turysta2.pttk.pl\/?p=24874\" class=\"read-more\">Continue Reading<\/a>","protected":false},"author":4,"featured_media":0,"comment_status":"closed","ping_status":"closed","sticky":false,"template":"","format":"standard","meta":{"footnotes":""},"categories":[86],"tags":[],"class_list":["post-24874","post","type-post","status-publish","format-standard","hentry","category-biblioteczka-turystyczna","cat-86-id"],"aioseo_notices":[],"_links":{"self":[{"href":"https:\/\/turysta2.pttk.pl\/index.php?rest_route=\/wp\/v2\/posts\/24874","targetHints":{"allow":["GET"]}}],"collection":[{"href":"https:\/\/turysta2.pttk.pl\/index.php?rest_route=\/wp\/v2\/posts"}],"about":[{"href":"https:\/\/turysta2.pttk.pl\/index.php?rest_route=\/wp\/v2\/types\/post"}],"author":[{"embeddable":true,"href":"https:\/\/turysta2.pttk.pl\/index.php?rest_route=\/wp\/v2\/users\/4"}],"replies":[{"embeddable":true,"href":"https:\/\/turysta2.pttk.pl\/index.php?rest_route=%2Fwp%2Fv2%2Fcomments&post=24874"}],"version-history":[{"count":5,"href":"https:\/\/turysta2.pttk.pl\/index.php?rest_route=\/wp\/v2\/posts\/24874\/revisions"}],"predecessor-version":[{"id":25355,"href":"https:\/\/turysta2.pttk.pl\/index.php?rest_route=\/wp\/v2\/posts\/24874\/revisions\/25355"}],"wp:attachment":[{"href":"https:\/\/turysta2.pttk.pl\/index.php?rest_route=%2Fwp%2Fv2%2Fmedia&parent=24874"}],"wp:term":[{"taxonomy":"category","embeddable":true,"href":"https:\/\/turysta2.pttk.pl\/index.php?rest_route=%2Fwp%2Fv2%2Fcategories&post=24874"},{"taxonomy":"post_tag","embeddable":true,"href":"https:\/\/turysta2.pttk.pl\/index.php?rest_route=%2Fwp%2Fv2%2Ftags&post=24874"}],"curies":[{"name":"wp","href":"https:\/\/api.w.org\/{rel}","templated":true}]}}