{"id":24862,"date":"2020-05-25T12:54:46","date_gmt":"2020-05-25T10:54:46","guid":{"rendered":"https:\/\/turysta2.pttk.pl\/?p=24862"},"modified":"2023-03-27T11:38:29","modified_gmt":"2023-03-27T09:38:29","slug":"nowy-numer-czasopisma-piechur-juz-gotowy","status":"publish","type":"post","link":"https:\/\/turysta2.pttk.pl\/?p=24862","title":{"rendered":"Nowy numer czasopisma \u201ePiechur\u201d\u00a0ju\u017c gotowy"},"content":{"rendered":"<p><strong>Komisja Turystyki Pieszej zaprasza do lektury nowego wydania gazetki \u201ePiechur\u201d. Wersja elektroniczna jest dost\u0119pna pod adresem: <a href=\"http:\/\/ktp.pttk.pl\/piechur\/103_spis.php?fbclid=IwAR1dzrhGgycgX5HBaHq5N06EKWyBqZkJCYpNkvkqCZ9iFKt2P1FsMdhOyH0\">http:\/\/ktp.pttk.pl\/piechur\/103_spis.php<\/a>.<\/strong><\/p>\n<p><em><strong>kwiecie\u0144-czerwiec\/2(2)2020<\/strong><\/em><\/p>\n<p><strong>W numerze:<\/strong><\/p>\n<p>- <strong>Wielkopolski Zlot Przodownik\u00f3w TP <\/strong>- <em>Lech RUGA\u0141A<\/em><\/p>\n<p>- <strong>Pami\u0119\u0107 o Powstaniu Styczniowym<\/strong> - <em>W\u0142odzimierz SZAFI\u0143SKI<\/em><\/p>\n<p>- <strong>Nowy szlak w Puszczy Kampinoskiej<\/strong> - <em>Stanis\u0142aw \u0141U\u0106<\/em><\/p>\n<p>- <strong>PTTK w setn\u0105 rocznic\u0119 wojny 1920 r.<\/strong> - <em>W\u0142odzimierz MAJDEWICZ<\/em><\/p>\n<p>- <strong>Patriotyczne w\u0119drowanie<\/strong> - <em>W\u0142odzimierz SZAFI\u0143SKI <\/em><\/p>\n<p>- <strong>Jadwiga Zwierz \u0096 po\u017cegnanie<\/strong> - <em>W\u0142odzimierz MAJDEWICZ<\/em><\/p>\n<p>- <strong>Regulamin Rajdu \"Mazowieckie Kapliczki\"<\/strong> - <em>Klub Przodownik\u00f3w TP im. A. Michalskiej<\/em><\/p>\n<p>- <strong>Za\u0142\u0105cznik do regulaminu rajdu<\/strong> - <em>Klub Przodownik\u00f3w TP im. A. Michalskiej<\/em><\/p>\n<p>- <strong>Komunikat o egzaminach<\/strong> - <em>KTP ZG PTTK<\/em><\/p>\n<p>- <strong>Komunikat o kursie znakarzy<\/strong> - <em>KTP ZG PTTK<\/em><\/p>\n<p>Zapraszamy do czytania!<\/p>\n<p>&nbsp;<\/p>\n<p><a href=\"https:\/\/turysta2.pttk.pl\/wp-content\/uploads\/2020\/05\/103_okladka.jpg\"><img loading=\"lazy\" decoding=\"async\" class=\"aligncenter size-full wp-image-24864\" src=\"https:\/\/turysta2.pttk.pl\/wp-content\/uploads\/2020\/05\/103_okladka.jpg\" alt=\"\" width=\"367\" height=\"508\" srcset=\"https:\/\/turysta2.pttk.pl\/wp-content\/uploads\/2020\/05\/103_okladka.jpg 367w, https:\/\/turysta2.pttk.pl\/wp-content\/uploads\/2020\/05\/103_okladka-217x300.jpg 217w\" sizes=\"auto, (max-width: 367px) 100vw, 367px\" \/><\/a> <a href=\"https:\/\/turysta2.pttk.pl\/wp-content\/uploads\/2020\/05\/103_okladka-1.jpg\"><img loading=\"lazy\" decoding=\"async\" class=\"aligncenter size-full wp-image-24863\" src=\"https:\/\/turysta2.pttk.pl\/wp-content\/uploads\/2020\/05\/103_okladka-1.jpg\" alt=\"\" width=\"367\" height=\"127\" \/><\/a><\/p>\n","protected":false},"excerpt":{"rendered":"Komisja Turystyki Pieszej zaprasza do lektury nowego wydania gazetki \u201ePiechur\u201d. Wersja elektroniczna jest dost\u0119pna pod adresem: http:\/\/ktp.pttk.pl\/piechur\/103_spis.php. kwiecie\u0144-czerwiec\/2(2)2020 W numerze: - Wielkopolski Zlot Przodownik\u00f3w TP - Lech RUGA\u0141A - Pami\u0119\u0107 o Powstaniu Styczniowym - W\u0142odzimierz SZAFI\u0143SKI - Nowy szlak w Puszczy Kampinoskiej - Stanis\u0142aw \u0141U\u0106 - PTTK w setn\u0105 rocznic\u0119 wojny 1920 r. - W\u0142odzimierz MAJDEWICZ - Patriotyczne w\u0119drowanie -&nbsp;<a href=\"https:\/\/turysta2.pttk.pl\/?p=24862\" class=\"read-more\">Continue Reading<\/a>","protected":false},"author":4,"featured_media":24866,"comment_status":"closed","ping_status":"closed","sticky":false,"template":"","format":"standard","meta":{"footnotes":""},"categories":[68],"tags":[],"class_list":["post-24862","post","type-post","status-publish","format-standard","has-post-thumbnail","hentry","category-turystyka-piesza","cat-68-id"],"aioseo_notices":[],"_links":{"self":[{"href":"https:\/\/turysta2.pttk.pl\/index.php?rest_route=\/wp\/v2\/posts\/24862","targetHints":{"allow":["GET"]}}],"collection":[{"href":"https:\/\/turysta2.pttk.pl\/index.php?rest_route=\/wp\/v2\/posts"}],"about":[{"href":"https:\/\/turysta2.pttk.pl\/index.php?rest_route=\/wp\/v2\/types\/post"}],"author":[{"embeddable":true,"href":"https:\/\/turysta2.pttk.pl\/index.php?rest_route=\/wp\/v2\/users\/4"}],"replies":[{"embeddable":true,"href":"https:\/\/turysta2.pttk.pl\/index.php?rest_route=%2Fwp%2Fv2%2Fcomments&post=24862"}],"version-history":[{"count":6,"href":"https:\/\/turysta2.pttk.pl\/index.php?rest_route=\/wp\/v2\/posts\/24862\/revisions"}],"predecessor-version":[{"id":25298,"href":"https:\/\/turysta2.pttk.pl\/index.php?rest_route=\/wp\/v2\/posts\/24862\/revisions\/25298"}],"wp:featuredmedia":[{"embeddable":true,"href":"https:\/\/turysta2.pttk.pl\/index.php?rest_route=\/wp\/v2\/media\/24866"}],"wp:attachment":[{"href":"https:\/\/turysta2.pttk.pl\/index.php?rest_route=%2Fwp%2Fv2%2Fmedia&parent=24862"}],"wp:term":[{"taxonomy":"category","embeddable":true,"href":"https:\/\/turysta2.pttk.pl\/index.php?rest_route=%2Fwp%2Fv2%2Fcategories&post=24862"},{"taxonomy":"post_tag","embeddable":true,"href":"https:\/\/turysta2.pttk.pl\/index.php?rest_route=%2Fwp%2Fv2%2Ftags&post=24862"}],"curies":[{"name":"wp","href":"https:\/\/api.w.org\/{rel}","templated":true}]}}