{"id":24858,"date":"2020-05-25T12:52:39","date_gmt":"2020-05-25T10:52:39","guid":{"rendered":"https:\/\/turysta2.pttk.pl\/?p=24858"},"modified":"2023-03-27T11:38:30","modified_gmt":"2023-03-27T09:38:30","slug":"znamy-laureatow-xvi-edycji-nagrody-przyjaznego-brzegu2019","status":"publish","type":"post","link":"https:\/\/turysta2.pttk.pl\/?p=24858","title":{"rendered":"Laureaci XVI edycji Nagrody Przyjaznego Brzegu\u20192019"},"content":{"rendered":"<p><strong>Jak co roku, na prze\u0142omie stycznia i lutego, rozstrzygni\u0119to konkurs, kt\u00f3rego tradycja si\u0119ga 2004 roku. Polska wchodzi\u0142a w\u00f3wczas do Unii Europejskiej, a skupieni wok\u00f3\u0142 Komisji Turystyki \u017beglarskiej wodniacy, zorganizowali pami\u0119tn\u0105 imprez\u0119 pod has\u0142em \u201ePowitanie Unii na wodach Polski\u201d.<\/strong><\/p>\n<pre>stycze\u0144-marzec\/1(1)2020<\/pre>\n<p>Plonem tamtego przedsi\u0119wzi\u0119cia by\u0142 pomys\u0142 zorganizowania konkursu i uhonorowania gospodarzy i w\u0142a\u015bcicieli obiekt\u00f3w, wykazuj\u0105cych szczeg\u00f3ln\u0105 trosk\u0119 w dziele tworzenia nowoczesnej infrastruktury dla turystyki wodnej. Nie musimy wstydzi\u0107 si\u0119 naszej bazy, gdy\u017c jest nowoczesna, odpowiada na potrzeby wodniak\u00f3w, a z roku na rok powi\u0119ksza si\u0119 stanowi\u0105c wizyt\u00f3wk\u0119 kraju i region\u00f3w. \u00a0Z biegiem lat, formu\u0142a konkursu nieco ewoluowa\u0142a i dzi\u015b jest uhonorowaniem nie tylko gestor\u00f3w obiekt\u00f3w wodnych, ale tak\u017ce okazj\u0105 do podsumowania minionego roku na polu aktywno\u015bci kulturalnej, edytorskiej i\u00a0organizacyjnej. Konkurs rozwija si\u0119 z roku na rok, staj\u0105c si\u0119 forum wodniak\u00f3w, \u0142\u0105cz\u0105cym bardzo r\u00f3\u017cnorodne \u015brodowiska, aktywno\u015bci, tak\u017ce aspiracje.<\/p>\n<p>8 lutego 2020 roku \u00a0odby\u0142o si\u0119 posiedzenie Jury, kt\u00f3rego zadaniem by\u0142o wy\u0142onienie tegorocznych zwyci\u0119zc\u00f3w. Jurorzy nie mieli \u0142atwego zadania, gdy\u017c nap\u0142yn\u0119\u0142o kilkadziesi\u0105t zg\u0142osze\u0144, bardzo r\u00f3\u017cnorodnych, rekomenduj\u0105cych r\u00f3\u017cne formy aktywno\u015bci na rzecz turystyki wodnej. Zg\u0142aszano obiekty infrastrukturalne, ale r\u00f3wnie\u017c w\u0142adze samorz\u0105dowe szczeg\u00f3lnie aktywne na polu promocji turystyki, organizator\u00f3w imprez wodniackich, fotograf\u00f3w, edytor\u00f3w, animator\u00f3w kultury, wreszcie pisarzy i poet\u00f3w. Wsp\u00f3lnym mianownikiem tych podmiot\u00f3w jest mi\u0142o\u015b\u0107 do turystyki wodnej, poszanowanie zr\u00f3wnowa\u017conego rozwoju oraz dzia\u0142ania na rzecz lokalnych spo\u0142eczno\u015bci. Jurorzy najch\u0119tniej nagrodziliby wszystkie zg\u0142oszone aplikacje. Niestety, musieli dokona\u0107 wyboru. Nierzadko by\u0142 to trudny wyb\u00f3r, poniewa\u017c nie\u0142atwo jest por\u00f3wnywa\u0107 tak odleg\u0142e od siebie przedsi\u0119wzi\u0119cia, ale po d\u0142ugotrwa\u0142ych naradach wy\u0142oniono zwyci\u0119zc\u00f3w.<\/p>\n<p style=\"text-align: center;\"><strong>Laureaci XVI edycji NPB<\/strong><\/p>\n<p><strong>Grand Prix <\/strong><strong>Miasto P\u0142ock <\/strong>- za konsekwentne tworzenie nowoczesnej infrastruktury p\u0142ockiego brzegu Wis\u0142y i wspieranie turystyki i sport\u00f3w wodnych na Zalewie W\u0142oc\u0142awskim. P\u0142ock to faktyczna stolica Zalewu W\u0142oc\u0142awskiego, z du\u017cym \u015brodowiskiem \u017ceglarzy, motorowodniak\u00f3w, kajakarzy, ludzi \u017ceglugi profesjonalnej. Urz\u0105d Miasta w P\u0142ocku od lat tworzy now\u0105 infrastruktur\u0119 wodniack\u0105, s\u0142u\u017c\u0105c\u0105 na co dzie\u0144 mieszka\u0144com miasta \u00a0\u00a0\u00a0\u00a0\u00a0\u00a0\u00a0i regionu. R\u00f3wnolegle organizuje wiele imprez adresowanych do \u015brodowiska wodnego, a tak\u017ce do mieszka\u0144c\u00f3w miasta i regionu, promuj\u0105c na co dzie\u0144 walory turystyki wodnej.<\/p>\n<p style=\"text-align: center;\"><strong>Nagrody Przyjaznego Brzegu<\/strong><\/p>\n<p><strong>Cieszyn i czeski Cieszyn<\/strong> \u2013 za stworzenie ekspozycji muzealnej tematycznie zwi\u0105zanej z dziedzictwem i symbolik\u0105 Olzy oraz zrewitalizowanie jej brzeg\u00f3w. Na brzegu rzeki umieszczono interaktywn\u0105 wystaw\u0119 pokazuj\u0105c\u0105 dzieje miasta \u00a0\u00a0z r\u00f3\u017cnych perspektyw, w\u0142\u0105cznie z histori\u0105 jego podzia\u0142u i jej nast\u0119pstwami. Na zrewitalizowanych brzegach Olzy powsta\u0142a atrakcyjna enklawa, \u015bwietnie nadaj\u0105ca si\u0119 do wypoczynku i\u00a0aktywnego sp\u0119dzania czasu.<\/p>\n<p><strong>Powiat Wa\u0142cz \u2013 <\/strong>za aktywn\u0105, wieloletni\u0105 promocj\u0119 regionu dla turystyki kajakowej. W\u0142adze\u00a0 w ci\u0105gu ostatnich lat wykona\u0142y ogromn\u0105 prac\u0119, maj\u0105c\u0105 na celu wypromowanie regionu jako miejsca atrakcyjnego dla turystyki wodnej, dzi\u0119ki systematycznej rozbudowie bazy, tworzeniu klimatu przychylno\u015bci dla wodniak\u00f3w i organizowaniu wielu imprez integruj\u0105cych lokalne \u015brodowisko.<\/p>\n<p><strong>Starosta Nakielski<\/strong>, <strong>Tadeusz Sobol<\/strong> \u2013 za ca\u0142okszta\u0142t dzia\u0142a\u0144 zwi\u0105zanych ze wzmacnianiem potencja\u0142u turystyki na drodze wodnej E-70 i Wielkiej P\u0119tli Wielkopolskiej. Tadeusz Sobol jest przyk\u0142adem samorz\u0105dowca konsekwentnie i\u00a0systemowo wdra\u017caj\u0105cego programy inwestycyjne, maj\u0105ce na celu zr\u00f3wnowa\u017cony rozw\u00f3j regionu nadnoteckiego z poszanowaniem walor\u00f3w przyrodniczych oraz wykorzystaniem nowatorskich metod aktywizacji turystycznej.<\/p>\n<p><strong>Przysta\u0144 \u017beglarska \u0141unowo \u2013 <\/strong>za wzbogacenie oferty \u017ceglarskiej \u015awinouj\u015bcia \u00a0\u00a0\u00a0\u00a0\u00a0\u00a0\u00a0\u00a0\u00a0\u00a0\u00a0\u00a0\u00a0\u00a0\u00a0i Zachodniopomorskiego Szlaku \u017beglarskiego. W \u015awinouj\u015bciu w 2019 roku na blisko 5 tys. metr\u00f3w kwadratowych wybudowano przysta\u0144 dla 60 jacht\u00f3w. Nowa przysta\u0144 w\u00a0dzielnicy \u0141unowo powsta\u0142a dzi\u0119ki pozyskaniu \u015brodk\u00f3w w ramach Regionalnego Programu Operacyjnego Wojew\u00f3dztwa Zachodniopomorskiego. Przysta\u0144 w \u0141unowie jest 18 marin\u0105 na Zachodniopomorskim Szlaku \u017beglarskim i drug\u0105 w \u015awinouj\u015bciu.<\/p>\n<p><strong>Nadwi\u015bla\u0144ska Organizacja Turystyczna \u2013 <\/strong>za organizacj\u0119 i rozwijanie III Festiwalu Wis\u0142y, wydarzenia turystyki wodnej, staj\u0105cego si\u0119 zjawiskiem spo\u0142ecznym na skal\u0119 ponadregionaln\u0105. Festiwal jest najwi\u0119ksz\u0105 imprez\u0105 pod wzgl\u0119dem ilo\u015bci publiczno\u015bci i\u00a0uczestnik\u00f3w, od W\u0142oc\u0142awka po Toru\u0144. Jest okazj\u0105 do spotkania z magiczn\u0105 rzek\u0105 i\u00a0jej dziedzictwem, jakim s\u0105 drewniane p\u0142askodenne jednostki, znane na Wi\u015ble od wiek\u00f3w. Opr\u00f3cz statk\u00f3w i \u0142odzi pojawiaj\u0105 si\u0119 r\u0119kodzielnicy zwi\u0105zani z Wis\u0142\u0105 i liczne stoiska prezentuj\u0105ce kulinaria w ramach targ\u00f3w \"Nadwi\u015bla\u0144skie Smaki\".<\/p>\n<p><strong>Szczecin \u2013 <\/strong>za wieloletnie, aktywne kultywowanie wodniackich tradycji podczas Dni Odry. Miasto Szczecin od lat organizuje imprez\u0119 w bramie \u0142\u0105cz\u0105cej \u015br\u00f3dl\u0105dzie i Ba\u0142tyk, przybli\u017caj\u0105c\u0105 Odr\u0119 mieszka\u0144com Szczecina i regionu. Przygotowywana z rozmachem akcja aktywizuje lokaln\u0105 spo\u0142eczno\u015b\u0107 wok\u00f3\u0142 najwa\u017cniejszych spraw rzeki wyj\u0105tkowej \u00a0\u00a0\u00a0\u00a0i wci\u0105\u017c na nowo odkrywanej.<\/p>\n<p><strong>Redakcja Zeszyt\u00f3w \u017beglarskich<\/strong> \u2013 <strong>Zenon Szostak<\/strong> \u2013 za dokumentowanie historii \u017ceglarstwa i jego kultury. Redakcja \u201eZeszyt\u00f3w \u017beglarskich\u201d przez 17 lat istnienia skupi\u0142a wok\u00f3\u0142 siebie grono znakomitych autor\u00f3w, odnajduj\u0105cych w historii \u017ceglarstwa \u017ar\u00f3d\u0142o poszukiwa\u0144 korzeni wsp\u00f3lnoty ludzi morza, artyst\u00f3w, a tak\u017ce pisarzy i poet\u00f3w, dla kt\u00f3rych sprawy morza stanowi\u0105 wa\u017cny element to\u017csamo\u015bci kulturowej.<\/p>\n<p><strong>\u017begluga Augustowska <\/strong>\u2013 za promocj\u0119 Kana\u0142u Augustowskiego ofert\u0105 dla stale zwi\u0119kszaj\u0105cej si\u0119 liczby pasa\u017cer\u00f3w. \u017begluga Augustowska nale\u017cy do najwi\u0119kszych armator\u00f3w \u017ceglugi pasa\u017cerskiej w Polsce i od lat inwestuje w nowe jednostki. Na przek\u00f3r obiegowym opiniom rozwija si\u0119, inwestuj\u0105c w budow\u0119 nowoczesnej floty i\u00a0rozbudowuj\u0105c siatk\u0119 po\u0142\u0105cze\u0144 turystycznych na Suwalszczy\u017anie.<\/p>\n<p><strong>Franciszek Haber<\/strong> \u2013 za wieloletnie \u0142\u0105czenie dzia\u0142alno\u015bci spo\u0142ecznej na rzecz \u015brodowiska wodniackiego z tw\u00f3rcz\u0105 prac\u0105 literack\u0105 i animacj\u0105 kultury Franciszek Haber jest prezesem Polskiego Zwi\u0105zku Motorowodnego i Narciarstwa Wodnego oraz autorem kilkunastu podr\u0119cznik\u00f3w \u017ceglarskich i motorowodnych, a tak\u017ce poet\u0105, autorem kilkunastu tomik\u00f3w tw\u00f3rczo\u015bci. \u0141\u0105czy w sobie harmonijnie przeciwstawne \u2013 wydawa\u0142oby si\u0119 \u2013 cechy pozwalaj\u0105ce patrze\u0107 na wsp\u00f3\u0142czesno\u015b\u0107 okiem wra\u017cliwego obserwatora pe\u0142nego pasji i zaanga\u017cowania w dzia\u0142aniu.<\/p>\n<p><strong>Katarzyna Ramotowska \u2013 <\/strong>za wyj\u0105tkowo pi\u0119kne zdj\u0119cia znad Biebrzy i edukacj\u0119 przyrodnicz\u0105. Rzeka ta, nazywana \u201ePolsk\u0105 Amazonk\u0105\u201d trafi\u0142a do szerokiej \u015bwiadomo\u015bci w du\u017cej mierze dzi\u0119ki jej staraniom, licznym zdj\u0119ciom, wystawom, przewodnikom i kursom organizowanym przez WWF. K. Ramotowska to Wielka admiratorka pi\u0119kna Biebrzy, aktywny przewodnik, lokalna pasjonatka zara\u017caj\u0105ca mi\u0142o\u015bci\u0105 do pi\u0119kna przyrody.<\/p>\n<p><strong>Andrzej Sta\u0144ski<\/strong> \u2013 za wytrwa\u0142o\u015b\u0107 w promocji tradycyjnej \u017ceglugi wi\u015blanej oraz cykl ksi\u0105\u017cek dla dzieci \u201eSzaman z rzeki \u2013 opowie\u015bci wi\u015blane\u201d. Bajki wi\u015blane \u201eSzaman z\u00a0rzeki\u201d to ba\u015bniowy opis z\u0142otego wieku w Polsce. S\u0105 zr\u0119cznym po\u0142\u0105czeniem mitycznego \u015bwiata rusa\u0142ek, syrenek, gryf\u00f3w, utopc\u00f3w i bazyliszk\u00f3w, w otoczeniu spichlerzy i szkut wi\u015blanych. Prawdziwie bajkowe ilustracje wprowadzaj\u0105 m\u0142odych czytelnik\u00f3w w zapomniany \u015bwiat kr\u00f3lowej polskich rzek. Pozycja idealna zar\u00f3wno dla dziadk\u00f3w czytaj\u0105cych, jak i wnuk\u00f3w pr\u00f3buj\u0105cych czyta\u0107.<\/p>\n<p><strong>Joanna Przybyszewska <\/strong>\u2013 za wieloletnie zaanga\u017cowanie i aktywn\u0105 promocj\u0119 Odry. Od wielu lat zajmuje si\u0119 zagadnieniami \u017ceglugi \u015br\u00f3dl\u0105dowej i turystyki wodnej w\u00a0aspekcie mi\u0119dzynarodowym, prawnym, regionalnym, \u015brodowiskowy i turystycznym. Do jej zainteresowa\u0144 nale\u017cy r\u00f3wnie\u017c rozw\u00f3j \u017ceglugi turystycznej i pasa\u017cerskiej na polskich szlakach wodnych, przede wszystkim na Odrze.<\/p>\n<p style=\"text-align: center;\"><strong>Dyplom - wyr\u00f3\u017cnienia specjalne<\/strong><\/p>\n<p><strong>Polska Organizacja Turystyczna<\/strong> \u2013 za wspieranie turystyki wodnej i d\u0142ugoletni patronat nad konkursem o Nagrod\u0119 Przyjaznego Brzegu. POT jest jedn\u0105 z\u00a0kilkudziesi\u0119ciu dzia\u0142aj\u0105cych na \u015bwiecie narodowych organizacji turystycznych, kt\u00f3rych celem jest promowanie Polski jako kraju atrakcyjnego dla turyst\u00f3w, nowoczesnego, z wysokimi standardami us\u0142ug i korzystnymi cenami. Dzia\u0142ania na rzecz promocji i rozwoju turystyki polskiej prowadzi zar\u00f3wno w kraju, jak \u00a0\u00a0\u00a0i za granic\u0105. Wsp\u00f3\u0142pracuje z regionalnymi i lokalnymi organizacjami turystycznymi. Wsp\u00f3lnie podejmuje dzia\u0142ania maj\u0105ce na celu zwi\u0119kszenie zainteresowania polskimi miastami, regionami, produktami turystycznymi w\u015br\u00f3d krajowych i zagranicznych turyst\u00f3w. Organizuje liczne imprezy promocyjne, seminaria, szkolenia, a tak\u017ce zajmuje si\u0119 drukiem wydawnictw promocyjnych o Polsce.<\/p>\n<p><strong>Ceremonia wr\u0119czenia nagr\u00f3d planowana by\u0142a, tradycyjnie ju\u017c, podczas Warszawskich Targ\u00f3w Wiatr i Woda, w sobot\u0119 14 marca o godz. 12.00 na scenie g\u0142\u00f3wnej. Ze wzgl\u0119du na pandemi\u0119 COVID-19 organizatorzy zawiesili organizacje imprezy i przek\u0142adaj\u0105 na bezpieczny czas. Laureaci zostan\u0105 powiadomieni o nowym terminie i miejscu uroczystej gali fina\u0142owej!<\/strong><\/p>\n<p><strong>UWAGA! nowa lokalizacja Targ\u00f3w Centrum Targowo-Kongresowe Global EXPO, ul. Modli\u0144ska 6D; 03-216 Warszawa<\/strong><\/p>\n<p><a href=\"https:\/\/turysta2.pttk.pl\/wp-content\/uploads\/2020\/05\/LOGO-NPB-2019.jpg\"><img loading=\"lazy\" decoding=\"async\" class=\"aligncenter size-full wp-image-24860\" src=\"https:\/\/turysta2.pttk.pl\/wp-content\/uploads\/2020\/05\/LOGO-NPB-2019.jpg\" alt=\"\" width=\"336\" height=\"336\" srcset=\"https:\/\/turysta2.pttk.pl\/wp-content\/uploads\/2020\/05\/LOGO-NPB-2019.jpg 336w, https:\/\/turysta2.pttk.pl\/wp-content\/uploads\/2020\/05\/LOGO-NPB-2019-300x300.jpg 300w, https:\/\/turysta2.pttk.pl\/wp-content\/uploads\/2020\/05\/LOGO-NPB-2019-150x150.jpg 150w\" sizes=\"auto, (max-width: 336px) 100vw, 336px\" \/><\/a><\/p>\n<p><a href=\"https:\/\/turysta2.pttk.pl\/wp-content\/uploads\/2020\/05\/DSC_7850-2.jpg\"><img loading=\"lazy\" decoding=\"async\" class=\"aligncenter size-full wp-image-24859\" src=\"https:\/\/turysta2.pttk.pl\/wp-content\/uploads\/2020\/05\/DSC_7850-2.jpg\" alt=\"\" width=\"1000\" height=\"707\" srcset=\"https:\/\/turysta2.pttk.pl\/wp-content\/uploads\/2020\/05\/DSC_7850-2.jpg 1000w, https:\/\/turysta2.pttk.pl\/wp-content\/uploads\/2020\/05\/DSC_7850-2-300x212.jpg 300w, https:\/\/turysta2.pttk.pl\/wp-content\/uploads\/2020\/05\/DSC_7850-2-768x543.jpg 768w\" sizes=\"auto, (max-width: 1000px) 100vw, 1000px\" \/><\/a><\/p>\n","protected":false},"excerpt":{"rendered":"Jak co roku, na prze\u0142omie stycznia i lutego, rozstrzygni\u0119to konkurs, kt\u00f3rego tradycja si\u0119ga 2004 roku. Polska wchodzi\u0142a w\u00f3wczas do Unii Europejskiej, a skupieni wok\u00f3\u0142 Komisji Turystyki \u017beglarskiej wodniacy, zorganizowali pami\u0119tn\u0105 imprez\u0119 pod has\u0142em \u201ePowitanie Unii na wodach Polski\u201d. stycze\u0144-marzec\/1(1)2020 Plonem tamtego przedsi\u0119wzi\u0119cia by\u0142 pomys\u0142 zorganizowania konkursu i uhonorowania gospodarzy i w\u0142a\u015bcicieli obiekt\u00f3w, wykazuj\u0105cych szczeg\u00f3ln\u0105 trosk\u0119 w dziele tworzenia nowoczesnej infrastruktury&nbsp;<a href=\"https:\/\/turysta2.pttk.pl\/?p=24858\" class=\"read-more\">Continue Reading<\/a>","protected":false},"author":4,"featured_media":24859,"comment_status":"closed","ping_status":"closed","sticky":false,"template":"","format":"standard","meta":{"footnotes":""},"categories":[70],"tags":[],"class_list":["post-24858","post","type-post","status-publish","format-standard","has-post-thumbnail","hentry","category-turystyka-wodna","cat-70-id"],"aioseo_notices":[],"_links":{"self":[{"href":"https:\/\/turysta2.pttk.pl\/index.php?rest_route=\/wp\/v2\/posts\/24858","targetHints":{"allow":["GET"]}}],"collection":[{"href":"https:\/\/turysta2.pttk.pl\/index.php?rest_route=\/wp\/v2\/posts"}],"about":[{"href":"https:\/\/turysta2.pttk.pl\/index.php?rest_route=\/wp\/v2\/types\/post"}],"author":[{"embeddable":true,"href":"https:\/\/turysta2.pttk.pl\/index.php?rest_route=\/wp\/v2\/users\/4"}],"replies":[{"embeddable":true,"href":"https:\/\/turysta2.pttk.pl\/index.php?rest_route=%2Fwp%2Fv2%2Fcomments&post=24858"}],"version-history":[{"count":6,"href":"https:\/\/turysta2.pttk.pl\/index.php?rest_route=\/wp\/v2\/posts\/24858\/revisions"}],"predecessor-version":[{"id":25283,"href":"https:\/\/turysta2.pttk.pl\/index.php?rest_route=\/wp\/v2\/posts\/24858\/revisions\/25283"}],"wp:featuredmedia":[{"embeddable":true,"href":"https:\/\/turysta2.pttk.pl\/index.php?rest_route=\/wp\/v2\/media\/24859"}],"wp:attachment":[{"href":"https:\/\/turysta2.pttk.pl\/index.php?rest_route=%2Fwp%2Fv2%2Fmedia&parent=24858"}],"wp:term":[{"taxonomy":"category","embeddable":true,"href":"https:\/\/turysta2.pttk.pl\/index.php?rest_route=%2Fwp%2Fv2%2Fcategories&post=24858"},{"taxonomy":"post_tag","embeddable":true,"href":"https:\/\/turysta2.pttk.pl\/index.php?rest_route=%2Fwp%2Fv2%2Ftags&post=24858"}],"curies":[{"name":"wp","href":"https:\/\/api.w.org\/{rel}","templated":true}]}}