{"id":24577,"date":"2020-04-15T10:20:38","date_gmt":"2020-04-15T08:20:38","guid":{"rendered":"https:\/\/turysta2.pttk.pl\/?p=24577"},"modified":"2023-03-27T11:40:26","modified_gmt":"2023-03-27T09:40:26","slug":"kolejny-rok-turystyczny-za-nami","status":"publish","type":"post","link":"https:\/\/turysta2.pttk.pl\/?p=24577","title":{"rendered":"Kolejny rok turystyczny za nami"},"content":{"rendered":"<p>&nbsp;<\/p>\n<p><strong>W Oddziale PTTK \u017barn\u00f3w dokonano uroczystych podsumowa\u0144 ubieg\u0142orocznych dzia\u0142a\u0144. W oficjalnej cz\u0119\u015bci spotkania, kt\u00f3re odby\u0142o si\u0119 11 stycznia 2020 r. <\/strong><strong>w miejscowym Domu Kultury, wzi\u0119\u0142o udzia\u0142 74 go\u015bci z Warszawy, \u0141odzi, Sieradza, Piotrkowa Trybunalskiego, Ko\u0144skich, Przysuchy i Opoczna, za\u015b najwi\u0119ksz\u0105 grup\u0119 uczestnik\u00f3w stanowili cz\u0142onkowie \u017carnowskiego O\/PTTK.<\/strong><\/p>\n<pre>stycze\u0144-marzec\/1(1)2020<\/pre>\n<p>Uroczysto\u015b\u0107 otworzyli: w\u00f3jt gminy \u017barn\u00f3w \u2013 dr Krzysztof Nawrocki i prezes Zarz\u0105du Oddzia\u0142u PTTK \u2013 W\u0142odzimierz Szafi\u0144ski. W omawianym roku, cz\u0142onkowie PTTK z \u017barnowa, mieli mo\u017cliwo\u015b\u0107 uczestnictwa w 53 imprezach turystyczno \u2013 krajoznawczych. By\u0142y to w szczeg\u00f3lno\u015bci sp\u0142ywy kajakowe, rajdy piesze, wycieczki krajoznawcze, og\u00f3lnopolskie przedsi\u0119wzi\u0119cia PTTK, imprezy kulturalne itp. Na dzie\u0144 31 grudnia 2019 r. Oddzia\u0142 liczy 257 cz\u0142onk\u00f3w z op\u0142acon\u0105 sk\u0142adk\u0105, w tym 125 os\u00f3b to dzieci i m\u0142odzie\u017c szkolna. Aktualnie w dzia\u0142alno\u015bci programowej dominuje turystyka kajakowa i piesza. Mi\u0142o\u015bnicy turystyki wodnej mogli uczestniczy\u0107 w 20 sp\u0142ywach kajakowych: Pilic\u0105, Radomk\u0105, Drw\u0119c\u0105, Czarn\u0105 Malenieck\u0105, Wart\u0105, Bzur\u0105, Widawk\u0105, Wielkim i Ma\u0142ym Kana\u0142em Brdy i Bugiem. Wi\u0119kszo\u015b\u0107 sp\u0142yw\u00f3w stanowi\u0142y imprezy w\u0142asne, ale dzia\u0142acze brali r\u00f3wnie\u017c udzia\u0142 w sp\u0142ywach organizowanych przez Klub Sportowy \u201eAmber\u201d w Tomaszowie Mazowieckim, czy przez Oddzia\u0142 PTTK we W\u0142odawie. Od 2018 r. w ramach oddzia\u0142u funkcjonuje Klub Turystyki Kajakowej PTTK \u017barn\u00f3w licz\u0105cy obecnie 45 cz\u0142onk\u00f3w. Klub obejmuje swoj\u0105 dzia\u0142alno\u015bci\u0105 nie tylko cz\u0142onk\u00f3w O\/PTTK w \u017barnowie, s\u0105 w nim r\u00f3wnie\u017c przedstawiciele oddzia\u0142\u00f3w PTTK w Sieradzu i \u0141odzi. W naszych imprezach w ubieg\u0142ym roku, opr\u00f3cz Polak\u00f3w p\u0142ywali obywatele Francji, Serbii i W\u0142och.<\/p>\n<p>W omawianym roku przyznano naszym kajakarzom 27 odznak, w tym 3 srebrne (przep\u0142yni\u0119te co najmniej 1000 km), 7 br\u0105zowych (600 km), pozosta\u0142e to popularne Turystyczne Odznaki Kajakowe (100 km). Najm\u0142odsze zdobywczynie Dzieci\u0119cych Odznak Kajakowych PTTK \u201eKie\u0142bik\u201d s\u0105 Marysia i Jadzia Jakubowskie, p\u0142ywaj\u0105ce z rodzicami. Od 23 lat promujemy te\u017c turystyk\u0119 piesz\u0105. G\u0142\u00f3wnymi odbiorcami tej formy turystyki s\u0105 dzieci i m\u0142odzie\u017c szkolna. Oddzia\u0142owe rajdy piesze maj\u0105 wieloletni\u0105 tradycj\u0119, np. rajdy \u201eSzlakiem Powstania Styczniowego\u201d, \u201eSzlakiem mjr. Henryka Dobrza\u0144skiego \u2013 Hubala\u201d, \u201eBrzegiem Pilicy\u201d i \u201ePierwszy Dzie\u0144 Wiosny\u201d. Najd\u0142u\u017csz\u0105 histori\u0119 ma organizowany wsp\u00f3lnie z O\/PTTK w Ko\u0144skich \u201e Rajd Niepodleg\u0142o\u015bci\u201d, kt\u00f3rego 23 edycja odby\u0142a si\u0119 w 2019 r. Promujemy r\u00f3wnie\u017c turystyk\u0119 rodzinn\u0105, organizuj\u0105c \u201eRodzinny Rajd wok\u00f3\u0142 \u017barnowa\u201d i tradycj\u0119 bo\u017conarodzeniow\u0105 organizuj\u0105c \u201e\u017barnowski Rajd z Miko\u0142ajem\u201d. Nasi doro\u015bli tury\u015bci uczestnicz\u0105 w maratonach pieszych i innych rajdach d\u0142ugodystansowych, organizowanych przez O\/\u015awi\u0119tokrzyski w Kielcach, Oddzia\u0142y w Ko\u0144skich, Skar\u017cysku Kamiennej i Ch\u0119cinach. W 2019 r. zwi\u0119kszy\u0142 si\u0119 stan kadry Oddzia\u0142u, gdy\u017c kilka os\u00f3b zda\u0142o egzaminy na Przodownika Turystyki Pieszej. Terenowy Referat Weryfikacyjny w \u017barnowie przyzna\u0142 41 odznak turystyki pieszej. W ramach upowszechniania kultury, zorganizowali\u015bmy XXIII Przegl\u0105d Poezji \u201eKrajobrazy Polskie\u201d, przeznaczony dla dzieci i m\u0142odzie\u017cy szkolnej. Odby\u0142y si\u0119 tak\u017ce dwa wyjazdy do Teatru Wielkiego w \u0141odzi na spektakle \u201eDon Kichot\u201d i \u201eCarmen\u201d.<\/p>\n<p>Pod koniec roku szkolnego podsumowali\u015bmy konkurs pn. \u201eNajlepszy Turysta w szkole\u201d, wyr\u00f3\u017cniaj\u0105c m\u0142odych cz\u0142onk\u00f3w PTTK w poszczeg\u00f3lnych szko\u0142ach, dyplomami i drobnymi upominkami. Wa\u017cnym wydarzeniem by\u0142o zorganizowanie wsp\u00f3lnie z Gmin\u0105 Aleksandr\u00f3w, konferencji popularno-naukowej \u201eEtnografia \u015arodkowego Nadpilicza\u201d, w kt\u00f3rej wzi\u0119\u0142o udzia\u0142 oko\u0142o 100 os\u00f3b. W 2019 r. Oddzia\u0142 PTTK w \u017barnowie by\u0142 organizatorem (lub zleci\u0142 organizacj\u0119 innym podmiotom) 14 wycieczek. Najwa\u017cniejsze by\u0142y dwa wyjazdy zagraniczne: do Gruzji i na Ukrain\u0119 (Truskawiec), by\u0142y te\u017c dwie wycieczki Polska \u2013 Czechy (\u015al\u0105sk Cieszy\u0144ski \u2013 Morawy i \u015awierad\u00f3w Zdr\u00f3j \u2013 Liberec) oraz wyjazdy na mi\u0119dzynarodowe Targi Turystyczne \u201eNa styku Kultur\u201d w \u0141odzi. Brali\u015bmy tak\u017ce udzia\u0142 w wojew\u00f3dzkich obchodach \u015awiatowego Dnia Turystyki i w wycieczce po powiecie opoczy\u0144skim, po\u0142\u0105czonej ze zdobywaniem \u201eOdznaki Krajoznawczej Powiatu Opoczy\u0144skiego\u201d. Du\u017ca grupa dzieci i m\u0142odzie\u017cy z r\u00f3\u017cnych szk\u00f3\u0142 obj\u0119tych dzia\u0142alno\u015bci\u0105 PTTK \u017barn\u00f3w, wzi\u0119\u0142a udzia\u0142 w XV Og\u00f3lnopolskim Zlocie M\u0142odzie\u017cy Wiejskiej PTTK \u201eBachotek\u201d (woj. kujawsko \u2013 pomorskie).<\/p>\n<p>Wielkim sukcesem Oddzia\u0142u zako\u0144czy\u0142 si\u0119 og\u00f3lnopolski konkurs plastyczny \u201ePolskie Krajobrazy\u201d, w kt\u00f3rym dwie cz\u0142onkinie klubu PTTK ze Szko\u0142y Podstawowej w Miedznej Drewnianej zdoby\u0142y I i II miejsce. Dyplomy i nagrody odebra\u0142y w grudniu 2019 r. w siedzibie ZG PTTK w Warszawie, podczas uroczystego podsumowania konkursu. Nasi doro\u015bli cz\u0142onkowie uczestniczyli w 62 Og\u00f3lnopolskim Zlocie Przodownik\u00f3w Turystyki Pieszej w Legnicy, XX Og\u00f3lnopolskim Zlocie Oddzia\u0142\u00f3w i K\u00f3\u0142 \u015arodowiskowych w Ostrowie Wielkopolskim i Spotkaniu Cz\u0142onk\u00f3w Honorowych PTTK w Gdyni. Reprezentowali\u015bmy \u017carnowski PTTK na obradach \u015awi\u0119tokrzyskiego Przedkongresowego Sejmiku Krajoznawczego w Ko\u0144skich, konferencji w Zabytkowym Zak\u0142adzie Hutniczym w Male\u0144cu i spotkaniu historycznym w Przedborzu po\u015bwi\u0119conym pami\u0119ci gen. Amilkara Kosi\u0144skiego \u2013 postaci z czas\u00f3w Ksi\u0119stwa Warszawskiego. Ciekaw\u0105 ilustracj\u0105 sprawozdania by\u0142a prezentacja multimedialna przygotowana przez Tatian\u0119 Kosylak \u2013 wiceprezesa ZO PTTK w \u017barnowie. Na kr\u00f3tki program artystyczny z\u0142o\u017cy\u0142y si\u0119 wiersze o tematyce regionalnej, przedstawione przez autor\u00f3w: Przemys\u0142awa Ciszewskiego i Gra\u017cyn\u0119 Szafi\u0144sk\u0105. By\u0142y to utwory \u201eKr\u00f3lewski romans\u201d i \u201eB\u0105d\u017a nam pozdrowiona\u201d, nagrodzone I i III miejscem w konkursie \u201eJednego wiersza\u201d w ramach Powiatowych Obchod\u00f3w Mi\u0119dzynarodowego Dnia Ochrony Zabytk\u00f3w w Opocznie. W dalszej cz\u0119\u015bci spotkania zosta\u0142 przedstawiony film o gminie \u017barn\u00f3w, kt\u00f3ry by\u0142 doskona\u0142\u0105 promocj\u0105 walor\u00f3w turystyczno \u2013 krajoznawczych naszej \u201ema\u0142ej Ojczyzny\u201d.<\/p>\n<p>Podzi\u0119kowaniem dla wyr\u00f3\u017cniaj\u0105cych si\u0119 w pracy spo\u0142ecznej cz\u0142onk\u00f3w PTTK \u017barn\u00f3w, by\u0142o wr\u0119czenie odznacze\u0144 i dyplom\u00f3w Towarzystwa. Przy okazji prezes Oddzia\u0142u przypomnia\u0142 o wr\u0119czonym El\u017cbiecie Kotyli w Ministerstwie Edukacji Narodowej medalu i tytule \u201eNauczyciel Kraju Ojczystego\u201d. Podczas podsumowania w \u017barnowie zosta\u0142y wr\u0119czone Medale Komisji Edukacji Narodowej opiekunkom szkolnych klub\u00f3w PTTK: Marii Grzybowskiej z \u017barnowa i Justynie Nico\u015b z Przedborza. Dekoracji dokona\u0142a, z upowa\u017cnienia Ministra Edukacji Narodowej, Anna Pr\u0119cikowska- Skoczylas, dyrektor Delegatury \u0141\u00f3dzkiego Kuratorium O\u015bwiaty w Piotrkowie Trybunalskim, w asy\u015bcie El\u017cbiety Gordon, sekretarza Kapitu\u0142y Odznacze\u0144 ZG PTTK w Warszawie. Nast\u0119pnie Andrzej Gordon z Warszawy \u2013 cz\u0142onek Honorowy PTTK i Dziekan Kr\u0119gu Senior\u00f3w i Stanis\u0142aw \u0141u\u0107 \u2013 Honorowy Przewodnicz\u0105cy Komisji Turystyki Pieszej ZG PTTK w Warszawie, wr\u0119czyli szereg odznacze\u0144 Towarzystwa. Z\u0142ot\u0105 Honorow\u0105 Odznak\u0119 PTTK otrzyma\u0142 S\u0142awomir Klauz, Br\u0105zow\u0105 Honorow\u0105 Odznak\u0119 PTTK otrzymali: Danuta G\u0142owa, Maria Serafin oraz Jolanta i Dariusz Banaszczykowie. Z\u0142ot\u0105 odznak\u0105 \u201eZas\u0142u\u017cony w pracy PTTK w\u015br\u00f3d m\u0142odzie\u017cy\u201d wyr\u00f3\u017cniono Sabin\u0119 Kubiszewsk\u0105 i Magdalen\u0119 Szo\u0142owsk\u0105, a br\u0105zow\u0105 otrzymali: Barbara Kalinowska, Magdalena Polak i Ewa Wilk. Dyplomami PTTK uhonorowano Ma\u0142gorzat\u0119 i Jana Szewczyk\u00f3w oraz Monik\u0119 Aleksandrowicz. Dyplomy i tytu\u0142 \u201eAktywny kajakarz\u201d wr\u0119czono: Blance Jakubowskiej, Barbarze Kalinowskiej, Renacie Plucie, Zbigniewowi Chmurze, Stanis\u0142awowi Gwie\u017adzie, S\u0142awomirowi Klauzowi, Hubertowi Szulcowi i Jackowi Wojciechowskiemu. By\u0142a r\u00f3wnie\u017c okazja do wr\u0119czenia zdobytych w 2019 r. turystycznych odznak kajakowych.<\/p>\n<p>Specjalnym wyr\u00f3\u017cnieniem jest odznaka dla m\u0142odzie\u017cy do lat 26 \u201eOrli lot\u201d, kt\u00f3r\u0105 wyr\u00f3\u017cniono Aleksandr\u0119 Kat\u0119, za szczeg\u00f3lne osi\u0105gni\u0119cia w trzech og\u00f3lnopolskich konkursach plastycznych w latach 2017-2019. Po wr\u0119czeniu odznacze\u0144 i wyr\u00f3\u017cnie\u0144 by\u0142 czas na wyst\u0105pienia go\u015bci, z czego skorzystali: Andrzej Gordon, Anna Pr\u0119cikowska \u2013 Skoczylas i Pawe\u0142 Mamrot, w\u00f3jt gminy Aleksandr\u00f3w. Wyprowadzenie sztandaru i wsp\u00f3lna fotografia, zako\u0144czy\u0142y pierwsz\u0105 oficjaln\u0105 cz\u0119\u015b\u0107 spotkania, w kt\u00f3rym wzi\u0119li udzia\u0142 opr\u00f3cz w\/w os\u00f3b, dyrektorzy szk\u00f3\u0142 z \u017barnowa i Przedborza, dyrektorzy Muzeum Regionalnego w Opocznie i Zabytkowego Zak\u0142adu Hutniczego w Male\u0144cu, zast\u0119pca dyrektora Zespo\u0142u \u0141\u00f3dzkich Park\u00f3w Krajobrazowych, radna Powiatu Opoczy\u0144skiego i wiceprzewodnicz\u0105ca Rady Gminy w \u017barnowie, opiekunowie szkolnych klub\u00f3w PTTK, cz\u0142onkowie ZO PTTK w \u017barnowie, cz\u0142onkowie i sympatycy Oddzia\u0142u w \u017barnowie. Wszyscy uczestnicy \u201ePodsumowania\u201d otrzymali od organizator\u00f3w ilustrowan\u0105 broszur\u0119 z opisem dokona\u0144 Oddzia\u0142u w 2019 r., okoliczno\u015bciow\u0105 plakietk\u0119, notes i d\u0142ugopis.<\/p>\n<p>Drug\u0105 cz\u0119\u015bci\u0105 spotkania by\u0142 \u201eBal PTTK\u201d, kt\u00f3rego g\u0142\u00f3wn\u0105 atrakcj\u0105 by\u0142 konkurs na najciekawsze przebranie wieczoru. Zwyci\u0119zcami konkursu okazali si\u0119 Anna i Piotr Kmitowie (kardyna\u0142 i zakonnica). Wszyscy uczestnicy tej zabawy zostali nagrodzeni gor\u0105cymi brawami i drobnymi upominkami.<\/p>\n<p>W\u0142odzimierz Szafi\u0144ski<\/p>\n<p><a href=\"https:\/\/turysta2.pttk.pl\/wp-content\/uploads\/2020\/05\/20191207_131712.jpg\"><img loading=\"lazy\" decoding=\"async\" class=\"aligncenter size-full wp-image-24580\" src=\"https:\/\/turysta2.pttk.pl\/wp-content\/uploads\/2020\/05\/20191207_131712.jpg\" alt=\"\" width=\"1000\" height=\"486\" srcset=\"https:\/\/turysta2.pttk.pl\/wp-content\/uploads\/2020\/05\/20191207_131712.jpg 1000w, https:\/\/turysta2.pttk.pl\/wp-content\/uploads\/2020\/05\/20191207_131712-300x146.jpg 300w, https:\/\/turysta2.pttk.pl\/wp-content\/uploads\/2020\/05\/20191207_131712-768x373.jpg 768w, https:\/\/turysta2.pttk.pl\/wp-content\/uploads\/2020\/05\/20191207_131712-100x50.jpg 100w\" sizes=\"auto, (max-width: 1000px) 100vw, 1000px\" \/><\/a><\/p>\n<p><a href=\"https:\/\/turysta2.pttk.pl\/wp-content\/uploads\/2020\/05\/2-2.jpg\"><img loading=\"lazy\" decoding=\"async\" class=\"aligncenter size-full wp-image-24579\" src=\"https:\/\/turysta2.pttk.pl\/wp-content\/uploads\/2020\/05\/2-2.jpg\" alt=\"\" width=\"1000\" height=\"667\" srcset=\"https:\/\/turysta2.pttk.pl\/wp-content\/uploads\/2020\/05\/2-2.jpg 1000w, https:\/\/turysta2.pttk.pl\/wp-content\/uploads\/2020\/05\/2-2-300x200.jpg 300w, https:\/\/turysta2.pttk.pl\/wp-content\/uploads\/2020\/05\/2-2-768x512.jpg 768w\" sizes=\"auto, (max-width: 1000px) 100vw, 1000px\" \/><\/a><\/p>\n<p><a href=\"https:\/\/turysta2.pttk.pl\/wp-content\/uploads\/2020\/05\/1-3.jpg\"><img loading=\"lazy\" decoding=\"async\" class=\"aligncenter size-full wp-image-24578\" src=\"https:\/\/turysta2.pttk.pl\/wp-content\/uploads\/2020\/05\/1-3.jpg\" alt=\"\" width=\"1000\" height=\"667\" srcset=\"https:\/\/turysta2.pttk.pl\/wp-content\/uploads\/2020\/05\/1-3.jpg 1000w, https:\/\/turysta2.pttk.pl\/wp-content\/uploads\/2020\/05\/1-3-300x200.jpg 300w, https:\/\/turysta2.pttk.pl\/wp-content\/uploads\/2020\/05\/1-3-768x512.jpg 768w\" sizes=\"auto, (max-width: 1000px) 100vw, 1000px\" \/><\/a><\/p>\n<p><a href=\"https:\/\/turysta2.pttk.pl\/wp-content\/uploads\/2020\/05\/\u017barn\u00f3w-k.jpg\"><img loading=\"lazy\" decoding=\"async\" class=\"aligncenter size-full wp-image-24581\" src=\"https:\/\/turysta2.pttk.pl\/wp-content\/uploads\/2020\/05\/\u017barn\u00f3w-k.jpg\" alt=\"\" width=\"709\" height=\"709\" srcset=\"https:\/\/turysta2.pttk.pl\/wp-content\/uploads\/2020\/05\/\u017barn\u00f3w-k.jpg 709w, https:\/\/turysta2.pttk.pl\/wp-content\/uploads\/2020\/05\/\u017barn\u00f3w-k-300x300.jpg 300w, https:\/\/turysta2.pttk.pl\/wp-content\/uploads\/2020\/05\/\u017barn\u00f3w-k-150x150.jpg 150w\" sizes=\"auto, (max-width: 709px) 100vw, 709px\" \/><\/a><\/p>\n","protected":false},"excerpt":{"rendered":"&nbsp; W Oddziale PTTK \u017barn\u00f3w dokonano uroczystych podsumowa\u0144 ubieg\u0142orocznych dzia\u0142a\u0144. W oficjalnej cz\u0119\u015bci spotkania, kt\u00f3re odby\u0142o si\u0119 11 stycznia 2020 r. w miejscowym Domu Kultury, wzi\u0119\u0142o udzia\u0142 74 go\u015bci z Warszawy, \u0141odzi, Sieradza, Piotrkowa Trybunalskiego, Ko\u0144skich, Przysuchy i Opoczna, za\u015b najwi\u0119ksz\u0105 grup\u0119 uczestnik\u00f3w stanowili cz\u0142onkowie \u017carnowskiego O\/PTTK. stycze\u0144-marzec\/1(1)2020 Uroczysto\u015b\u0107 otworzyli: w\u00f3jt gminy \u017barn\u00f3w \u2013 dr Krzysztof Nawrocki i prezes Zarz\u0105du&nbsp;<a href=\"https:\/\/turysta2.pttk.pl\/?p=24577\" class=\"read-more\">Continue Reading<\/a>","protected":false},"author":4,"featured_media":24579,"comment_status":"closed","ping_status":"closed","sticky":false,"template":"","format":"standard","meta":{"footnotes":""},"categories":[73],"tags":[],"class_list":["post-24577","post","type-post","status-publish","format-standard","has-post-thumbnail","hentry","category-turystyka-srodowiskowa","cat-73-id"],"aioseo_notices":[],"_links":{"self":[{"href":"https:\/\/turysta2.pttk.pl\/index.php?rest_route=\/wp\/v2\/posts\/24577","targetHints":{"allow":["GET"]}}],"collection":[{"href":"https:\/\/turysta2.pttk.pl\/index.php?rest_route=\/wp\/v2\/posts"}],"about":[{"href":"https:\/\/turysta2.pttk.pl\/index.php?rest_route=\/wp\/v2\/types\/post"}],"author":[{"embeddable":true,"href":"https:\/\/turysta2.pttk.pl\/index.php?rest_route=\/wp\/v2\/users\/4"}],"replies":[{"embeddable":true,"href":"https:\/\/turysta2.pttk.pl\/index.php?rest_route=%2Fwp%2Fv2%2Fcomments&post=24577"}],"version-history":[{"count":6,"href":"https:\/\/turysta2.pttk.pl\/index.php?rest_route=\/wp\/v2\/posts\/24577\/revisions"}],"predecessor-version":[{"id":25235,"href":"https:\/\/turysta2.pttk.pl\/index.php?rest_route=\/wp\/v2\/posts\/24577\/revisions\/25235"}],"wp:featuredmedia":[{"embeddable":true,"href":"https:\/\/turysta2.pttk.pl\/index.php?rest_route=\/wp\/v2\/media\/24579"}],"wp:attachment":[{"href":"https:\/\/turysta2.pttk.pl\/index.php?rest_route=%2Fwp%2Fv2%2Fmedia&parent=24577"}],"wp:term":[{"taxonomy":"category","embeddable":true,"href":"https:\/\/turysta2.pttk.pl\/index.php?rest_route=%2Fwp%2Fv2%2Fcategories&post=24577"},{"taxonomy":"post_tag","embeddable":true,"href":"https:\/\/turysta2.pttk.pl\/index.php?rest_route=%2Fwp%2Fv2%2Ftags&post=24577"}],"curies":[{"name":"wp","href":"https:\/\/api.w.org\/{rel}","templated":true}]}}