{"id":24573,"date":"2020-05-15T08:03:40","date_gmt":"2020-05-15T06:03:40","guid":{"rendered":"https:\/\/turysta2.pttk.pl\/?p=24573"},"modified":"2023-03-27T11:38:30","modified_gmt":"2023-03-27T09:38:30","slug":"historia-jednej-fotografii","status":"publish","type":"post","link":"https:\/\/turysta2.pttk.pl\/?p=24573","title":{"rendered":"Historia jednej fotografii"},"content":{"rendered":"<p><strong>\u015anie\u017cka, z racji wysoko\u015bci, nazywana jest \u201ekr\u00f3low\u0105 Sudet\u00f3w\u201d. Jej charakterystyczna, przypominaj\u0105ca piramid\u0119 sylwetka, jest widoczna z daleka i zwykle ogl\u0105damy j\u0105,\u00a0 jak g\u00f3ruje nad otoczeniem.<\/strong><\/p>\n<pre>kwiecie\u0144-czerwiec\/2(2)2020<\/pre>\n<p>Czasem jednak mo\u017cna j\u0105 ujrze\u0107 w nietypowej scenerii\u2026 Niebanalne uj\u0119cia \u015anie\u017cki, z pasj\u0105 uwiecznia\u0142 Grzesiek \u0141ab\u0119dzki, dla przewodnik\u00f3w po prostu \u201e\u0141ab\u0119d\u017a\u201d, kolega ze Studenckiego Ko\u0142a Przewodnik\u00f3w Sudeckich we Wroc\u0142awiu. Jednym z jego \u201eodkry\u0107\u201d by\u0142 widok \u015anie\u017cki, ogl\u0105danej z za\u0142omu skalnego w kompleksie Bobrowych Ska\u0142, na skraju G\u00f3r Izerskich. Widok ten tak bardzo mnie zafascynowa\u0142, \u017ce b\u0119d\u0105c na Bobrowych Ska\u0142ach, odszuka\u0142em to miejsce i zrobi\u0142em podobne zdj\u0119cie.<\/p>\n<p>Grzesiek by\u0142 wybitnie zdolnym matematykiem. Po studiach pracowa\u0142 na Uniwersytecie Wroc\u0142awskim, a w 1997 r. wyjecha\u0142 do Kalifornii na studia doktoranckie w California Institute of Technology (Pasadena). Tam rok p\u00f3\u017aniej zgin\u0105\u0142 tragicznie w wypadku samochodowym. Pozosta\u0142y wspomnienia, a zdj\u0119cie \u015anie\u017cki wy\u0142aniaj\u0105cej si\u0119 spod okapu Bobrowych Ska\u0142 zawsze b\u0119dzie mi si\u0119 kojarzy\u0142o z \"\u0141ab\u0119dziem\"\u2026<\/p>\n<p>Jacek Potocki<\/p>\n<p><a href=\"https:\/\/turysta2.pttk.pl\/wp-content\/uploads\/2020\/05\/XxY-scaled.jpg\"><img loading=\"lazy\" decoding=\"async\" class=\"aligncenter size-large wp-image-24569\" src=\"https:\/\/turysta2.pttk.pl\/wp-content\/uploads\/2020\/05\/XxY-669x1024.jpg\" alt=\"\" width=\"604\" height=\"925\" srcset=\"https:\/\/turysta2.pttk.pl\/wp-content\/uploads\/2020\/05\/XxY-669x1024.jpg 669w, https:\/\/turysta2.pttk.pl\/wp-content\/uploads\/2020\/05\/XxY-196x300.jpg 196w, https:\/\/turysta2.pttk.pl\/wp-content\/uploads\/2020\/05\/XxY-768x1176.jpg 768w, https:\/\/turysta2.pttk.pl\/wp-content\/uploads\/2020\/05\/XxY-1003x1536.jpg 1003w, https:\/\/turysta2.pttk.pl\/wp-content\/uploads\/2020\/05\/XxY-1338x2048.jpg 1338w, https:\/\/turysta2.pttk.pl\/wp-content\/uploads\/2020\/05\/XxY-scaled.jpg 1672w\" sizes=\"auto, (max-width: 604px) 100vw, 604px\" \/><\/a><\/p>\n","protected":false},"excerpt":{"rendered":"\u015anie\u017cka, z racji wysoko\u015bci, nazywana jest \u201ekr\u00f3low\u0105 Sudet\u00f3w\u201d. Jej charakterystyczna, przypominaj\u0105ca piramid\u0119 sylwetka, jest widoczna z daleka i zwykle ogl\u0105damy j\u0105,\u00a0 jak g\u00f3ruje nad otoczeniem. kwiecie\u0144-czerwiec\/2(2)2020 Czasem jednak mo\u017cna j\u0105 ujrze\u0107 w nietypowej scenerii\u2026 Niebanalne uj\u0119cia \u015anie\u017cki, z pasj\u0105 uwiecznia\u0142 Grzesiek \u0141ab\u0119dzki, dla przewodnik\u00f3w po prostu \u201e\u0141ab\u0119d\u017a\u201d, kolega ze Studenckiego Ko\u0142a Przewodnik\u00f3w Sudeckich we Wroc\u0142awiu. Jednym z jego \u201eodkry\u0107\u201d by\u0142&nbsp;<a href=\"https:\/\/turysta2.pttk.pl\/?p=24573\" class=\"read-more\">Continue Reading<\/a>","protected":false},"author":4,"featured_media":24570,"comment_status":"closed","ping_status":"closed","sticky":false,"template":"","format":"standard","meta":{"footnotes":""},"categories":[80],"tags":[],"class_list":["post-24573","post","type-post","status-publish","format-standard","has-post-thumbnail","hentry","category-historia-jednej-fotografii","cat-80-id"],"aioseo_notices":[],"_links":{"self":[{"href":"https:\/\/turysta2.pttk.pl\/index.php?rest_route=\/wp\/v2\/posts\/24573","targetHints":{"allow":["GET"]}}],"collection":[{"href":"https:\/\/turysta2.pttk.pl\/index.php?rest_route=\/wp\/v2\/posts"}],"about":[{"href":"https:\/\/turysta2.pttk.pl\/index.php?rest_route=\/wp\/v2\/types\/post"}],"author":[{"embeddable":true,"href":"https:\/\/turysta2.pttk.pl\/index.php?rest_route=\/wp\/v2\/users\/4"}],"replies":[{"embeddable":true,"href":"https:\/\/turysta2.pttk.pl\/index.php?rest_route=%2Fwp%2Fv2%2Fcomments&post=24573"}],"version-history":[{"count":7,"href":"https:\/\/turysta2.pttk.pl\/index.php?rest_route=\/wp\/v2\/posts\/24573\/revisions"}],"predecessor-version":[{"id":25286,"href":"https:\/\/turysta2.pttk.pl\/index.php?rest_route=\/wp\/v2\/posts\/24573\/revisions\/25286"}],"wp:featuredmedia":[{"embeddable":true,"href":"https:\/\/turysta2.pttk.pl\/index.php?rest_route=\/wp\/v2\/media\/24570"}],"wp:attachment":[{"href":"https:\/\/turysta2.pttk.pl\/index.php?rest_route=%2Fwp%2Fv2%2Fmedia&parent=24573"}],"wp:term":[{"taxonomy":"category","embeddable":true,"href":"https:\/\/turysta2.pttk.pl\/index.php?rest_route=%2Fwp%2Fv2%2Fcategories&post=24573"},{"taxonomy":"post_tag","embeddable":true,"href":"https:\/\/turysta2.pttk.pl\/index.php?rest_route=%2Fwp%2Fv2%2Ftags&post=24573"}],"curies":[{"name":"wp","href":"https:\/\/api.w.org\/{rel}","templated":true}]}}