{"id":24566,"date":"2020-05-15T07:59:04","date_gmt":"2020-05-15T05:59:04","guid":{"rendered":"https:\/\/turysta2.pttk.pl\/?p=24566"},"modified":"2023-03-27T11:38:30","modified_gmt":"2023-03-27T09:38:30","slug":"czy-konferencja-odbedzie-sie","status":"publish","type":"post","link":"https:\/\/turysta2.pttk.pl\/?p=24566","title":{"rendered":"Czy konferencja w \u017barnowie odb\u0119dzie si\u0119?"},"content":{"rendered":"<p><strong>Polskie Towarzystwo Turystyczno-Krajoznawcze w \u017barnowie, od wielu lat pr\u0119\u017cnie wsp\u00f3\u0142pracuje z gmin\u0105 Aleksandr\u00f3w przy realizacji imprez turystyczno-krajoznawczych.<\/strong><\/p>\n<pre>stycze\u0144-marzec\/1(1)2020<\/pre>\n<p>W 1998 roku na terenie gminy ruszy\u0142 pierwszy Rajd Szlakiem Powstania Styczniowego. Przed laty we wszystkich szko\u0142ach tej gminy dzia\u0142a\u0142y szkolne ko\u0142a PTTK (Aleksandr\u00f3w, Ciechomin, D\u0105browa n\/Czarn\u0105, D\u0105br\u00f3wka i Skotniki). Niestety, dzisiaj zosta\u0142y ju\u017c tylko 3 szko\u0142y (Aleksandr\u00f3w, D\u0105browa n\/Czarn\u0105 i Skotniki), w kt\u00f3rych nie ma ju\u017c jednostek organizacyjnych Towarzystwa. Mimo to, uczniowie i nauczyciele w dalszym ci\u0105gu uczestnicz\u0105 w organizowanych przez Oddzia\u0142 imprezach.<\/p>\n<p>Wa\u017cn\u0105 i ciekaw\u0105 inicjatyw\u0105 Oddzia\u0142u PTTK w \u017barnowie i Gminy Aleksandr\u00f3w by\u0142o ustanowienie w 2016 r. <em>Odznaki Turystyczno-Krajoznawczej gminy Aleksandr\u00f3w<\/em>. Jej regulamin opracowali Pawe\u0142 Mamrot i W\u0142odzimierz Szafi\u0144ski, za\u015b autorem projektu jest Piotr Wypych. Odznaka funkcjonuje od 1 stycznia 2017 r., a du\u017c\u0105 pomoc w jej zdobywaniu stanowi <em>Kanon turystyczny gminy Aleksandr\u00f3w, <\/em>swoisty przewodnik po terenie i obiektach wskazanych w regulaminie, kt\u00f3rego autorem jest r\u00f3wnie\u017c Pawe\u0142 Mamrot, historyk i regionalista, promuj\u0105cy swoj\u0105 gmin\u0119.<\/p>\n<p>W 2020 r. na terenie Gminy Aleksandr\u00f3w odby\u0142a si\u0119 23 edycja <em>Rajdu Szlakiem Powstania Styczniowego<\/em>, zako\u0144czonego w szkole podstawowej w Skotnikach. Przed laty jeden z rajd\u00f3w\u00a0 pt. <em>Brzegiem Pilicy<\/em>, kt\u00f3ry odby\u0142 si\u0119 na trasie z Niewierszyna do Aleksandrowa, mia\u0142 r\u00f3wnie\u017c sw\u00f3j fina\u0142 w miejscowej szkole. Opr\u00f3cz rajd\u00f3w pieszych, kt\u00f3rych trasy przebiega\u0142y przez teren gminy, odby\u0142o si\u0119 dotychczas 5 konferencji popularnonaukowych:<\/p>\n<ul>\n<li>2013 r.\u00a0\u00a0 - zorganizowana w ramach obchod\u00f3w 150 rocznicy wybuchu Powstania Styczniowego;<\/li>\n<li>2016 r. -\u00a0 \"<em>Z nurtem Pilicy\";<\/em><\/li>\n<li>2017 r.\u00a0 - \"<em>Turystyczna gmina Aleksandr\u00f3w\";<\/em><\/li>\n<li>w 2018 r. - <em>Potencja\u0142 turystyczny \u015arodkowego Nadpilicza<\/em>;<\/li>\n<li>2019 r. - <em>Etnografia \u015arodkowego Nadpilicza<\/em>.<\/li>\n<\/ul>\n<p>W roku 2020 zaplanowano konferencj\u0119 pn. <em>Praca i \u017cycie codzienne mieszka\u0144c\u00f3w \u015arodkowego Nadpilicza<\/em>, kt\u00f3ra ma ukaza\u0107 wieloletni\u0105 wsp\u00f3\u0142prac\u0119 w\u0142adz samorz\u0105dowych gminy Oddzia\u0142u PTTK w \u017barnowie i Gminy Aleksandr\u00f3w. Planowanym terminem jest 18 lipca 2020, ale jej realizacja zale\u017cy od sytuacji epidemicznej.<\/p>\n<p><em>W\u0142odzimierz Szafi\u0144ski<\/em> 28\/04\/2020<\/p>\n<p><a href=\"https:\/\/turysta2.pttk.pl\/wp-content\/uploads\/2020\/05\/Zdj\u0119cie_grupowe.jpg\"><img loading=\"lazy\" decoding=\"async\" class=\"aligncenter wp-image-24571\" src=\"https:\/\/turysta2.pttk.pl\/wp-content\/uploads\/2020\/05\/Zdj\u0119cie_grupowe.jpg\" alt=\"\" width=\"714\" height=\"404\" srcset=\"https:\/\/turysta2.pttk.pl\/wp-content\/uploads\/2020\/05\/Zdj\u0119cie_grupowe.jpg 400w, https:\/\/turysta2.pttk.pl\/wp-content\/uploads\/2020\/05\/Zdj\u0119cie_grupowe-300x170.jpg 300w\" sizes=\"auto, (max-width: 714px) 100vw, 714px\" \/><\/a><\/p>\n<p><a href=\"https:\/\/turysta2.pttk.pl\/wp-content\/uploads\/2020\/05\/Odznaka_Gminy_Aleksandrow.jpg\"><img loading=\"lazy\" decoding=\"async\" class=\"aligncenter size-full wp-image-24568\" src=\"https:\/\/turysta2.pttk.pl\/wp-content\/uploads\/2020\/05\/Odznaka_Gminy_Aleksandrow.jpg\" alt=\"\" width=\"640\" height=\"480\" srcset=\"https:\/\/turysta2.pttk.pl\/wp-content\/uploads\/2020\/05\/Odznaka_Gminy_Aleksandrow.jpg 640w, https:\/\/turysta2.pttk.pl\/wp-content\/uploads\/2020\/05\/Odznaka_Gminy_Aleksandrow-300x225.jpg 300w, https:\/\/turysta2.pttk.pl\/wp-content\/uploads\/2020\/05\/Odznaka_Gminy_Aleksandrow-200x150.jpg 200w\" sizes=\"auto, (max-width: 640px) 100vw, 640px\" \/><\/a><\/p>\n<p><a href=\"https:\/\/turysta2.pttk.pl\/wp-content\/uploads\/2020\/05\/Konferencja-Lipiec-2020.jpg\"><img loading=\"lazy\" decoding=\"async\" class=\"aligncenter size-full wp-image-24567\" src=\"https:\/\/turysta2.pttk.pl\/wp-content\/uploads\/2020\/05\/Konferencja-Lipiec-2020.jpg\" alt=\"\" width=\"333\" height=\"333\" srcset=\"https:\/\/turysta2.pttk.pl\/wp-content\/uploads\/2020\/05\/Konferencja-Lipiec-2020.jpg 333w, https:\/\/turysta2.pttk.pl\/wp-content\/uploads\/2020\/05\/Konferencja-Lipiec-2020-300x300.jpg 300w, https:\/\/turysta2.pttk.pl\/wp-content\/uploads\/2020\/05\/Konferencja-Lipiec-2020-150x150.jpg 150w\" sizes=\"auto, (max-width: 333px) 100vw, 333px\" \/><\/a><\/p>\n","protected":false},"excerpt":{"rendered":"Polskie Towarzystwo Turystyczno-Krajoznawcze w \u017barnowie, od wielu lat pr\u0119\u017cnie wsp\u00f3\u0142pracuje z gmin\u0105 Aleksandr\u00f3w przy realizacji imprez turystyczno-krajoznawczych. stycze\u0144-marzec\/1(1)2020 W 1998 roku na terenie gminy ruszy\u0142 pierwszy Rajd Szlakiem Powstania Styczniowego. Przed laty we wszystkich szko\u0142ach tej gminy dzia\u0142a\u0142y szkolne ko\u0142a PTTK (Aleksandr\u00f3w, Ciechomin, D\u0105browa n\/Czarn\u0105, D\u0105br\u00f3wka i Skotniki). Niestety, dzisiaj zosta\u0142y ju\u017c tylko 3 szko\u0142y (Aleksandr\u00f3w, D\u0105browa n\/Czarn\u0105 i Skotniki),&nbsp;<a href=\"https:\/\/turysta2.pttk.pl\/?p=24566\" class=\"read-more\">Continue Reading<\/a>","protected":false},"author":4,"featured_media":24571,"comment_status":"closed","ping_status":"closed","sticky":false,"template":"","format":"standard","meta":{"footnotes":""},"categories":[73],"tags":[],"class_list":["post-24566","post","type-post","status-publish","format-standard","has-post-thumbnail","hentry","category-turystyka-srodowiskowa","cat-73-id"],"aioseo_notices":[],"_links":{"self":[{"href":"https:\/\/turysta2.pttk.pl\/index.php?rest_route=\/wp\/v2\/posts\/24566","targetHints":{"allow":["GET"]}}],"collection":[{"href":"https:\/\/turysta2.pttk.pl\/index.php?rest_route=\/wp\/v2\/posts"}],"about":[{"href":"https:\/\/turysta2.pttk.pl\/index.php?rest_route=\/wp\/v2\/types\/post"}],"author":[{"embeddable":true,"href":"https:\/\/turysta2.pttk.pl\/index.php?rest_route=\/wp\/v2\/users\/4"}],"replies":[{"embeddable":true,"href":"https:\/\/turysta2.pttk.pl\/index.php?rest_route=%2Fwp%2Fv2%2Fcomments&post=24566"}],"version-history":[{"count":19,"href":"https:\/\/turysta2.pttk.pl\/index.php?rest_route=\/wp\/v2\/posts\/24566\/revisions"}],"predecessor-version":[{"id":25288,"href":"https:\/\/turysta2.pttk.pl\/index.php?rest_route=\/wp\/v2\/posts\/24566\/revisions\/25288"}],"wp:featuredmedia":[{"embeddable":true,"href":"https:\/\/turysta2.pttk.pl\/index.php?rest_route=\/wp\/v2\/media\/24571"}],"wp:attachment":[{"href":"https:\/\/turysta2.pttk.pl\/index.php?rest_route=%2Fwp%2Fv2%2Fmedia&parent=24566"}],"wp:term":[{"taxonomy":"category","embeddable":true,"href":"https:\/\/turysta2.pttk.pl\/index.php?rest_route=%2Fwp%2Fv2%2Fcategories&post=24566"},{"taxonomy":"post_tag","embeddable":true,"href":"https:\/\/turysta2.pttk.pl\/index.php?rest_route=%2Fwp%2Fv2%2Ftags&post=24566"}],"curies":[{"name":"wp","href":"https:\/\/api.w.org\/{rel}","templated":true}]}}