{"id":24564,"date":"2020-05-15T07:54:07","date_gmt":"2020-05-15T05:54:07","guid":{"rendered":"https:\/\/turysta2.pttk.pl\/?p=24564"},"modified":"2023-03-27T11:38:31","modified_gmt":"2023-03-27T09:38:31","slug":"olsztynska-lynostrada","status":"publish","type":"post","link":"https:\/\/turysta2.pttk.pl\/?p=24564","title":{"rendered":"Olszty\u0144ska \u0141ynostrada"},"content":{"rendered":"<p><strong>Stara to prawda, \u017ce zgoda i wsp\u00f3\u0142praca buduje. Na Warmii, w ramach wsp\u00f3lnej inicjatywy stowarzysze\u0144 (Wizja Lokalna, PTTK, M\u0142yn) i przy wsp\u00f3\u0142pracy Zarz\u0105du Wojew\u00f3dztwa Warmi\u0144sko-Mazurskiego oraz kilku warmi\u0144skich gmin (Olsztyn, Dywity, Dobre Miasto, Lidzbark Warmi\u0144ski), powstaje ciekawa trekkingowa trasa rowerowa, \u0142\u0105cz\u0105ca Olsztyn ze znanym szlakiem Green Velo.<\/strong><\/p>\n<pre>kwiecie\u0144-czerwiec\/2(2)\/2020<\/pre>\n<p>Biegnie ona dolin\u0105 \u0141yny, wzd\u0142u\u017c pi\u0119knego szlaku kajakowego, w my\u015bl do\u015b\u0107 znanego has\u0142a \"rzeki dla rower\u00f3w\". \u0141yna to ma\u0142a rzeka i nie da si\u0119 ca\u0142ej trasy poprowadzi\u0107 wy\u0142\u0105cznie jej brzegiem. Projektanci za\u0142o\u017cyli wi\u0119c, \u017ce b\u0119dzie przebiega\u0142a jak najbli\u017cej tej warmi\u0144skiej rzeki. Szlak rowerowy zaczyna si\u0119 w po\u0142udniowej cz\u0119\u015bci Olsztyna i przebiega m.in. przez Park Centralny i Stare Miasto, niemal w ca\u0142o\u015bci w bezpo\u015brednim s\u0105siedztwie rzeki. Na tym sko\u0144czonym i w pe\u0142ni oznakowanym odcinku nosi ona nazw\u0119 Olszty\u0144skiej \u0141ynostrady. Dalsze odcinki, znajduj\u0105ce si\u0119 poza Olsztynem s\u0105 w r\u00f3\u017cnym stopniu sko\u0144czone i oznakowane, jednak ca\u0142y trakt jest przejezdny. Trasa wykorzystuje istniej\u0105ce drogi dla rower\u00f3w, wiedzie te\u017c szosami o minimalnym ruchu pojazd\u00f3w oraz drogami le\u015bnymi o dobrze utrzymanej nawierzchni. Niemal na ca\u0142ym odcinku w Olsztynie zosta\u0142y wydzielone drogi dla rower\u00f3w (kilkaset metr\u00f3w to ci\u0105gi pieszo-rowerowe), mi\u0119dzy Swobodn\u0105 i Dobrym Miastem, Dobrym Miastem i Smolajnami, z \u0141aniewa do Lidzbarka Warmi\u0144skiego. To niespe\u0142na po\u0142owa licz\u0105cej nieco ponad sze\u015b\u0107dziesi\u0105t km trasy. Na trasie nie ma dr\u00f3g z intensywnym ruchem samochodowym, po kt\u00f3rych trzeba by\u0142oby jecha\u0107 rowerem (poza kilkusetmetrowym odcinkiem w samym Dobrym Mie\u015bcie).<\/p>\n<p>Wprawdzie sze\u015b\u0107dziesi\u0105t kilometr\u00f3w to trasa do pokonania w jeden dzie\u0144, ale gdyby kto\u015b mia\u0142 inne plany, mo\u017ce skorzysta\u0107 z przystani kajakowych nad \u0141yn\u0105 w Br\u0105swa\u0142dzie, Smolajnach, \u0141aniewie i przenocowa\u0107 we w\u0142asnym namiocie oraz odpocz\u0105\u0107 w Dobrym Mie\u015bcie, w s\u0105siedztwie pot\u0119\u017cnego zabudowania Kolegiaty.<br \/>\nTrasa jest bardzo urozmaicona krajobrazowo i bogata kulturowo. Co chwila otwieraj\u0105 si\u0119 pi\u0119kne widoki mocno pag\u00f3rkowatej Warmii, cho\u0107 na samym szlaku stromych podjazd\u00f3w nie ma.<\/p>\n<p>Zak\u0142adaj\u0105c, i\u017c rower nie s\u0142u\u017cy wy\u0142\u0105cznie do zaliczania kolejnych kilometr\u00f3w, ale tak\u017ce jako \u015brodek transportu przydatny w zwiedzaniu, polecamy g\u0142\u00f3wne atrakcje na trasie, kt\u00f3r\u0105 mo\u017cemy nazwa\u0107 tak\u017ce rowerowym Szlakiem Kopernikowskim: Olsztyn z zamkiem Kapitu\u0142y Warmi\u0144skiej, wspomniane zabudowania Kolegiaty w Dobrym Mie\u015bcie, pa\u0142ac w Smolajnach, czy pi\u0119kny zabytkowy Lidzbark Warmi\u0144ski z dawn\u0105 rezydencj\u0105 biskup\u00f3w warmi\u0144skich na zamku \u2013 miejsca w kt\u00f3rych bywa\u0142 i mieszka\u0142 nasz wybitny astronom Miko\u0142aj Kopernik. Warte uwagi s\u0105 te\u017c budowle hydrotechniczne na \u0141ynie. Zjawiskowo pi\u0119kne s\u0105 r\u00f3wnie\u017c lasy i jeziora, z Limajnem na czele.<\/p>\n<p>Epidemia koronawirusa spowodowa\u0142a, \u017ce prace znakarskie zatrzyma\u0142y si\u0119. Dla porz\u0105dku i u\u0142atwienia podaj\u0119 tras\u0119 Warmi\u0144skiej \u0141ynostrady: Olsztyn, Br\u0105swa\u0142d, Cerkiewnik, Swobodna, Dobre Miasto, Smolajny, Urbanowo, \u0141aniewo, Lidzbark Warmi\u0144ski. Z Lidzbarka Warmi\u0144skiego mo\u017cna znan\u0105 trasa rowerow\u0105 Green Velo pojecha\u0107 na zach\u00f3d, prawie ca\u0142y czas po Warmii, do Pieni\u0119\u017cna, Braniewa, Fromborka i Elbl\u0105ga, albo na wsch\u00f3d, na Mazury.<\/p>\n<p>Marian Jurak<\/p>\n<p><a href=\"https:\/\/turysta2.pttk.pl\/wp-content\/uploads\/2020\/05\/\u0141ynostrada-Za\u0142\u0105cznik-bez-tytu\u0142u-00067.jpg\"><img loading=\"lazy\" decoding=\"async\" class=\"aligncenter size-full wp-image-24556\" src=\"https:\/\/turysta2.pttk.pl\/wp-content\/uploads\/2020\/05\/\u0141ynostrada-Za\u0142\u0105cznik-bez-tytu\u0142u-00067.jpg\" alt=\"\" width=\"1000\" height=\"750\" srcset=\"https:\/\/turysta2.pttk.pl\/wp-content\/uploads\/2020\/05\/\u0141ynostrada-Za\u0142\u0105cznik-bez-tytu\u0142u-00067.jpg 1000w, https:\/\/turysta2.pttk.pl\/wp-content\/uploads\/2020\/05\/\u0141ynostrada-Za\u0142\u0105cznik-bez-tytu\u0142u-00067-300x225.jpg 300w, https:\/\/turysta2.pttk.pl\/wp-content\/uploads\/2020\/05\/\u0141ynostrada-Za\u0142\u0105cznik-bez-tytu\u0142u-00067-768x576.jpg 768w, https:\/\/turysta2.pttk.pl\/wp-content\/uploads\/2020\/05\/\u0141ynostrada-Za\u0142\u0105cznik-bez-tytu\u0142u-00067-200x150.jpg 200w\" sizes=\"auto, (max-width: 1000px) 100vw, 1000px\" \/><\/a><\/p>\n<p><a href=\"https:\/\/turysta2.pttk.pl\/wp-content\/uploads\/2020\/05\/\u0141ynostrada-Za\u0142\u0105cznik-bez-tytu\u0142u-00064.jpg\"><img loading=\"lazy\" decoding=\"async\" class=\"aligncenter size-large wp-image-24555\" src=\"https:\/\/turysta2.pttk.pl\/wp-content\/uploads\/2020\/05\/\u0141ynostrada-Za\u0142\u0105cznik-bez-tytu\u0142u-00064.jpg\" alt=\"\" width=\"604\" height=\"453\" srcset=\"https:\/\/turysta2.pttk.pl\/wp-content\/uploads\/2020\/05\/\u0141ynostrada-Za\u0142\u0105cznik-bez-tytu\u0142u-00064.jpg 1000w, https:\/\/turysta2.pttk.pl\/wp-content\/uploads\/2020\/05\/\u0141ynostrada-Za\u0142\u0105cznik-bez-tytu\u0142u-00064-300x225.jpg 300w, https:\/\/turysta2.pttk.pl\/wp-content\/uploads\/2020\/05\/\u0141ynostrada-Za\u0142\u0105cznik-bez-tytu\u0142u-00064-768x576.jpg 768w, https:\/\/turysta2.pttk.pl\/wp-content\/uploads\/2020\/05\/\u0141ynostrada-Za\u0142\u0105cznik-bez-tytu\u0142u-00064-200x150.jpg 200w\" sizes=\"auto, (max-width: 604px) 100vw, 604px\" \/><\/a><\/p>\n<p><a href=\"https:\/\/turysta2.pttk.pl\/wp-content\/uploads\/2020\/05\/\u0141ynostrada-Za\u0142\u0105cznik-bez-tytu\u0142u-00061.jpg\"><img loading=\"lazy\" decoding=\"async\" class=\"aligncenter size-large wp-image-24554\" src=\"https:\/\/turysta2.pttk.pl\/wp-content\/uploads\/2020\/05\/\u0141ynostrada-Za\u0142\u0105cznik-bez-tytu\u0142u-00061.jpg\" alt=\"\" width=\"604\" height=\"453\" srcset=\"https:\/\/turysta2.pttk.pl\/wp-content\/uploads\/2020\/05\/\u0141ynostrada-Za\u0142\u0105cznik-bez-tytu\u0142u-00061.jpg 1000w, https:\/\/turysta2.pttk.pl\/wp-content\/uploads\/2020\/05\/\u0141ynostrada-Za\u0142\u0105cznik-bez-tytu\u0142u-00061-300x225.jpg 300w, https:\/\/turysta2.pttk.pl\/wp-content\/uploads\/2020\/05\/\u0141ynostrada-Za\u0142\u0105cznik-bez-tytu\u0142u-00061-768x576.jpg 768w, https:\/\/turysta2.pttk.pl\/wp-content\/uploads\/2020\/05\/\u0141ynostrada-Za\u0142\u0105cznik-bez-tytu\u0142u-00061-200x150.jpg 200w\" sizes=\"auto, (max-width: 604px) 100vw, 604px\" \/><\/a><\/p>\n<p><a href=\"https:\/\/turysta2.pttk.pl\/wp-content\/uploads\/2020\/05\/\u0141ynostrada-Za\u0142\u0105cznik-bez-tytu\u0142u-00058.jpg\"><img loading=\"lazy\" decoding=\"async\" class=\"aligncenter size-large wp-image-24553\" src=\"https:\/\/turysta2.pttk.pl\/wp-content\/uploads\/2020\/05\/\u0141ynostrada-Za\u0142\u0105cznik-bez-tytu\u0142u-00058.jpg\" alt=\"\" width=\"604\" height=\"453\" srcset=\"https:\/\/turysta2.pttk.pl\/wp-content\/uploads\/2020\/05\/\u0141ynostrada-Za\u0142\u0105cznik-bez-tytu\u0142u-00058.jpg 1000w, https:\/\/turysta2.pttk.pl\/wp-content\/uploads\/2020\/05\/\u0141ynostrada-Za\u0142\u0105cznik-bez-tytu\u0142u-00058-300x225.jpg 300w, https:\/\/turysta2.pttk.pl\/wp-content\/uploads\/2020\/05\/\u0141ynostrada-Za\u0142\u0105cznik-bez-tytu\u0142u-00058-768x576.jpg 768w, https:\/\/turysta2.pttk.pl\/wp-content\/uploads\/2020\/05\/\u0141ynostrada-Za\u0142\u0105cznik-bez-tytu\u0142u-00058-200x150.jpg 200w\" sizes=\"auto, (max-width: 604px) 100vw, 604px\" \/><\/a><\/p>\n<p><a href=\"https:\/\/turysta2.pttk.pl\/wp-content\/uploads\/2020\/05\/\u0141ynostrada-Za\u0142\u0105cznik-bez-tytu\u0142u-00055.jpg\"><img loading=\"lazy\" decoding=\"async\" class=\"aligncenter size-large wp-image-24552\" src=\"https:\/\/turysta2.pttk.pl\/wp-content\/uploads\/2020\/05\/\u0141ynostrada-Za\u0142\u0105cznik-bez-tytu\u0142u-00055-768x1024.jpg\" alt=\"\" width=\"604\" height=\"805\" srcset=\"https:\/\/turysta2.pttk.pl\/wp-content\/uploads\/2020\/05\/\u0141ynostrada-Za\u0142\u0105cznik-bez-tytu\u0142u-00055-768x1024.jpg 768w, https:\/\/turysta2.pttk.pl\/wp-content\/uploads\/2020\/05\/\u0141ynostrada-Za\u0142\u0105cznik-bez-tytu\u0142u-00055-225x300.jpg 225w, https:\/\/turysta2.pttk.pl\/wp-content\/uploads\/2020\/05\/\u0141ynostrada-Za\u0142\u0105cznik-bez-tytu\u0142u-00055.jpg 1000w\" sizes=\"auto, (max-width: 604px) 100vw, 604px\" \/><\/a><\/p>\n<p><a href=\"https:\/\/turysta2.pttk.pl\/wp-content\/uploads\/2020\/05\/\u0141ynostrada-Przed-Smolajnami-fot.Marian-Jurak.jpg\"><img loading=\"lazy\" decoding=\"async\" class=\"aligncenter size-full wp-image-24551\" src=\"https:\/\/turysta2.pttk.pl\/wp-content\/uploads\/2020\/05\/\u0141ynostrada-Przed-Smolajnami-fot.Marian-Jurak.jpg\" alt=\"\" width=\"1000\" height=\"750\" srcset=\"https:\/\/turysta2.pttk.pl\/wp-content\/uploads\/2020\/05\/\u0141ynostrada-Przed-Smolajnami-fot.Marian-Jurak.jpg 1000w, https:\/\/turysta2.pttk.pl\/wp-content\/uploads\/2020\/05\/\u0141ynostrada-Przed-Smolajnami-fot.Marian-Jurak-300x225.jpg 300w, https:\/\/turysta2.pttk.pl\/wp-content\/uploads\/2020\/05\/\u0141ynostrada-Przed-Smolajnami-fot.Marian-Jurak-768x576.jpg 768w, https:\/\/turysta2.pttk.pl\/wp-content\/uploads\/2020\/05\/\u0141ynostrada-Przed-Smolajnami-fot.Marian-Jurak-200x150.jpg 200w\" sizes=\"auto, (max-width: 1000px) 100vw, 1000px\" \/><\/a><\/p>\n","protected":false},"excerpt":{"rendered":"Stara to prawda, \u017ce zgoda i wsp\u00f3\u0142praca buduje. Na Warmii, w ramach wsp\u00f3lnej inicjatywy stowarzysze\u0144 (Wizja Lokalna, PTTK, M\u0142yn) i przy wsp\u00f3\u0142pracy Zarz\u0105du Wojew\u00f3dztwa Warmi\u0144sko-Mazurskiego oraz kilku warmi\u0144skich gmin (Olsztyn, Dywity, Dobre Miasto, Lidzbark Warmi\u0144ski), powstaje ciekawa trekkingowa trasa rowerowa, \u0142\u0105cz\u0105ca Olsztyn ze znanym szlakiem Green Velo. kwiecie\u0144-czerwiec\/2(2)\/2020 Biegnie ona dolin\u0105 \u0141yny, wzd\u0142u\u017c pi\u0119knego szlaku kajakowego, w my\u015bl do\u015b\u0107 znanego&nbsp;<a href=\"https:\/\/turysta2.pttk.pl\/?p=24564\" class=\"read-more\">Continue Reading<\/a>","protected":false},"author":4,"featured_media":24555,"comment_status":"closed","ping_status":"closed","sticky":false,"template":"","format":"standard","meta":{"footnotes":""},"categories":[92,84],"tags":[],"class_list":["post-24564","post","type-post","status-publish","format-standard","has-post-thumbnail","hentry","category-polecamy","category-poznajemy-szlaki","cat-92-id","cat-84-id"],"aioseo_notices":[],"_links":{"self":[{"href":"https:\/\/turysta2.pttk.pl\/index.php?rest_route=\/wp\/v2\/posts\/24564","targetHints":{"allow":["GET"]}}],"collection":[{"href":"https:\/\/turysta2.pttk.pl\/index.php?rest_route=\/wp\/v2\/posts"}],"about":[{"href":"https:\/\/turysta2.pttk.pl\/index.php?rest_route=\/wp\/v2\/types\/post"}],"author":[{"embeddable":true,"href":"https:\/\/turysta2.pttk.pl\/index.php?rest_route=\/wp\/v2\/users\/4"}],"replies":[{"embeddable":true,"href":"https:\/\/turysta2.pttk.pl\/index.php?rest_route=%2Fwp%2Fv2%2Fcomments&post=24564"}],"version-history":[{"count":10,"href":"https:\/\/turysta2.pttk.pl\/index.php?rest_route=\/wp\/v2\/posts\/24564\/revisions"}],"predecessor-version":[{"id":25224,"href":"https:\/\/turysta2.pttk.pl\/index.php?rest_route=\/wp\/v2\/posts\/24564\/revisions\/25224"}],"wp:featuredmedia":[{"embeddable":true,"href":"https:\/\/turysta2.pttk.pl\/index.php?rest_route=\/wp\/v2\/media\/24555"}],"wp:attachment":[{"href":"https:\/\/turysta2.pttk.pl\/index.php?rest_route=%2Fwp%2Fv2%2Fmedia&parent=24564"}],"wp:term":[{"taxonomy":"category","embeddable":true,"href":"https:\/\/turysta2.pttk.pl\/index.php?rest_route=%2Fwp%2Fv2%2Fcategories&post=24564"},{"taxonomy":"post_tag","embeddable":true,"href":"https:\/\/turysta2.pttk.pl\/index.php?rest_route=%2Fwp%2Fv2%2Ftags&post=24564"}],"curies":[{"name":"wp","href":"https:\/\/api.w.org\/{rel}","templated":true}]}}