{"id":24560,"date":"2020-05-14T13:53:16","date_gmt":"2020-05-14T11:53:16","guid":{"rendered":"https:\/\/turysta2.pttk.pl\/?p=24560"},"modified":"2023-03-27T11:38:31","modified_gmt":"2023-03-27T09:38:31","slug":"sejmiki-przedkongresowe-w-olsztynie","status":"publish","type":"post","link":"https:\/\/turysta2.pttk.pl\/?p=24560","title":{"rendered":"Sejmiki przedkongresowe w Olsztynie"},"content":{"rendered":"<p><strong>Za kilka lat, w roku 2023 przypada 550 rocznica urodzin najwybitniejszego mieszka\u0144ca\u00a0 Warmii \u2013 Miko\u0142aja\u00a0 Kopernika. W\u0142a\u015bnie\u00a0 ta\u00a0 data spowodowa\u0142a, \u017ce oba przedkongresowe sejmiki (2019 i 2020), poprzedzaj\u0105ce VII Kongres Krajoznawstwa Polskiego w \u0141odzi, po\u015bwi\u0119cone by\u0142y g\u0142ownie tematom kopernika\u0144skim, czyli zwi\u0105zanym bezpo\u015brednio lub po\u015brednio z postaci\u0105\u00a0 naszego wybitnego astronoma i Warmi\u0105, na kt\u00f3rej sp\u0119dzi\u0142 niemal ca\u0142e \u017cycie.<\/strong><\/p>\n<pre>stycze\u0144-marzec\/1(1)2020<\/pre>\n<p><strong>Szlak Kopernikowski<\/strong><\/p>\n<p>Pierwszy z tych sejmik\u00f3w odby\u0142 si\u0119 15 lutego (sesja w Planetarium w Olsztynie) i 16 lutego 2019 roku (wyjazd studyjny do Fromborka) pn. <em>Szlak Kopernikowski<\/em>. Tematyka g\u0142oszonych referat\u00f3w dotyczy\u0142a kszta\u0142towania si\u0119 przebiegu turystycznego <em>Szlaku Kopernikowskiego<\/em> w \u015bwietle dokument\u00f3w archiwalnych Oddzia\u0142u PTTK w Olsztynie i bada\u0144 statystyczno-kartograficznych Eugeniusza Romera nawi\u0105zuj\u0105cych m.in. do Ziemi Lubawskiej. Przedstawione zosta\u0142y tak\u017ce prasowe echa <em>Roku Kopernikowskiego<\/em> z 1953 roku oraz walory krajoznawcze miejscowo\u015bci, w kt\u00f3rych lokacji dokona\u0142 Miko\u0142aj Kopernik rejestruj\u0105c w <i>Locationes mansorum desertorum<\/i>.<\/p>\n<p>Tematycznie odbiega\u0142a od samego <em>Szlaku Kopernikowskiego<\/em>, ale wzbudzi\u0142a du\u017ce zainteresowanie, w tym tak\u017ce goszcz\u0105cych na sejmiku w\u0142adz regionalnych, prezentacja opracowanego w Centralnym O\u015brodku Turystyki G\u00f3rskiej PTTK w Krakowie systemu wizualizacji i promocji szlak\u00f3w turystycznych.<\/p>\n<p>Regionalna Pracownia Krajoznawcza PTTK w Olsztynie posiada cenny zbi\u00f3r starych dokument\u00f3w kartograficznych, obejmuj\u0105cych m.in. Warmi\u0119 i sejmik by\u0142 znakomit\u0105 okazj\u0105 do zaprezentowania ich tre\u015bci i zmian, jakie zasz\u0142y w krajobrazie Warmii w ci\u0105gu XX w.<\/p>\n<p>Dzie\u0144 wyjazdowy pierwszego sejmiku s\u0142u\u017cy\u0142 g\u0142\u00f3wnie poznaniu stosunkowo niedawno powo\u0142anego i powi\u0119kszanego Muzeum Ziemi Braniewskiej oraz zapoznaniu si\u0119 z bardzo rozleg\u0142ymi pracami renowacyjnymi prowadzonymi na Wzg\u00f3rzu Katedralnym we Fromborku.<\/p>\n<p>Olszty\u0144ski sejmik przedkongresowy by\u0142 pierwszym w kraju przed Kongresem Krajoznawstwa Polskiego 2020. Poprzedni Kongres odby\u0142 si\u0119 w\u0142a\u015bnie w Olsztynie w roku 2010.<\/p>\n<p>Referenci na Sejmiku Przedkongresowym pn. <em>Szlak Kopernikowski<\/em> w roku 2019 (w kolejno\u015bci opisanych wy\u017cej temat\u00f3w) \u2013 Marian Jurak, Piotr Grabowski, Kazimierz Kisielew, Andrzej Bobrowicz, Jerzy Kap\u0142on, Jerzy Popio\u0142ek.<\/p>\n<p><strong>Zabytki techniki na Szlaku Kopernikowskim<\/strong><\/p>\n<p>Drugi sejmik przedkongresowy odby\u0142 si\u0119 29 lutego i 1 marca 2020 pn. <em>Zabytki techniki na Szlaku Kopernikowskim. <\/em>Tematyka wyg\u0142aszanych referat\u00f3w dotyczy\u0142a rzadko zauwa\u017canych i niemal zupe\u0142nie pozbawionych opis\u00f3w zabytk\u00f3w techniki na <em>Szlaku Kopernikowskim<\/em>. Osi\u0105gni\u0119cia techniki s\u0105 r\u00f3wnie istotnym elementem krajobrazu kulturowego, jak dzie\u0142a sztuki i architektury. Mog\u0105 si\u0119 wi\u0119c sta\u0107 celem wyjazd\u00f3w krajoznawczych i przedmiotem opieki os\u00f3b zainteresowanych trwa\u0142o\u015bci\u0105 osi\u0105gni\u0119\u0107 cywilizacyjnych.<\/p>\n<p>Poniewa\u017c sesja sejmiku przedkongresowego odbywa\u0142a si\u0119 29 lutego 2020 roku, nie spos\u00f3b by\u0142o pomin\u0105\u0107 tematu opisuj\u0105cego, sk\u0105d si\u0119 taka data w kalendarzu wzi\u0119\u0142a, tym bardziej, \u017ce Miko\u0142aj Kopernik z jedn\u0105 z reform kalendarza mia\u0142 du\u017co wsp\u00f3lnego, opracowuj\u0105c i wysy\u0142aj\u0105c do Rzymu w\u0142asny projekt w roku 1513.<\/p>\n<p>Pozosta\u0142e wyst\u0105pienia dotyczy\u0142y ju\u017c spraw techniki. Zainteresowanie wzbudzi\u0142 opis taranu wodnego \u2013 jedynego do dzi\u015b funkcjonuj\u0105cego w regionie, a by\u0107 mo\u017ce i w kraju systemu wodoci\u0105gowego we wsi Kajny ko\u0142o Olsztyna.<\/p>\n<p>Trudno w to uwierzy\u0107, ale czwarty co do wysoko\u015bci czynny most kolejowy w Polsce znajduje si\u0119 na Warmii. Zaprezentowane zosta\u0142y okoliczno\u015bci jego powstania w 1885 roku, przebudowy i wzmocnienia w 1907 oraz powojennej odbudowy.<\/p>\n<p>Technika powoduje niejednokrotnie g\u0142\u0119bok\u0105 ingerencj\u0119 w \u015brodowisko naturalne. Przedstawione zosta\u0142y zmiany krajobrazu na mapach archiwalnych przy budowie elektrowni wodnych. Zaprezentowane zosta\u0142y tak\u017ce dzieje tzw. Kana\u0142u Kopernika (de facto Kopernik nie mia\u0142 z nim nic wsp\u00f3lnego) i jednego z pierwszych ci\u015bnieniowych wodoci\u0105g\u00f3w nowo\u017cytnej Europy, kt\u00f3ry funkcjonowa\u0142 we Fromborku od 1571 roku.<\/p>\n<p>Wycieczka \u015bladem zabytk\u00f3w techniki na Szlaku Kopernikowskim by\u0142a interesuj\u0105cym dope\u0142nieniem\u00a0 tre\u015bci referat\u00f3w wyg\u0142oszonych dnia poprzedniego.<\/p>\n<h4>Referenci na Sejmiku Przedkongresowym pn. Zabytki techniki na Szlaku Kopernikowskim w roku 2020 (w kolejno\u015bci wy\u017cej opisanych temat\u00f3w: Andrzej Bobrowicz, Mariusz Moritz, Marian Jurak, Jerzy Popio\u0142ek, Adam Frenszkowski.<\/h4>\n<p>Marian Jurak<\/p>\n<h5><a href=\"https:\/\/turysta2.pttk.pl\/wp-content\/uploads\/2020\/05\/IV.1.2.1.-1.Sejmik-przedkongresowy-w-2019-roku-fot.-Franciszek-Romanik.jpg\"><img loading=\"lazy\" decoding=\"async\" class=\"aligncenter size-full wp-image-24545\" src=\"https:\/\/turysta2.pttk.pl\/wp-content\/uploads\/2020\/05\/IV.1.2.1.-1.Sejmik-przedkongresowy-w-2019-roku-fot.-Franciszek-Romanik.jpg\" alt=\"\" width=\"1000\" height=\"665\" srcset=\"https:\/\/turysta2.pttk.pl\/wp-content\/uploads\/2020\/05\/IV.1.2.1.-1.Sejmik-przedkongresowy-w-2019-roku-fot.-Franciszek-Romanik.jpg 1000w, https:\/\/turysta2.pttk.pl\/wp-content\/uploads\/2020\/05\/IV.1.2.1.-1.Sejmik-przedkongresowy-w-2019-roku-fot.-Franciszek-Romanik-300x200.jpg 300w, https:\/\/turysta2.pttk.pl\/wp-content\/uploads\/2020\/05\/IV.1.2.1.-1.Sejmik-przedkongresowy-w-2019-roku-fot.-Franciszek-Romanik-768x511.jpg 768w\" sizes=\"auto, (max-width: 1000px) 100vw, 1000px\" \/><\/a>Sejmik przedkongresowy w Olsztynie 2019. W pierwszym rz\u0119dzie od prawej: prezes Zarz\u0105du G\u0142\u00f3wnego PTTK Jerzy Kap\u0142on, Stanis\u0142aw Harajda i jeden z prelegent\u00f3w \u2013 Kazimierz Kisielew. <em>Fot. Franciszek Romanik<\/em><\/h5>\n<h5><a href=\"https:\/\/turysta2.pttk.pl\/wp-content\/uploads\/2020\/05\/IV.1.2.1.-2.-sejmik-2019-fot.-Franciszek-Romanik.jpg\"><img loading=\"lazy\" decoding=\"async\" class=\"aligncenter size-full wp-image-24546\" src=\"https:\/\/turysta2.pttk.pl\/wp-content\/uploads\/2020\/05\/IV.1.2.1.-2.-sejmik-2019-fot.-Franciszek-Romanik.jpg\" alt=\"\" width=\"1000\" height=\"665\" srcset=\"https:\/\/turysta2.pttk.pl\/wp-content\/uploads\/2020\/05\/IV.1.2.1.-2.-sejmik-2019-fot.-Franciszek-Romanik.jpg 1000w, https:\/\/turysta2.pttk.pl\/wp-content\/uploads\/2020\/05\/IV.1.2.1.-2.-sejmik-2019-fot.-Franciszek-Romanik-300x200.jpg 300w, https:\/\/turysta2.pttk.pl\/wp-content\/uploads\/2020\/05\/IV.1.2.1.-2.-sejmik-2019-fot.-Franciszek-Romanik-768x511.jpg 768w\" sizes=\"auto, (max-width: 1000px) 100vw, 1000px\" \/><\/a>Przerwa kawowa sprzyja\u0142a ciekawym rozmowom i spotkaniom (sejmik 2019). <em>Fot. Franciszek Romanik<\/em><\/h5>\n<h5><a href=\"https:\/\/turysta2.pttk.pl\/wp-content\/uploads\/2020\/05\/IV.1.2.1.-3.-wycieczka-posejmikowa-fot.-Marian-Jurak.jpg\"><img loading=\"lazy\" decoding=\"async\" class=\"aligncenter size-large wp-image-24547\" src=\"https:\/\/turysta2.pttk.pl\/wp-content\/uploads\/2020\/05\/IV.1.2.1.-3.-wycieczka-posejmikowa-fot.-Marian-Jurak-768x1024.jpg\" alt=\"\" width=\"604\" height=\"805\" srcset=\"https:\/\/turysta2.pttk.pl\/wp-content\/uploads\/2020\/05\/IV.1.2.1.-3.-wycieczka-posejmikowa-fot.-Marian-Jurak-768x1024.jpg 768w, https:\/\/turysta2.pttk.pl\/wp-content\/uploads\/2020\/05\/IV.1.2.1.-3.-wycieczka-posejmikowa-fot.-Marian-Jurak-225x300.jpg 225w, https:\/\/turysta2.pttk.pl\/wp-content\/uploads\/2020\/05\/IV.1.2.1.-3.-wycieczka-posejmikowa-fot.-Marian-Jurak-1152x1536.jpg 1152w, https:\/\/turysta2.pttk.pl\/wp-content\/uploads\/2020\/05\/IV.1.2.1.-3.-wycieczka-posejmikowa-fot.-Marian-Jurak.jpg 1200w\" sizes=\"auto, (max-width: 604px) 100vw, 604px\" \/><\/a>Wycieczka posejmikowa do Fromborka 2019. Po katedrze oprowadza proboszcz ks. dr Jacek Wojtkowski. <em>Fot. Marian Jurak<\/em><\/h5>\n<h5><a href=\"https:\/\/turysta2.pttk.pl\/wp-content\/uploads\/2020\/05\/IV.1.2.1.-5.-Wycieczka-posejmikowa-2020-fot.-marian-Jurak.jpg\"><img loading=\"lazy\" decoding=\"async\" class=\"aligncenter size-full wp-image-24549\" src=\"https:\/\/turysta2.pttk.pl\/wp-content\/uploads\/2020\/05\/IV.1.2.1.-5.-Wycieczka-posejmikowa-2020-fot.-marian-Jurak.jpg\" alt=\"\" width=\"1000\" height=\"750\" srcset=\"https:\/\/turysta2.pttk.pl\/wp-content\/uploads\/2020\/05\/IV.1.2.1.-5.-Wycieczka-posejmikowa-2020-fot.-marian-Jurak.jpg 1000w, https:\/\/turysta2.pttk.pl\/wp-content\/uploads\/2020\/05\/IV.1.2.1.-5.-Wycieczka-posejmikowa-2020-fot.-marian-Jurak-300x225.jpg 300w, https:\/\/turysta2.pttk.pl\/wp-content\/uploads\/2020\/05\/IV.1.2.1.-5.-Wycieczka-posejmikowa-2020-fot.-marian-Jurak-768x576.jpg 768w, https:\/\/turysta2.pttk.pl\/wp-content\/uploads\/2020\/05\/IV.1.2.1.-5.-Wycieczka-posejmikowa-2020-fot.-marian-Jurak-200x150.jpg 200w\" sizes=\"auto, (max-width: 1000px) 100vw, 1000px\" \/><\/a>Widok z mostu kolejowego na Pieni\u0119\u017cno. <em>Fot. Marian Jurak<\/em><\/h5>\n<h5><a href=\"https:\/\/turysta2.pttk.pl\/wp-content\/uploads\/2020\/05\/IV.1.2.1.-4.-wycieczka-posejmikowa-2020-fot.-marian-Jurak.jpg\"><img loading=\"lazy\" decoding=\"async\" class=\"aligncenter size-full wp-image-24548\" src=\"https:\/\/turysta2.pttk.pl\/wp-content\/uploads\/2020\/05\/IV.1.2.1.-4.-wycieczka-posejmikowa-2020-fot.-marian-Jurak.jpg\" alt=\"\" width=\"1000\" height=\"750\" srcset=\"https:\/\/turysta2.pttk.pl\/wp-content\/uploads\/2020\/05\/IV.1.2.1.-4.-wycieczka-posejmikowa-2020-fot.-marian-Jurak.jpg 1000w, https:\/\/turysta2.pttk.pl\/wp-content\/uploads\/2020\/05\/IV.1.2.1.-4.-wycieczka-posejmikowa-2020-fot.-marian-Jurak-300x225.jpg 300w, https:\/\/turysta2.pttk.pl\/wp-content\/uploads\/2020\/05\/IV.1.2.1.-4.-wycieczka-posejmikowa-2020-fot.-marian-Jurak-768x576.jpg 768w, https:\/\/turysta2.pttk.pl\/wp-content\/uploads\/2020\/05\/IV.1.2.1.-4.-wycieczka-posejmikowa-2020-fot.-marian-Jurak-200x150.jpg 200w\" sizes=\"auto, (max-width: 1000px) 100vw, 1000px\" \/><\/a>Elektrownia wodna w Pierzcha\u0142ach \u2013 wycieczka posejmikowa 2020 pn. <em>Zabytki techniki na Szlaku Kopernikowskim<\/em>. <em>Fot. Marian Jurak<\/em><\/h5>\n<h5><a href=\"https:\/\/turysta2.pttk.pl\/wp-content\/uploads\/2020\/05\/IV.1.2.1.-6.-Wycieczka-posejmikowa-2020-fot-marian-Jurak.jpg\"><img loading=\"lazy\" decoding=\"async\" class=\"aligncenter size-full wp-image-24550\" src=\"https:\/\/turysta2.pttk.pl\/wp-content\/uploads\/2020\/05\/IV.1.2.1.-6.-Wycieczka-posejmikowa-2020-fot-marian-Jurak.jpg\" alt=\"\" width=\"1000\" height=\"750\" srcset=\"https:\/\/turysta2.pttk.pl\/wp-content\/uploads\/2020\/05\/IV.1.2.1.-6.-Wycieczka-posejmikowa-2020-fot-marian-Jurak.jpg 1000w, https:\/\/turysta2.pttk.pl\/wp-content\/uploads\/2020\/05\/IV.1.2.1.-6.-Wycieczka-posejmikowa-2020-fot-marian-Jurak-300x225.jpg 300w, https:\/\/turysta2.pttk.pl\/wp-content\/uploads\/2020\/05\/IV.1.2.1.-6.-Wycieczka-posejmikowa-2020-fot-marian-Jurak-768x576.jpg 768w, https:\/\/turysta2.pttk.pl\/wp-content\/uploads\/2020\/05\/IV.1.2.1.-6.-Wycieczka-posejmikowa-2020-fot-marian-Jurak-200x150.jpg 200w\" sizes=\"auto, (max-width: 1000px) 100vw, 1000px\" \/><\/a>Wn\u0119trze elektrowni w Pieni\u0119\u017cnie \u2013 wycieczka posejmikowa 2020. <em>Fot. Marian Jurak<\/em><\/h5>\n","protected":false},"excerpt":{"rendered":"Za kilka lat, w roku 2023 przypada 550 rocznica urodzin najwybitniejszego mieszka\u0144ca\u00a0 Warmii \u2013 Miko\u0142aja\u00a0 Kopernika. W\u0142a\u015bnie\u00a0 ta\u00a0 data spowodowa\u0142a, \u017ce oba przedkongresowe sejmiki (2019 i 2020), poprzedzaj\u0105ce VII Kongres Krajoznawstwa Polskiego w \u0141odzi, po\u015bwi\u0119cone by\u0142y g\u0142ownie tematom kopernika\u0144skim, czyli zwi\u0105zanym bezpo\u015brednio lub po\u015brednio z postaci\u0105\u00a0 naszego wybitnego astronoma i Warmi\u0105, na kt\u00f3rej sp\u0119dzi\u0142 niemal ca\u0142e \u017cycie. stycze\u0144-marzec\/1(1)2020 Szlak Kopernikowski&nbsp;<a href=\"https:\/\/turysta2.pttk.pl\/?p=24560\" class=\"read-more\">Continue Reading<\/a>","protected":false},"author":4,"featured_media":24550,"comment_status":"closed","ping_status":"closed","sticky":false,"template":"","format":"standard","meta":{"footnotes":""},"categories":[78],"tags":[],"class_list":["post-24560","post","type-post","status-publish","format-standard","has-post-thumbnail","hentry","category-konferencje-szkolenia","cat-78-id"],"aioseo_notices":[],"_links":{"self":[{"href":"https:\/\/turysta2.pttk.pl\/index.php?rest_route=\/wp\/v2\/posts\/24560","targetHints":{"allow":["GET"]}}],"collection":[{"href":"https:\/\/turysta2.pttk.pl\/index.php?rest_route=\/wp\/v2\/posts"}],"about":[{"href":"https:\/\/turysta2.pttk.pl\/index.php?rest_route=\/wp\/v2\/types\/post"}],"author":[{"embeddable":true,"href":"https:\/\/turysta2.pttk.pl\/index.php?rest_route=\/wp\/v2\/users\/4"}],"replies":[{"embeddable":true,"href":"https:\/\/turysta2.pttk.pl\/index.php?rest_route=%2Fwp%2Fv2%2Fcomments&post=24560"}],"version-history":[{"count":19,"href":"https:\/\/turysta2.pttk.pl\/index.php?rest_route=\/wp\/v2\/posts\/24560\/revisions"}],"predecessor-version":[{"id":25290,"href":"https:\/\/turysta2.pttk.pl\/index.php?rest_route=\/wp\/v2\/posts\/24560\/revisions\/25290"}],"wp:featuredmedia":[{"embeddable":true,"href":"https:\/\/turysta2.pttk.pl\/index.php?rest_route=\/wp\/v2\/media\/24550"}],"wp:attachment":[{"href":"https:\/\/turysta2.pttk.pl\/index.php?rest_route=%2Fwp%2Fv2%2Fmedia&parent=24560"}],"wp:term":[{"taxonomy":"category","embeddable":true,"href":"https:\/\/turysta2.pttk.pl\/index.php?rest_route=%2Fwp%2Fv2%2Fcategories&post=24560"},{"taxonomy":"post_tag","embeddable":true,"href":"https:\/\/turysta2.pttk.pl\/index.php?rest_route=%2Fwp%2Fv2%2Ftags&post=24560"}],"curies":[{"name":"wp","href":"https:\/\/api.w.org\/{rel}","templated":true}]}}