{"id":24558,"date":"2020-05-14T13:50:07","date_gmt":"2020-05-14T11:50:07","guid":{"rendered":"https:\/\/turysta2.pttk.pl\/?p=24558"},"modified":"2023-03-27T11:38:31","modified_gmt":"2023-03-27T09:38:31","slug":"schroniska-przez-okienko-zapraszaja-turystow","status":"publish","type":"post","link":"https:\/\/turysta2.pttk.pl\/?p=24558","title":{"rendered":"Schroniska przez okienko zapraszaj\u0105 turyst\u00f3w!"},"content":{"rendered":"<p><strong>Od 4 maja mog\u0105 by\u0107 ju\u017c czynne schroniska PTTK i prywatne obiekty noclegowe o charakterze schroniskowym, jednak nie oznacza to wo<\/strong><strong>lnego dost\u0119pu do nich.\u00a0<\/strong><\/p>\n<pre>kwiecie\u0144-czerwiec\/2(2)2020<\/pre>\n<p>W zwi\u0105zku z ponownym udost\u0119pnieniem dla turyst\u00f3w Park\u00f3w Narodowych, uruchomione zosta\u0142y schroniska g\u00f3rskie wraz z punktami obs\u0142ugi \u201eprzez okienko\u201d oraz sprzeda\u017c\u0105 na wynos. Niekt\u00f3re obiekty dzia\u0142aj\u0105 weekendowo, zatem przed rozpocz\u0119ciem wycieczki warto sprawdzi\u0107 aktualne informacje na stronach obiekt\u00f3w. Menu jest ograniczone, mo\u017cna jednak kupi\u0107 dania obiadowe, ciep\u0142e napoje i szarlotk\u0119. Niekt\u00f3re schroniska oferuj\u0105 ju\u017c noclegi.<\/p>\n<p>Zarz\u0105dcy obiekt\u00f3w apeluj\u0105 o przestrzeganie zasad bezpiecze\u0144stwa przed schroniskami oraz na szlakach: zachowywania co najmniej 2-metrowych odst\u0119p\u00f3w oraz nie grupowanie si\u0119. Wytyczne dotycz\u0105 r\u00f3wnie\u017c rodzin i bliskich. Z obowi\u0105zku wy\u0142\u0105czeni s\u0105 rodzice z dzie\u0107mi wymagaj\u0105cymi opieki (do 13 roku \u017cycia) oraz osoby niepe\u0142nosprawne, kt\u00f3re nie mog\u0105 samodzielnie si\u0119 porusza\u0107, osoby z orzeczeniem o potrzebie kszta\u0142cenia specjalnego i ich opiekunowie. Przy schronisku obowi\u0105zuje noszenie maseczek, u\u017cywanie p\u0142yn\u00f3w do dezynfekcji r\u0105k. Nie wolno korzysta\u0107 z \u0142awek, stolik\u00f3w, hamak\u00f3w oraz toalet.<\/p>\n<p>Poni\u017cej lista schronisk oferuj\u0105cych sprzeda\u017c na wynos, wg portalu \u201eG\u00f3ry dla Ciebie\u201d:<\/p>\n<p>TATRY<br \/>\nSchronisko G\u00f3rskie PTTK im. Jana Paw\u0142a II na Polanie Chocho\u0142owskiej \u2013 sprzeda\u017c \u2013 bufet zewn\u0119trzny, od 08.05.2020 r. wznawia swoj\u0105 dzia\u0142alno\u015b\u0107 (noclegi) \u2013 Schronisko na Polanie Chocho\u0142owskiej<br \/>\nSchronisko G\u00f3rskie PTTK na Hali Ornak \u2013 sprzeda\u017c \u2013 bufet zewn\u0119trzny od 08.05.2020 r. \u2013 Schronisko na Hali Ornak<br \/>\nSchronisko PTTK Morskie Oko \u2013 aktualnie tylko sprzeda\u017c na zewn\u0105trz \u2013 Schronisko Morskie Oko<br \/>\nSchronisko PTTK Pi\u0119\u0107 Staw\u00f3w \u2013 aktualnie otwarty tylko bufet zewn\u0119trzny \u2013 Schronisko Pi\u0119\u0107 Staw\u00f3w<\/p>\n<p>________________________________________<\/p>\n<p>BESKID \u015aL\u0104SKI<br \/>\nSchronisko PTTK pod Barani\u0105 G\u00f3r\u0105 \u2013 gastronomia tylko na wynos \u2013 Przys\u0142op pod Barani\u0105 G\u00f3r\u0105 Schronisko G\u00f3rskie PTTK<br \/>\nSchronisko \u201eSosz\u00f3w\u201d \u2013 otwarte od 1 maja \u2013 w ofercie s\u0105 zamkni\u0119te lunchboxy w wersji s\u0142odkiej i s\u0142onej oraz szarlotka \u2013 Schronisko \u201cSosz\u00f3w\u201d.<br \/>\nUwaga! W dalszym ci\u0105gu dzia\u0142a wirtualna zrzutka, czyli cegie\u0142ka na utrzymanie schroniska w czasie epidemii (kupon do wykorzystania w dowolnym czasie) https:\/\/zrzutka.pl\/wirtualna-szarlotka-cegielka-na-schronisko-gorskie<br \/>\nSchronisko PTTK Klimczok \u2013 otwarte od 1 do 3 maja \u2013 Schronisko Klimczok<br \/>\nSchronisko PTTK Szyndzielnia \u2013 otwarte od 25 kwietnia \u2013 Schronisko PTTK Szyndzielnia.<br \/>\nChata Wuja Toma \u2013 otwarte od 1 maja \u2013 Chata Wuja Toma<\/p>\n<p>________________________________________<\/p>\n<p>BESKID \u017bYWIECKI<br \/>\nSchronisko PTTK na Wielkiej Raczy \u2013 sprzeda\u017c \u201eokienkowa\u201d od godz. 9 \u2013 19 \u2013 Schronisko G\u00f3rskie PTTK Na Wielkiej Raczy<br \/>\nBac\u00f3wka PTTK Krawc\u00f3w Wierch \u2013 Bac\u00f3wka PTTK na Krawcowym Wierchu<br \/>\nBac\u00f3wka PTTK na Rycerzowej \u2013 sprzeda\u017c \u201cokienkowa\u201d- Bac\u00f3wka PTTK na Rycerzowej<br \/>\nSchronisko PTTK na Hali Miziowej \u2013 sprzeda\u017c na wynos w barze szybkiej obs\u0142ugi na parterze schroniska \u2013 Schronisko na Hali Miziowej<\/p>\n<p>________________________________________<\/p>\n<p>GORCE<br \/>\nSchronisko PTTK na Turbaczu \u2013 sprzeda\u017c \u201cokienkowa\u201d \u2013 Schronisko G\u00f3rskie PTTK na Turbaczu<br \/>\nBac\u00f3wka PTTK na Maciejowej \u2013 sprzeda\u017c na wynos od 9 maja \u2013 Bac\u00f3wka PTTK na Maciejowej<br \/>\nKoliba na \u0141apsowej Polanie \u2013 21 kwietnia otwarto \u201cMa\u0142e le\u015bne okienko na \u015bwiat\u201d \u2013 Koliba na \u0141apsowej Polanie<\/p>\n<p>________________________________________<\/p>\n<p>PIENINY<br \/>\nSchronisko PTTK Trzy Korony \u2013 sprzeda\u017c \u201eokienkowa\u201dod 25. 04. \u2013 Schronisko PTTK Trzy Korony<br \/>\nSchronisko PTTK Orlica \u2013 sprzeda\u017c \u201eokienkowa\u201dod 25. 04. \u2013 Schronisko Orlica Szczawnica<\/p>\n<p>________________________________________<\/p>\n<p>G\u00d3RY STO\u0141OWE<br \/>\nSchronisko PTTK Pasterka \u2013 dania na wynos \u2013 Schronisko Pasterka<\/p>\n<p>________________________________________<\/p>\n<p>SUDETY<br \/>\nSchronisko PTTK Samotnia \u2013 sprzeda\u017c na wynos \u2013 Schronisko PTTK Samotnia im. Waldemara Siemaszki<br \/>\nSchronisko PTTK Szwajcarka \u2013 sprzeda\u017c na wynos \u2013 Schronisko PTTK Szwajcarka<br \/>\nSchronisko PTTK Odrodzenie \u2013 noclegi od 4 maja \u2013 Odrodzenie Schronisko PTTK<\/p>\n","protected":false},"excerpt":{"rendered":"Od 4 maja mog\u0105 by\u0107 ju\u017c czynne schroniska PTTK i prywatne obiekty noclegowe o charakterze schroniskowym, jednak nie oznacza to wolnego dost\u0119pu do nich.\u00a0 kwiecie\u0144-czerwiec\/2(2)2020 W zwi\u0105zku z ponownym udost\u0119pnieniem dla turyst\u00f3w Park\u00f3w Narodowych, uruchomione zosta\u0142y schroniska g\u00f3rskie wraz z punktami obs\u0142ugi \u201eprzez okienko\u201d oraz sprzeda\u017c\u0105 na wynos. Niekt\u00f3re obiekty dzia\u0142aj\u0105 weekendowo, zatem przed rozpocz\u0119ciem wycieczki warto sprawdzi\u0107 aktualne informacje&nbsp;<a href=\"https:\/\/turysta2.pttk.pl\/?p=24558\" class=\"read-more\">Continue Reading<\/a>","protected":false},"author":4,"featured_media":24544,"comment_status":"closed","ping_status":"closed","sticky":false,"template":"","format":"standard","meta":{"footnotes":""},"categories":[1],"tags":[],"class_list":["post-24558","post","type-post","status-publish","format-standard","has-post-thumbnail","hentry","category-bez-kategorii","cat-1-id"],"aioseo_notices":[],"_links":{"self":[{"href":"https:\/\/turysta2.pttk.pl\/index.php?rest_route=\/wp\/v2\/posts\/24558","targetHints":{"allow":["GET"]}}],"collection":[{"href":"https:\/\/turysta2.pttk.pl\/index.php?rest_route=\/wp\/v2\/posts"}],"about":[{"href":"https:\/\/turysta2.pttk.pl\/index.php?rest_route=\/wp\/v2\/types\/post"}],"author":[{"embeddable":true,"href":"https:\/\/turysta2.pttk.pl\/index.php?rest_route=\/wp\/v2\/users\/4"}],"replies":[{"embeddable":true,"href":"https:\/\/turysta2.pttk.pl\/index.php?rest_route=%2Fwp%2Fv2%2Fcomments&post=24558"}],"version-history":[{"count":7,"href":"https:\/\/turysta2.pttk.pl\/index.php?rest_route=\/wp\/v2\/posts\/24558\/revisions"}],"predecessor-version":[{"id":25292,"href":"https:\/\/turysta2.pttk.pl\/index.php?rest_route=\/wp\/v2\/posts\/24558\/revisions\/25292"}],"wp:featuredmedia":[{"embeddable":true,"href":"https:\/\/turysta2.pttk.pl\/index.php?rest_route=\/wp\/v2\/media\/24544"}],"wp:attachment":[{"href":"https:\/\/turysta2.pttk.pl\/index.php?rest_route=%2Fwp%2Fv2%2Fmedia&parent=24558"}],"wp:term":[{"taxonomy":"category","embeddable":true,"href":"https:\/\/turysta2.pttk.pl\/index.php?rest_route=%2Fwp%2Fv2%2Fcategories&post=24558"},{"taxonomy":"post_tag","embeddable":true,"href":"https:\/\/turysta2.pttk.pl\/index.php?rest_route=%2Fwp%2Fv2%2Ftags&post=24558"}],"curies":[{"name":"wp","href":"https:\/\/api.w.org\/{rel}","templated":true}]}}