{"id":24542,"date":"2020-05-14T13:49:00","date_gmt":"2020-05-14T11:49:00","guid":{"rendered":"https:\/\/turysta2.pttk.pl\/?p=24542"},"modified":"2023-03-27T11:38:31","modified_gmt":"2023-03-27T09:38:31","slug":"tatry-znow-dla-turystow","status":"publish","type":"post","link":"https:\/\/turysta2.pttk.pl\/?p=24542","title":{"rendered":"Tatry zn\u00f3w dla turyst\u00f3w!"},"content":{"rendered":"<p><strong>Ruszamy na szlaki, ale trzymamy si\u0119 wytycznych zwi\u0105zanych z epidemi\u0105. Tatrza\u0144ski Park Narodowy zosta\u0142 ponownie otwarty.\u00a0 \"Zdajemy si\u0119 na zdrowy rozs\u0105dek turyst\u00f3w\" - apeluj\u0105 <\/strong><strong>z nadziej\u0105 w\u0142adze parku.<br \/>\n<\/strong><\/p>\n<pre>kwiecie\u0144-czerwiec\/2(2)2020<\/pre>\n<p>Zgodnie z rz\u0105dow\u0105 polityk\u0105 \u0142agodzenia obostrze\u0144, 4 maja Tatrza\u0144ski Park Narodowy zosta\u0142 ponownie udost\u0119pniony dla ruchu turystycznego. TPN apeluje o stosowanie si\u0119 do zalece\u0144 zwi\u0105zanych z epidemi\u0105. Rekomendowany jest zakup bilet\u00f3w drog\u0105 elektroniczn\u0105. W lasach nie ma obowi\u0105zku zas\u0142aniania nosa i ust, warto to jednak zrobi\u0107 w przypadku napotkania skupisk ludzkich. Nale\u017cy zachowywa\u0107 dystans od innych turyst\u00f3w, unika\u0107 miejsc koncentracji ludzi na szlakach. Zas\u0142anianie twarzy obowi\u0105zuje na terenach parking\u00f3w i w punktach poboru op\u0142at. W miejscach, gdzie dochodzi do najwi\u0119kszej koncentracji turyst\u00f3w, obowi\u0105zuj\u0105 limity wej\u015b\u0107. Na drodze do Morskiego Oka mo\u017ce przebywa\u0107 jednocze\u015bnie 2500 os\u00f3b. Infrastruktura w Parku nie jest dezynfekowana, nale\u017cy unika\u0107 dotykania barierek, \u0142awek, sto\u0142\u00f3w bez u\u017cycia r\u0119kawiczek. W celu zapewnienia maksymalnego bezpiecze\u0144stwa turystom, wkr\u00f3tce przedstawione zostan\u0105 nowe zasady sanitarne, dotycz\u0105ce obiekt\u00f3w i infrastruktury.<\/p>\n<p>Wi\u0119kszo\u015b\u0107 punkt\u00f3w gastronomicznych na terenie Tatrza\u0144skiego Parku Narodowego jest zamkni\u0119ta. Czynne s\u0105 schroniska, lecz ich us\u0142ugi prowadzone s\u0105 w ograniczonym zakresie. Transport konny na terenie TPN zawieszono do odwo\u0142ania, nadal zamkni\u0119ta pozostaje Jaskinia Mro\u017ana. Ruszy\u0142a kolej linowa na Kasprowy Wierch oraz na Guba\u0142\u00f3wk\u0119. Wprowadzono 4 \u2013 krotne ograniczenie przepustowo\u015bci przewozowej \u2013 PKL Kasprowy Wierch jednorazowo zabierze maksymalnie 15 os\u00f3b. Zalecane jest przestrzeganie zasad bezpiecze\u0144stwa: os\u0142anianie nosa i ust (maseczka, chusta) oraz zak\u0142adanie r\u0119kawic ochronnych podczas wizyty w o\u015brodkach PKL, przestrzeganie wymaganego dystansu mi\u0119dzy osobami (minimum 2 metry). Rekomendowany jest zakup bilet\u00f3w w sklepie internetowym oraz w biletomatach PKL. Punkty gastronomiczne prowadzi\u0107 b\u0119d\u0105 sprzeda\u017c wy\u0142\u0105cznie na wynos.<\/p>\n<p>TPN apeluje, aby nie wchodzi\u0107 na l\u00f3d na tatrza\u0144skich stawach oraz przypomina o zakazie poruszania si\u0119 po Tatrza\u0144skim Parku Narodowym od zmierzchu do \u015bwitu.<\/p>\n<p>Nowa sytuacja jest r\u00f3wnoznaczna z pojawieniem si\u0119 wi\u0119kszej liczby samochod\u00f3w w tym rejonie. W zwi\u0105zku z powy\u017cszym, na drodze od Wierch Poro\u0144ca do \u0141ysej Polany, nast\u0105pi\u0142y zmiany w organizacji ruchu. Na tym odcinku drogi funkcjonuje nowe oznakowanie informuj\u0105ce. i\u017c ka\u017cdy nieprawid\u0142owo zaparkowany pojazd, zostanie odholowany, nawet je\u017celi zosta\u0142 zaparkowany w spos\u00f3b, kt\u00f3ry nie powoduje zagro\u017cenia.<\/p>\n<p>Punkt Informacji Turystycznej oraz Centrum Edukacji Przyrodniczej TPN pozostaj\u0105 zamkni\u0119te do czasu wprowadzenia odpowiednich zasad bezpiecze\u0144stwa. Informacje turystyczne udzielane s\u0105 mailowo: infotur@tpn.pl oraz telefonicznie: 18 20 23 300.<\/p>\n<h1><\/h1>\n","protected":false},"excerpt":{"rendered":"Ruszamy na szlaki, ale trzymamy si\u0119 wytycznych zwi\u0105zanych z epidemi\u0105. Tatrza\u0144ski Park Narodowy zosta\u0142 ponownie otwarty.\u00a0 \"Zdajemy si\u0119 na zdrowy rozs\u0105dek turyst\u00f3w\" - apeluj\u0105 z nadziej\u0105 w\u0142adze parku. kwiecie\u0144-czerwiec\/2(2)2020 Zgodnie z rz\u0105dow\u0105 polityk\u0105 \u0142agodzenia obostrze\u0144, 4 maja Tatrza\u0144ski Park Narodowy zosta\u0142 ponownie udost\u0119pniony dla ruchu turystycznego. TPN apeluje o stosowanie si\u0119 do zalece\u0144 zwi\u0105zanych z epidemi\u0105. Rekomendowany jest zakup bilet\u00f3w&nbsp;<a href=\"https:\/\/turysta2.pttk.pl\/?p=24542\" class=\"read-more\">Continue Reading<\/a>","protected":false},"author":4,"featured_media":24543,"comment_status":"closed","ping_status":"closed","sticky":false,"template":"","format":"standard","meta":{"footnotes":""},"categories":[1],"tags":[],"class_list":["post-24542","post","type-post","status-publish","format-standard","has-post-thumbnail","hentry","category-bez-kategorii","cat-1-id"],"aioseo_notices":[],"_links":{"self":[{"href":"https:\/\/turysta2.pttk.pl\/index.php?rest_route=\/wp\/v2\/posts\/24542","targetHints":{"allow":["GET"]}}],"collection":[{"href":"https:\/\/turysta2.pttk.pl\/index.php?rest_route=\/wp\/v2\/posts"}],"about":[{"href":"https:\/\/turysta2.pttk.pl\/index.php?rest_route=\/wp\/v2\/types\/post"}],"author":[{"embeddable":true,"href":"https:\/\/turysta2.pttk.pl\/index.php?rest_route=\/wp\/v2\/users\/4"}],"replies":[{"embeddable":true,"href":"https:\/\/turysta2.pttk.pl\/index.php?rest_route=%2Fwp%2Fv2%2Fcomments&post=24542"}],"version-history":[{"count":12,"href":"https:\/\/turysta2.pttk.pl\/index.php?rest_route=\/wp\/v2\/posts\/24542\/revisions"}],"predecessor-version":[{"id":25293,"href":"https:\/\/turysta2.pttk.pl\/index.php?rest_route=\/wp\/v2\/posts\/24542\/revisions\/25293"}],"wp:featuredmedia":[{"embeddable":true,"href":"https:\/\/turysta2.pttk.pl\/index.php?rest_route=\/wp\/v2\/media\/24543"}],"wp:attachment":[{"href":"https:\/\/turysta2.pttk.pl\/index.php?rest_route=%2Fwp%2Fv2%2Fmedia&parent=24542"}],"wp:term":[{"taxonomy":"category","embeddable":true,"href":"https:\/\/turysta2.pttk.pl\/index.php?rest_route=%2Fwp%2Fv2%2Fcategories&post=24542"},{"taxonomy":"post_tag","embeddable":true,"href":"https:\/\/turysta2.pttk.pl\/index.php?rest_route=%2Fwp%2Fv2%2Ftags&post=24542"}],"curies":[{"name":"wp","href":"https:\/\/api.w.org\/{rel}","templated":true}]}}