{"id":24534,"date":"2020-05-14T13:29:59","date_gmt":"2020-05-14T11:29:59","guid":{"rendered":"https:\/\/turysta2.pttk.pl\/?p=24534"},"modified":"2023-03-27T11:38:32","modified_gmt":"2023-03-27T09:38:32","slug":"x-ogolnopolskie-forum-przewodnikow-turystycznych-warszawa-7-9-02-2020-r","status":"publish","type":"post","link":"https:\/\/turysta2.pttk.pl\/?p=24534","title":{"rendered":"X Og\u00f3lnopolskie Forum Przewodnik\u00f3w Turystycznych w Warszawie"},"content":{"rendered":"<p><strong>Przewodnik w wielkim mie\u015bcie. Ju\u017c po raz 10-ty przewodnicy turystyczni spotkali si\u0119 na Og\u00f3lnopolskim Forum Przewodnik\u00f3w Turystycznych, kt\u00f3rego pomys\u0142odawczyni\u0105 jest Anna Sierpi\u0144ska, a kontynuatorami organizatorzy kolejnych edycji wydarzenia.<\/strong><\/p>\n<pre>stycze\u0144-marzec\/1(1)2020<\/pre>\n<p>Organizowane co roku, w drugi weekend lutego spotkanie, cieszy si\u0119 nies\u0142abn\u0105cym powodzeniem. Tegoroczne, jubileuszowe, zorganizowane zosta\u0142o 7-9 lutego 2020 roku przez Samorz\u0105d Przewodnik\u00f3w Turystycznych PTTK Wojew\u00f3dztwa Mazowieckiego, we wsp\u00f3\u0142pracy z Warszawskim Oddzia\u0142em Przewodnik\u00f3w PTTK oraz Studenckim Ko\u0142em Przewodnik\u00f3w Turystycznych przy Oddziale Mi\u0119dzyuczelnianym PTTK. Forum odby\u0142o si\u0119 Centrum Konferencyjno-Szkoleniowym przy ul. Bobrowieckiej 9, gdzie mia\u0142y miejsce wyk\u0142ady, warsztaty i zakwaterowani zostali uczestnicy spoza Warszawy.<\/p>\n<p>W forum wzi\u0119\u0142o udzia\u0142 \u0142\u0105cznie ok. 130 os\u00f3b z ca\u0142ej Polski: od Przemy\u015bla i Sanoka, po Mi\u0119dzyzdroje, od Jeleniej G\u00f3ry po Gda\u0144sk, Bia\u0142ystok i Gi\u017cycko, przez Pozna\u0144, Toru\u0144, \u0141\u00f3d\u017a, Warszaw\u0119, Krak\u00f3w, Lublin i wiele innych miejscowo\u015bci. Przy realizacji wydarzenia pracowa\u0142o kilkunastu wolontariuszy. Przedsi\u0119wzi\u0119cie otrzyma\u0142o wsparcie finansowe ze \u015brodk\u00f3w Samorz\u0105du Wojew\u00f3dztwa Mazowieckiego, PTTK oraz Spo\u0142em WSS \u015ar\u00f3dmie\u015bcie. Honorowym patronatem\u00a0 obj\u0119li\u00a0 je Marsza\u0142ek Wojew\u00f3dztwa Mazowieckiego Adam Struzik oraz Prezydent Miasta Sto\u0142ecznego Warszawy Rafa\u0142 Trzaskowski.<\/p>\n<p>Celem forum by\u0142o przede wszystkim podniesienie poziomu wiedzy na temat Warszawy, jej sto\u0142eczno\u015bci, walor\u00f3w turystycznych, infrastruktury i innych zagadnie\u0144, w nawi\u0105zaniu do pracy przewodnika, a tak\u017ce integracja \u015brodowisk przewodnickich z ca\u0142ej Polski. Bezcenna by\u0142a wymiana do\u015bwiadcze\u0144 i budowanie pozytywnych relacji mi\u0119dzy przewodnikami oraz dyskusja dotycz\u0105ca aktualnych problem\u00f3w wsp\u00f3\u0142czesnego przewodnictwa w Polsce. Wa\u017cnym aspektem by\u0142o inspirowanie do aktywnej dzia\u0142alno\u015bci i wsp\u00f3\u0142pracy pomi\u0119dzy lokalnymi samorz\u0105dami przewodnik\u00f3w.<\/p>\n<p>Powy\u017csze cele zrealizowane zosta\u0142y poprzez wyk\u0142ady, warsztaty oraz wycieczki po Warszawie, wa\u017cna by\u0142a r\u00f3wnie\u017c mo\u017cliwo\u015b\u0107 spotkania os\u00f3b z ca\u0142ego kraju, w tym licznej grupy przedstawicieli wojew\u00f3dzkich samorz\u0105d\u00f3w przewodnik\u00f3w turystycznych PTTK oraz cz\u0142onk\u00f3w Komisji Przewodnickiej ZG PTTK. Uczestnicy otrzymali\u00a0 pozyskane od Samorz\u0105du Wojew\u00f3dztwa Mazowieckiego, Miasta Sto\u0142ecznego Warszawy oraz Mazowieckiej Regionalnej Organizacji Turystycznej materia\u0142y pami\u0105tkowe oraz informacyjne na temat Warszawy i Mazowsza. W uroczysto\u015bci inicjuj\u0105cej forum, udzia\u0142 wzi\u0119li cz\u0142onkowie w\u0142adz PTTK: prezes ZG PTTK Jerzy Kap\u0142on, wiceprezes ZG PTTK Marian Jurak, prezes GKR PTTK Dariusz Ku\u017celewski, sekretarz GSK PTTK Jolanta Szulc oraz cz\u0142onkowie Komisji Przewodnickiej ZG PTTK z przewodnicz\u0105c\u0105 Komisji Swiet\u0142an\u0105 Koniuszewsk\u0105 i Krajowego Samorz\u0105du Przewodnik\u00f3w Turystycznych PTTK z przewodnicz\u0105cym Adamem Jakubowskim. Udzia\u0142 wzi\u0119li tak\u017ce: prezes Mazowieckiego Forum Oddzia\u0142\u00f3w PTTK Natalia Wojtyra, prezes Warszawskiego Oddzia\u0142u Przewodnik\u00f3w PTTK Pawe\u0142 Terlecki i przedstawicielka WSS SPO\u0141EM \u015ar\u00f3dmie\u015bcie Danuta Bogucka.<\/p>\n<p>Zgromadzeni w sali wys\u0142uchali wyk\u0142adu autorstwa Marcina Tyslera pt. <em>Wiadoma rzecz \u2013 stolica i ka\u017cde s\u0142owo zb\u0119dnem: O sto\u0142eczno\u015bci w uj\u0119ciu historycznym<\/em> oraz Jacka Delerta: <em>pt. W Warszawie, uwa\u017ca pan, si\u0119 \u017cyje<\/em>: <em>Wyzwania dla przewodnika w wielkim mie\u015bcie. <\/em>Zainteresowanie wzbudzi\u0142o wyst\u0105pienie W\u0142odzimierza Pawe\u0142czyka pt. <em>Warszawiak, a po mentrykie osiem godzin kolej\u0105 i trzy dni wo\u0142amy jedzie: S\u0142ynni warszawiacy wcale nie z Warszawy<\/em> oraz <em>Chod\u017a na piwko naprzeciwko: Dzieje warszawskiego browarnictwa,\u00a0<\/em> Piotra Wierzbickiego.Wyk\u0142ad o dziejach warszawskiego browarnictwa wzbogacony zosta\u0142 degustacj\u0105 warszawskich piw rzemie\u015blniczych. Wieczorem uczestnicy forum wyruszyli autokarami na wycieczk\u0119 po Warszawie noc\u0105. Zobaczyli \u201eKr\u00f3lewski Ogr\u00f3d \u015awiat\u0142a\u201d w Wilanowie, o\u015bwietlone budynki oraz mosty na trasie przejazdu, odbyli spacer przez Stare i Nowe Miasto.<\/p>\n<p>Na dzie\u0144 08 lutego 2020 r. zaplanowana zosta\u0142a wycieczka \u201eWarszawa wielkomiejska\u201d, obejmuj\u0105ca przejazd po mie\u015bcie, z pokazaniem m.in. \u015bcis\u0142ego centrum Warszawy z budowanymi i wybudowanymi wie\u017cowcami oraz zwiedzaniem Ko\u015bcio\u0142a \u015bw. Tr\u00f3jcy przy pl. Ma\u0142achowskiego. Uczestnicy przeszli na pl. Pi\u0142sudskiego, gdzie mogli zobaczy\u0107 zmian\u0119 warty przy Grobie Nieznanego \u017bo\u0142nierza, a potem\u00a0 zwiedzili budynek Ministerstwa Zdrowia \u2013 Pa\u0142acu Paca, kt\u00f3ry jest zazwyczaj niedost\u0119pny do zwiedzania. W godzinach popo\u0142udniowych odby\u0142y si\u0119 warsztaty metodyczne dla przewodnik\u00f3w turystycznych na temat oprowadzania os\u00f3b z niepe\u0142nosprawno\u015bciami, kt\u00f3re poprowadzi\u0142y Anna Bogucka i Kamila Wr\u00f3blewska oraz o neutralno\u015bci w j\u0119zyku przewodnika, autorstwa Oliwii Wo\u0142kowicz i Agnieszki Pietrzak<\/p>\n<p>Spontaniczne, pe\u0142ne emocji reakcje przewodnik\u00f3w turystycznych \u015bwiadcz\u0105 o tym, \u017ce tematyka przeprowadzonych warsztat\u00f3w jest bardzo aktualna i potrzebne by\u0142o zmierzenie si\u0119 z ni\u0105. Podczas wieczornej biesiady og\u0142oszono wyniki konkurs\u00f3w i wr\u0119czone zosta\u0142y nagrody, kt\u00f3rych cz\u0119\u015b\u0107 ufundowa\u0142a Warszawska Organizacja Turystyczna. Podzi\u0119kowano za prac\u0119 organizatorom i wszystkim przewodnikom zaanga\u017cowanym w prac\u0119 podczas forum. Ostatniego dnia odby\u0142a si\u0119 wycieczka, kt\u00f3rej celem by\u0142o poznanie sztuki ulicznej. Droga prowadzi\u0142a przez Muran\u00f3w, gdzie przewodnicy warszawscy pokazali znajduj\u0105ce si\u0119 tam murale, opowiedzieli ich historie i zdradzili tajemnice tego miejsca.<\/p>\n<p>X Og\u00f3lnopolskie Forum Przewodnik\u00f3w Turystycznych Przewodnik w wielkim mie\u015bcie zosta\u0142o wysoko ocenione przez jego uczestnik\u00f3w pod wzgl\u0119dem merytorycznym i organizacyjnym. Zar\u00f3wno zr\u00f3\u017cnicowanie wiekowe organizator\u00f3w, jak i r\u00f3\u017cnice \u015brodowiskowe pozytywnie wp\u0142yn\u0119\u0142y na jako\u015b\u0107 programu przygotowanego dla uczestnik\u00f3w. Do\u015bwiadczenie przewodnik\u00f3w z d\u0142u\u017cszym sta\u017cem, po\u0142\u0105czone z pomys\u0142ami i entuzjazmem przedstawicieli \u015brodowiska akademickiego, da\u0142y wy\u015bmienite rezultaty. Wsp\u00f3\u0142praca cz\u0142onk\u00f3w Samorz\u0105du Przewodnik\u00f3w Turystycznych PTTK Wojew\u00f3dztwa Mazowieckiego przy organizacji forum pokaza\u0142a, \u017ce nie ma rzeczy niemo\u017cliwych, a umiej\u0119tno\u015b\u0107 porozumienia si\u0119 to norma w tym gremium. A nale\u017c\u0105 do niego: Martyna Serafin, Jacek Delert, W\u0142odzimierz Pawe\u0142czyk, Marcin Tysler i pisz\u0105ca te s\u0142owa Joanna Lipi\u0144ska<\/p>\n<p>Joanna Lipi\u0144ska<\/p>\n<p><em>Fot.<\/em> Martyna Serafin<\/p>\n<p><a href=\"https:\/\/turysta2.pttk.pl\/wp-content\/uploads\/2020\/05\/DSC_0360.jpg\"><img loading=\"lazy\" decoding=\"async\" class=\"aligncenter size-full wp-image-24538\" src=\"https:\/\/turysta2.pttk.pl\/wp-content\/uploads\/2020\/05\/DSC_0360.jpg\" alt=\"\" width=\"1000\" height=\"667\" srcset=\"https:\/\/turysta2.pttk.pl\/wp-content\/uploads\/2020\/05\/DSC_0360.jpg 1000w, https:\/\/turysta2.pttk.pl\/wp-content\/uploads\/2020\/05\/DSC_0360-300x200.jpg 300w, https:\/\/turysta2.pttk.pl\/wp-content\/uploads\/2020\/05\/DSC_0360-768x512.jpg 768w\" sizes=\"auto, (max-width: 1000px) 100vw, 1000px\" \/><\/a><\/p>\n<p><a href=\"https:\/\/turysta2.pttk.pl\/wp-content\/uploads\/2020\/05\/DSC_0297.jpg\"><img loading=\"lazy\" decoding=\"async\" class=\"aligncenter size-large wp-image-24537\" src=\"https:\/\/turysta2.pttk.pl\/wp-content\/uploads\/2020\/05\/DSC_0297.jpg\" alt=\"\" width=\"604\" height=\"403\" srcset=\"https:\/\/turysta2.pttk.pl\/wp-content\/uploads\/2020\/05\/DSC_0297.jpg 1000w, https:\/\/turysta2.pttk.pl\/wp-content\/uploads\/2020\/05\/DSC_0297-300x200.jpg 300w, https:\/\/turysta2.pttk.pl\/wp-content\/uploads\/2020\/05\/DSC_0297-768x512.jpg 768w\" sizes=\"auto, (max-width: 604px) 100vw, 604px\" \/><\/a><\/p>\n<p><a href=\"https:\/\/turysta2.pttk.pl\/wp-content\/uploads\/2020\/05\/DSC_0116.jpg\"><img loading=\"lazy\" decoding=\"async\" class=\"aligncenter size-large wp-image-24536\" src=\"https:\/\/turysta2.pttk.pl\/wp-content\/uploads\/2020\/05\/DSC_0116.jpg\" alt=\"\" width=\"604\" height=\"403\" srcset=\"https:\/\/turysta2.pttk.pl\/wp-content\/uploads\/2020\/05\/DSC_0116.jpg 1000w, https:\/\/turysta2.pttk.pl\/wp-content\/uploads\/2020\/05\/DSC_0116-300x200.jpg 300w, https:\/\/turysta2.pttk.pl\/wp-content\/uploads\/2020\/05\/DSC_0116-768x512.jpg 768w\" sizes=\"auto, (max-width: 604px) 100vw, 604px\" \/><\/a><\/p>\n<p><a href=\"https:\/\/turysta2.pttk.pl\/wp-content\/uploads\/2020\/05\/DSC_0052.jpg\"><img loading=\"lazy\" decoding=\"async\" class=\"aligncenter size-full wp-image-24535\" src=\"https:\/\/turysta2.pttk.pl\/wp-content\/uploads\/2020\/05\/DSC_0052.jpg\" alt=\"\" width=\"1000\" height=\"667\" srcset=\"https:\/\/turysta2.pttk.pl\/wp-content\/uploads\/2020\/05\/DSC_0052.jpg 1000w, https:\/\/turysta2.pttk.pl\/wp-content\/uploads\/2020\/05\/DSC_0052-300x200.jpg 300w, https:\/\/turysta2.pttk.pl\/wp-content\/uploads\/2020\/05\/DSC_0052-768x512.jpg 768w\" sizes=\"auto, (max-width: 1000px) 100vw, 1000px\" \/><\/a><\/p>\n","protected":false},"excerpt":{"rendered":"Przewodnik w wielkim mie\u015bcie. Ju\u017c po raz 10-ty przewodnicy turystyczni spotkali si\u0119 na Og\u00f3lnopolskim Forum Przewodnik\u00f3w Turystycznych, kt\u00f3rego pomys\u0142odawczyni\u0105 jest Anna Sierpi\u0144ska, a kontynuatorami organizatorzy kolejnych edycji wydarzenia. stycze\u0144-marzec\/1(1)2020 Organizowane co roku, w drugi weekend lutego spotkanie, cieszy si\u0119 nies\u0142abn\u0105cym powodzeniem. Tegoroczne, jubileuszowe, zorganizowane zosta\u0142o 7-9 lutego 2020 roku przez Samorz\u0105d Przewodnik\u00f3w Turystycznych PTTK Wojew\u00f3dztwa Mazowieckiego, we wsp\u00f3\u0142pracy z Warszawskim&nbsp;<a href=\"https:\/\/turysta2.pttk.pl\/?p=24534\" class=\"read-more\">Continue Reading<\/a>","protected":false},"author":4,"featured_media":24535,"comment_status":"closed","ping_status":"closed","sticky":false,"template":"","format":"standard","meta":{"footnotes":""},"categories":[75],"tags":[],"class_list":["post-24534","post","type-post","status-publish","format-standard","has-post-thumbnail","hentry","category-przewodnictwo-i-pilotaz","cat-75-id"],"aioseo_notices":[],"_links":{"self":[{"href":"https:\/\/turysta2.pttk.pl\/index.php?rest_route=\/wp\/v2\/posts\/24534","targetHints":{"allow":["GET"]}}],"collection":[{"href":"https:\/\/turysta2.pttk.pl\/index.php?rest_route=\/wp\/v2\/posts"}],"about":[{"href":"https:\/\/turysta2.pttk.pl\/index.php?rest_route=\/wp\/v2\/types\/post"}],"author":[{"embeddable":true,"href":"https:\/\/turysta2.pttk.pl\/index.php?rest_route=\/wp\/v2\/users\/4"}],"replies":[{"embeddable":true,"href":"https:\/\/turysta2.pttk.pl\/index.php?rest_route=%2Fwp%2Fv2%2Fcomments&post=24534"}],"version-history":[{"count":11,"href":"https:\/\/turysta2.pttk.pl\/index.php?rest_route=\/wp\/v2\/posts\/24534\/revisions"}],"predecessor-version":[{"id":25294,"href":"https:\/\/turysta2.pttk.pl\/index.php?rest_route=\/wp\/v2\/posts\/24534\/revisions\/25294"}],"wp:featuredmedia":[{"embeddable":true,"href":"https:\/\/turysta2.pttk.pl\/index.php?rest_route=\/wp\/v2\/media\/24535"}],"wp:attachment":[{"href":"https:\/\/turysta2.pttk.pl\/index.php?rest_route=%2Fwp%2Fv2%2Fmedia&parent=24534"}],"wp:term":[{"taxonomy":"category","embeddable":true,"href":"https:\/\/turysta2.pttk.pl\/index.php?rest_route=%2Fwp%2Fv2%2Fcategories&post=24534"},{"taxonomy":"post_tag","embeddable":true,"href":"https:\/\/turysta2.pttk.pl\/index.php?rest_route=%2Fwp%2Fv2%2Ftags&post=24534"}],"curies":[{"name":"wp","href":"https:\/\/api.w.org\/{rel}","templated":true}]}}