{"id":24493,"date":"2020-05-13T14:04:31","date_gmt":"2020-05-13T12:04:31","guid":{"rendered":"https:\/\/turysta2.pttk.pl\/?p=24493"},"modified":"2023-03-27T11:38:32","modified_gmt":"2023-03-27T09:38:32","slug":"kalendarz-imprez-2020-r","status":"publish","type":"post","link":"https:\/\/turysta2.pttk.pl\/?p=24493","title":{"rendered":"Kalendarz imprez w roku 2020"},"content":{"rendered":"<p>Zapraszamy do udzia\u0142u w imprezach Polskiego Towarzystwa Turystyczno-Krajoznawczego, planowanych w roku 2020. Ze wzgl\u0119du na zagro\u017cenie epidemiczne przed zaplanowaniem udzia\u0142u w wybranej imprezie zalecamy skontaktowanie si\u0119 z organizatorami.<\/p>\n<pre>stycze\u0144-marzec\/1(1)2020<\/pre>\n<p><a href=\"http:\/\/www.pttk.pl\/zycie\/imprezy\/kalendarz_imprez_PTTK_2020.pdf\">http:\/\/www.pttk.pl\/zycie\/imprezy\/kalendarz_imprez_PTTK_2020.pdf <\/a><\/p>\n","protected":false},"excerpt":{"rendered":"Zapraszamy do udzia\u0142u w imprezach Polskiego Towarzystwa Turystyczno-Krajoznawczego, planowanych w roku 2020. Ze wzgl\u0119du na zagro\u017cenie epidemiczne przed zaplanowaniem udzia\u0142u w wybranej imprezie zalecamy skontaktowanie si\u0119 z organizatorami. stycze\u0144-marzec\/1(1)2020 http:\/\/www.pttk.pl\/zycie\/imprezy\/kalendarz_imprez_PTTK_2020.pdf","protected":false},"author":4,"featured_media":24491,"comment_status":"closed","ping_status":"closed","sticky":false,"template":"","format":"standard","meta":{"footnotes":""},"categories":[92,90],"tags":[],"class_list":["post-24493","post","type-post","status-publish","format-standard","has-post-thumbnail","hentry","category-polecamy","category-kalendarz-imprez","cat-92-id","cat-90-id"],"aioseo_notices":[],"_links":{"self":[{"href":"https:\/\/turysta2.pttk.pl\/index.php?rest_route=\/wp\/v2\/posts\/24493","targetHints":{"allow":["GET"]}}],"collection":[{"href":"https:\/\/turysta2.pttk.pl\/index.php?rest_route=\/wp\/v2\/posts"}],"about":[{"href":"https:\/\/turysta2.pttk.pl\/index.php?rest_route=\/wp\/v2\/types\/post"}],"author":[{"embeddable":true,"href":"https:\/\/turysta2.pttk.pl\/index.php?rest_route=\/wp\/v2\/users\/4"}],"replies":[{"embeddable":true,"href":"https:\/\/turysta2.pttk.pl\/index.php?rest_route=%2Fwp%2Fv2%2Fcomments&post=24493"}],"version-history":[{"count":10,"href":"https:\/\/turysta2.pttk.pl\/index.php?rest_route=\/wp\/v2\/posts\/24493\/revisions"}],"predecessor-version":[{"id":25300,"href":"https:\/\/turysta2.pttk.pl\/index.php?rest_route=\/wp\/v2\/posts\/24493\/revisions\/25300"}],"wp:featuredmedia":[{"embeddable":true,"href":"https:\/\/turysta2.pttk.pl\/index.php?rest_route=\/wp\/v2\/media\/24491"}],"wp:attachment":[{"href":"https:\/\/turysta2.pttk.pl\/index.php?rest_route=%2Fwp%2Fv2%2Fmedia&parent=24493"}],"wp:term":[{"taxonomy":"category","embeddable":true,"href":"https:\/\/turysta2.pttk.pl\/index.php?rest_route=%2Fwp%2Fv2%2Fcategories&post=24493"},{"taxonomy":"post_tag","embeddable":true,"href":"https:\/\/turysta2.pttk.pl\/index.php?rest_route=%2Fwp%2Fv2%2Ftags&post=24493"}],"curies":[{"name":"wp","href":"https:\/\/api.w.org\/{rel}","templated":true}]}}