{"id":24488,"date":"2020-05-13T14:02:30","date_gmt":"2020-05-13T12:02:30","guid":{"rendered":"https:\/\/turysta2.pttk.pl\/?p=24488"},"modified":"2023-03-27T11:38:33","modified_gmt":"2023-03-27T09:38:33","slug":"imprezy-turystyczne-pttk-godne-polecenia","status":"publish","type":"post","link":"https:\/\/turysta2.pttk.pl\/?p=24488","title":{"rendered":"Imprezy turystyczne PTTK godne polecenia"},"content":{"rendered":"<p><strong>Kalendarz imprez PTTK, zaplanowanych na okres wiosenno \u2013 letni w 2020 roku jest bardzo bogaty. Nie spos\u00f3b opisa\u0107 kilku tysi\u0119cy imprez turystyki kwalifikowanej i krajoznawczej, zapisanych w planach komisji Zarz\u0105du G\u0142\u00f3wnego PTTK i poszczeg\u00f3lnych oddzia\u0142\u00f3w. Poni\u017cszy wyb\u00f3r jest ca\u0142kowicie subiektywny, wi\u0119c z g\u00f3ry przepraszam wszystkich, kt\u00f3rych pomin\u0105\u0142em.<\/strong><\/p>\n<pre>stycze\u0144-marzec\/1(1)2020<\/pre>\n<p><strong>61. Og\u00f3lnopolski Wysokokwalifikowany Rajd Pieszy im. gen. Miko\u0142aja Wisznickiego<\/strong><\/p>\n<p>Zaczn\u0119 od dyscypliny najbardziej popularnej, jak\u0105 jest turystyka piesza. Sztandarow\u0105 imprez\u0105, w kt\u00f3rej corocznie uczestniczy co najmniej 250 os\u00f3b, jest 61. Og\u00f3lnopolski Wysokokwalifikowany Rajd Pieszy im. gen. Miko\u0142aja Wisznickiego, jednego z tw\u00f3rc\u00f3w i wybitnych dzia\u0142aczy PTK. W tym roku organizatorem wydarzenia, na zlecenie i ze wsparciem Komisji Turystyki Pieszej ZG PTTK, jest Oddzia\u0142 PTTK Opole, obchodz\u0105cy w tym roku 65 rocznic\u0119 dzia\u0142alno\u015bci. Tym, kt\u00f3rzy nigdy nie byli na OWRP, warto powiedzie\u0107, \u017ce okre\u015blenie \u201ewysokokwalifikowany\u201d nie jest bynajmniej na wyrost. Uczestnicy b\u0119d\u0105 w\u0119drowa\u0107 na dw\u00f3ch trasach 14-dniowych oraz jednej 7-dniowej, kt\u00f3rych odcinki dzienne wahaj\u0105 si\u0119 mi\u0119dzy 14 a 28 km (z przewag\u0105 d\u0142u\u017cszych). Ka\u017cdy przybywa na start z w\u0142asnym sprz\u0119tem biwakowym (namiot, \u015bpiw\u00f3r, kocher i reszta wyposa\u017cenia). Noclegi (we w\u0142asnych namiotach) s\u0105 zapewniane przez organizator\u00f3w, przewa\u017cnie na boiskach szkolnych, lokalnych stadionach, czasem na polach biwakowych. Baga\u017c uczestnik\u00f3w przewozi wynaj\u0119ta przez organizator\u00f3w ci\u0119\u017car\u00f3wka, dzi\u0119ki czemu mog\u0105 oni w\u0119drowa\u0107 z lekkim plecakiem, do kt\u00f3rego pakuj\u0105 rzeczy niezb\u0119dne na dzie\u0144 w\u0119dr\u00f3wki. Po dotarciu na miejsce noclegu odbieraj\u0105 sw\u00f3j sprz\u0119t, rozbijaj\u0105 namiot, przygotowuj\u0105 posi\u0142ek, bior\u0105 prysznic \u2013 najcz\u0119\u015bciej zimny i zwykle udaj\u0105 si\u0119 na ognisko, na kt\u00f3rym piosenka turystyczna z akompaniamentem gitar rozbrzmiewa do p\u00f3\u017anej nocy. Jest to jedna z nielicznych imprez PTTK, w kt\u00f3rej corocznie uczestniczy du\u017ca liczba m\u0142odzie\u017cy szkolnej. Tegoroczny OWRP zapowiada si\u0119 bardzo ciekawie pod wzgl\u0119dem krajoznawczym. Trasa d\u0142u\u017csza (238 km) \u201eSzlakiem prehistorii i park\u00f3w krajobrazowych\u201d b\u0119dzie prowadzi\u0107 przez miejsca zwi\u0105zane z powstaniami \u015bl\u0105skimi (w szczeg\u00f3lno\u015bci G\u00f3ra \u015awi\u0119tej Anny), miejscowo\u015bci z cennymi zabytkami (Strzelce Opolskie, G\u00f3ra \u015awi\u0119tej Anny, \u017byrowa, Kamie\u0144 \u015al\u0105ski) oraz przez dwa parki krajobrazowe (PK G\u00f3ra \u015awi\u0119tej Anny i Stobrawski PK). Dodatkow\u0105 atrakcj\u0105, zw\u0142aszcza dla m\u0142odych uczestnik\u00f3w, b\u0119dzie znany park dinozaur\u00f3w w Krasiejowie. Trasa kr\u00f3tsza (209 km)<em> Szlakiem Ksi\u0119stwa Nyskiego<\/em> b\u0119dzie przechodzi\u0107 przez szereg miast i miejscowo\u015bci z licznymi i cennymi zabytkami, w tym wpisanymi przez PTTK do Kanonu Krajoznawczego Polski (Paczk\u00f3w, Otmuch\u00f3w, Nysa, G\u0142ucho\u0142azy, Prudnik, Moszna, Krapkowice, Rog\u00f3w Opolski, Pruszk\u00f3w). Trasa 7-dniowa (100 km) S<em>zlakiem Polichromii Brzeskich<\/em> wiedzie, podobnie jak poprzednia, przez miasta i miejscowo\u015bci z licznymi i cennymi zabytkami, w tym wpisanymi do Kanonu (Brzeg, Ma\u0142ujowice, Grodk\u00f3w, Niemodlin). Met\u0119 i zako\u0144czenie rajdu przewidziano w Opolu, po kt\u00f3rym oprowadz\u0105 miejscowi przewodnicy. Regulamin rajdu i przebieg tras s\u0105 ju\u017c dost\u0119pne na stronie internetowej Oddzia\u0142u, a link do niej \u2013 na stronie ktpzg.pttk.pl w zak\u0142adce imprezy.<\/p>\n<p><strong>63. Og\u00f3lnopolski Zlot Przodownik\u00f3w Turystyki Pieszej<\/strong><\/p>\n<p>Kolejn\u0105 sztandarow\u0105 imprez\u0105 turyst\u00f3w pieszych jest organizowany corocznie od 63 lat, Og\u00f3lnopolski Zlot Przodownik\u00f3w Turystyki Pieszej, dost\u0119pny w miar\u0119 wolnych miejsc, dla turyst\u00f3w nie maj\u0105cych uprawnie\u0144 przodownickich. W tym roku odb\u0119dzie si\u0119 w dniach 11-13 wrze\u015bnia w Gda\u0144sku, z baz\u0105 noclegow\u0105 i \u017cywieniow\u0105 w domach studenckich UG w Gda\u0144sku Przymorze. Jego organizatorem jest Oddzia\u0142 Gda\u0144ski PTTK. W dniu 10 wrze\u015bnia odb\u0119dzie si\u0119 wycieczka przedzlotowa. Zgodnie z dotychczasow\u0105 tradycj\u0105, w ramach Zlotu odb\u0119d\u0105 si\u0119 autokarowe wycieczki krajoznawcze. Podczas wycieczki na Kaszuby planuje si\u0119 zwiedzanie m.in. Muzeum Hymnu Narodowego w B\u0119dominie, Kaszubskiego Parku Etnograficznego we Wdzydzach Kiszewskich, Ko\u015bcierzyny, wej\u015bcie na szczyt Wie\u017cycy. Uczestnicy drugiej wycieczki po Powi\u015blu zwiedz\u0105 Malbork, ko\u015bci\u00f3\u0142 i cmentarz menonit\u00f3w w Stogach Malborskich, Muzeum Wis\u0142y w Tczewie i inne ciekawe obiekty. Zosta\u0142a te\u017c przewidziana trasa rezerwowa, prowadz\u0105ca m.in. przez Kwidzyn, Gniew i Pelplin. Na ka\u017cdej znajd\u0105 si\u0119 przynajmniej kr\u00f3tkie (kilka km) przej\u015bcia piesze. Ponadto dla ch\u0119tnych przewiduje si\u0119 tak\u017ce wycieczki piesze po Tr\u00f3jmiejskim Parku Krajobrazowym. Osoby, kt\u00f3re przyjad\u0105 na wycieczk\u0119 przedzlotow\u0105, b\u0119d\u0105 mia\u0142y mo\u017cliwo\u015b\u0107 udzia\u0142u w dw\u00f3ch wycieczkach. W pi\u0105tek, 11 wrze\u015bnia w godzinach porannych planowane jest zwiedzanie Gda\u0144ska, w ramach kt\u00f3rego przewodnicy poprowadz\u0105 spacer po centrum miasta i zwr\u00f3c\u0105 uwag\u0119 na nowe obiekty \u2013 Muzeum II Wojny \u015awiatowej i Europejskie Centrum Solidarno\u015bci. Po obiedzie odb\u0119dzie si\u0119 uroczyste otwarcie Zlotu z wr\u0119czeniem dyplom\u00f3w i odznak Honorowego Przodownika TP oraz dyplom\u00f3w <em>Zas\u0142u\u017cony dla Turystyki Pieszej<\/em> (organizatorzy czyni\u0105 starania, aby ta cz\u0119\u015b\u0107 odby\u0142a si\u0119 w Dworze Artusa), a nast\u0119pnie obrady w zespo\u0142ach problemowych. Po kolacji przewidziany jest egzamin dla kandydat\u00f3w na Przodownik\u00f3w TP oraz dla os\u00f3b rozszerzaj\u0105cych uprawnienia na kolejne regiony. Regulamin i program oraz karta zg\u0142oszenia na imprez\u0119 dost\u0119pne s\u0105 na stronie internetowej Oddzia\u0142u Gda\u0144skiego PTTK. Mo\u017cna z niej skorzysta\u0107 tak\u017ce przez link na stronie Komisji Turystyki Pieszej ZG PTTK www.ktpzg.pttk.pl.<\/p>\n<p><strong>Zlot Turyst\u00f3w PTTK Oss\u00f3w 2020<\/strong><\/p>\n<p>Z innych imprez turystyki pieszej (i nie tylko) warto wymieni\u0107 Zlot Turyst\u00f3w PTTK Oss\u00f3w 2020, organizowany w 100 rocznic\u0119 Bitwy Warszawskiej 1920 roku, kt\u00f3ry odb\u0119dzie si\u0119 16 sierpnia, z met\u0105 w Ossowie. W ramach imprezy zostanie poprowadzonych 5 tras pieszych, 2 rowerowe i 2 autokarowe. Wsp\u00f3\u0142organizatorami rajdu s\u0105 3 Oddzia\u0142y PTTK: Warszawski, Sto\u0142eczny i \u201eMazowsze\u201d. W uroczystym zako\u0144czeniu przewiduje si\u0119 uczestnictwo licznej grupy harcerzy ZHP. Autorem znaczka imprezy jest W\u0142odzimierz Majdewicz.<\/p>\n<p><a href=\"https:\/\/turysta2.pttk.pl\/wp-content\/uploads\/2020\/05\/Imprezy-turystyczne-PTTK-godne-polecenia1.jpg\"><img loading=\"lazy\" decoding=\"async\" class=\"aligncenter size-large wp-image-24489\" src=\"https:\/\/turysta2.pttk.pl\/wp-content\/uploads\/2020\/05\/Imprezy-turystyczne-PTTK-godne-polecenia1-1024x915.jpg\" alt=\"\" width=\"604\" height=\"540\" srcset=\"https:\/\/turysta2.pttk.pl\/wp-content\/uploads\/2020\/05\/Imprezy-turystyczne-PTTK-godne-polecenia1-1024x915.jpg 1024w, https:\/\/turysta2.pttk.pl\/wp-content\/uploads\/2020\/05\/Imprezy-turystyczne-PTTK-godne-polecenia1-300x268.jpg 300w, https:\/\/turysta2.pttk.pl\/wp-content\/uploads\/2020\/05\/Imprezy-turystyczne-PTTK-godne-polecenia1-768x686.jpg 768w, https:\/\/turysta2.pttk.pl\/wp-content\/uploads\/2020\/05\/Imprezy-turystyczne-PTTK-godne-polecenia1.jpg 1257w\" sizes=\"auto, (max-width: 604px) 100vw, 604px\" \/><\/a><\/p>\n<p><strong>66. Og\u00f3lnopolski Nocny Rajd \u015awi\u0119tokrzyski<\/strong><\/p>\n<p>Imprez\u0105 o wielkich tradycjach jest organizowany po raz 66 przez Oddzia\u0142 Miejski w\u00a0Radomiu, Og\u00f3lnopolski Nocny Rajd \u015awi\u0119tokrzyski, kt\u00f3ry odb\u0119dzie si\u0119 w dniach 13-14 czerwca w\u00a0G\u00f3rach \u015awi\u0119tokrzyskich na trasach pieszych, rowerowych i motorowych.<br \/>\nZe wzgl\u0119du na wieloletni\u0105 tradycj\u0119, na uwag\u0119 zas\u0142uguje te\u017c 54 Rajd \u201ePo Kamienistej Drodze\u201d, organizowany przez Oddzia\u0142 Sto\u0142eczny PTTK, kt\u00f3ry odb\u0119dzie si\u0119 2 sierpnia \u2013 w 76 rocznic\u0119 bitwy i egzekucji wzi\u0119tych do niewoli i rannych powsta\u0144c\u00f3w w podwarszawskiej wsi P\u0119cice.<\/p>\n<p><strong>50. Centralny Zlot Krajoznawc\u00f3w (CZAK)<\/strong><br \/>\nSpo\u015br\u00f3d imprez krajoznawczych, najwa\u017cniejsz\u0105 coroczn\u0105 imprez\u0105 jest Centralny Zlot Krajoznawc\u00f3w (CZAK). W tym roku organizatorem jubileuszowego 50 CZAK jest Oddzia\u0142 PTTK \u201eSudety Zachodnie\u201d w Jeleniej G\u00f3rze. Odb\u0119dzie si\u0119 on w dniach 20-23 sierpnia, a wycieczka przedzlotowa w dniu poprzedzaj\u0105cym. Baz\u0105 dla uczestnik\u00f3w b\u0119dzie Szklarska Por\u0119ba. Trasy poprowadz\u0105 przez Sudety Zachodnie, przewidziany jest tak\u017ce wypad do Czech. Korzystaj\u0105c z wysokiej atrakcyjno\u015bci krajoznawczej tego regionu, zar\u00f3wno od strony przyrodniczej, jak i zabytk\u00f3w architektury, z kt\u00f3rych liczne w ostatnich latach zosta\u0142y gruntownie odnowione, organizatorzy pragn\u0105 pokaza\u0107 nie tylko obiekty sztandarowe, ale tak\u017ce mniej znane i trudniej dost\u0119pne dla turysty indywidualnego, kt\u00f3re ze wzgl\u0119du na swe walory krajoznawcze s\u0105 zdecydowanie warte odwiedzenia.<br \/>\nUczestnicy wycieczki przedzlotowej odwiedz\u0105 Harrachov, w kt\u00f3rym zobacz\u0105, jak produkuje si\u0119 szk\u0142o kryszta\u0142owe oraz skosztuj\u0105 piwa z miejscowego browaru, a w Libercu zwiedz\u0105 Muzeum P\u00f3\u0142nocnoczeskie, z ekspozycj\u0105 po\u015bwi\u0119con\u0105 przyrodzie, historii i rzemios\u0142u. We Frydlancie zwiedz\u0105 zamek z jego tajemnicami, a na koniec za\u017cyj\u0105 relaksu w uzdrowisku \u015awierad\u00f3w Zdr\u00f3j. Spo\u015br\u00f3d licznych atrakcji na trasach zlotowych, s\u0105 m.in. Piechowice, gdzie zaplanowano zwiedzenie czynnej huty szk\u0142a kryszta\u0142owego, w Le\u015bnej za\u015b uczestnicy przejd\u0105 tajnymi korytarzami w zamku Czocha, nad Jeziorem Z\u0142otnickim czeka ich odpoczynek w towarzystwie \u201eLwa czuwaj\u0105cego\u201d, w Gryfowie \u015al\u0105skim poznaj\u0105 niezwyk\u0142e historie z dziej\u00f3w miasta, w Lubomierzu \u2013 \u201eStolicy Polskiej Komedii Filmowej\u201d odwiedz\u0105 \u00a0Muzeum Kargula i Pawlaka, odwiedz\u0105 klasztor benedyktynek oraz ko\u015bci\u00f3\u0142 \u015bw. Maternusa z najbogatsz\u0105 w Polsce kolekcj\u0105 relikwiarzy. Na kolejnej trasie uczestnicy zapoznaj\u0105 si\u0119 z histori\u0105 licznych zamk\u00f3w i pa\u0142ac\u00f3w na Ziemi Jeleniog\u00f3rskiej, odwiedz\u0105 Park Miniatur Zabytk\u00f3w Dolnego \u015al\u0105ska w Kowarach. Na trasie znajdzie si\u0119 te\u017c pere\u0142ka architektury barokowej \u2013 zesp\u00f3\u0142 pocysterski z Sanktuarium Maryjnym w Krzeszowie. W Che\u0142msku b\u0119dzie okazja do poznania historii zespo\u0142u domk\u00f3w tkaczy o nazwie \u201e12 Aposto\u0142\u00f3w\u201d i wys\u0142uchania niezwyk\u0142ej historii Che\u0142mska, opowiedzianej przez gospodarza kawiarni, kt\u00f3ra serwuje \u201eBomb\u0119 Aposto\u0142a\u201d. Dla urozmaicenia i ukazania bogactwa atrakcji krajoznawczych Ziemi Jeleniog\u00f3rskiej, zaplanowano wyjazd do Sudeckiej Zagrody Edukacyjnej w Dobkowie, gdzie mo\u017cna nie tylko pozna\u0107 przedstawione w nietuzinkowy spos\u00f3b zjawiska wulkaniczne, ale samemu zaprojektowa\u0107 sw\u00f3j wulkan i prze\u017cy\u0107 prawdziwe trz\u0119sienie ziemi. W Wilkowie uczestnicy zwiedz\u0105 czynn\u0105 kopalni\u0119 bazaltu i dowiedz\u0105 si\u0119, co \u0142\u0105czy j\u0105 z ameryka\u0144skim programem kosmicznym. Podsumowaniem dnia b\u0119dzie wizyta w najstarszym w Polsce, dzia\u0142aj\u0105cym nieprzerwanie od roku 1209 browarze w Lw\u00f3wku \u015al\u0105skim oraz wizyta w Centrum Edukacji Karkonoskiego Parku Narodowego, w kt\u00f3rym zostan\u0105 zaprezentowane wiadomo\u015bci o przyrodzie parku. Uzupe\u0142nieniem poznanych atrakcji b\u0119dzie wizyta w mieszkalnej wie\u017cy ksi\u0105\u017c\u0119cej w Siedl\u0119cinie, w kt\u00f3rej zachowa\u0142y si\u0119 najstarsze freski o tematyce \u015bwieckiej, ukazuj\u0105ce \u017cywot rycerza kr\u00f3la Artura - sir Lancelota z Jeziora, a tak\u017ce zej\u015bcie do jeleniog\u00f3rskich podziemi udost\u0119pnionych do zwiedzania przez firm\u0119 Arado, gdzie odwiedz\u0105 krain\u0119 magii, by zazna\u0107 tego, co wydaje si\u0119 by\u0107 niemo\u017cliwe. W programie s\u0105 te\u017c spotkania z lokalnymi regionalistami oraz specjalistyczne wyk\u0142ady i wystawy. Regulamin i program imprezy s\u0105 ju\u017c dost\u0119pne na stronie internetowej organizatora, na kt\u00f3r\u0105 mo\u017cna wej\u015b\u0107 tak\u017ce przez link na stronie Komisji Krajoznawczej ZG PTTK.<\/p>\n<p><strong>Centralny Zlot Aktywu Krajoznawczego Kresowy<\/strong><\/p>\n<p>Od 2012 roku organizowany jest tak\u017ce corocznie CZAK Kresowy (z przerw\u0105 w roku 2014). Jego celem jest umo\u017cliwienie poznania region\u00f3w w pa\u0144stwach po\u0142o\u017conych w pobli\u017cu Polski, na terenie kt\u00f3rych zamieszkuj\u0105 w du\u017cych skupiskach Polacy pozostali na tych terenach po zmianie granic w wyniku II wojny \u015bwiatowej albo przybyli jako emigranci z ziem polskich pozostaj\u0105cych pod zaborami. Program zak\u0142ada, opr\u00f3cz zwiedzania najcenniejszych zabytk\u00f3w architektury, tak\u017ce spotkania z Polakami, zaznajomienie si\u0119 z warunkami ich \u017cycia, ich problemami, stopniem zachowania j\u0119zyka i kultury, udzia\u0142em w \u017cyciu miejscowej ludno\u015bci w uj\u0119ciu historycznym i obecnie, stosunkami mi\u0119dzy miejscowymi mieszka\u0144cami oraz wzajemn\u0105 wymian\u0119 do\u015bwiadcze\u0144. Spotkania nierzadko s\u0105 pocz\u0105tkiem wymiany turystycznej. Trasa pierwszego CZAK Kresowego (2012) przebiega\u0142a przez zachodni\u0105 Ukrain\u0119, drugiego \u2013 przez zachodni\u0105 Bia\u0142oru\u015b (2013), trzeciego \u2013 <em>Litewski Wianek<\/em> (Litwa od Wilna po K\u0142ajped\u0119, 2015), czwartego \u2013 \u0141otwa i Estonia (2016), pi\u0105tego - \u0141u\u017cyce (2017), sz\u00f3stego \u2013 Maramure\u015f i Bukowina (rumu\u0144ska i ukrai\u0144ska, 2018), si\u00f3dmego \u2013 Ziemia Lwowska (2019). Pierwszy CZAK Kresowy zorganizowa\u0142 Oddzia\u0142 PTTK im. M. Radwana w Ostrowcu \u015awi\u0119tokrzyskim, przy wsp\u00f3\u0142pracy z Uniwersytetem Przyrodniczym w Lublinie, pi\u0105ty zorganizowa\u0142 Oddzia\u0142 PTTK w \u017barach, a pozosta\u0142e - Oddzia\u0142 PTTK \u201eMazowsze\u201d. W 2014 r. podj\u0105\u0142 si\u0119 organizacji imprezy Oddzia\u0142 Miejski PTTK w Rzeszowie, a jego trasa przebiega\u0142a przez p\u0142n. Rumuni\u0119, ale ze wzgl\u0119du na wysoki koszt udzia\u0142u zg\u0142osi\u0142a si\u0119 zbyt ma\u0142a liczba uczestnik\u00f3w i impreza zosta\u0142a odwo\u0142ana.<\/p>\n<p>W bie\u017c\u0105cym roku organizacji VIII CZAK Kresowego ponownie podj\u0105\u0142 si\u0119 Oddzia\u0142 PTTK \u201eMazowsze\u201d. Odb\u0119dzie si\u0119 on w dniach 2-8 lipca, a jego trasa b\u0119dzie prowadzi\u0107 przez p\u0142n. Wo\u0142y\u0144 i Polesie wo\u0142y\u0144skie oraz Polesie bia\u0142oruskie. Po stronie ukrai\u0144skiej na trasie zwiedzania s\u0105 m.in.: Luboml, Kowel, W\u0142odzimierz Wo\u0142y\u0144ski, pierwotna stolica Wo\u0142ynia ze znakomitym zespo\u0142em \u015bredniowiecznych zabytk\u00f3w sakralnych, \u0141uck \u2013 historyczna stolica oraz najwa\u017cniejszy o\u015brodek naukowy i kulturalny wsp\u00f3\u0142czesnego Wo\u0142ynia z licznymi cennymi zabytkami, zwi\u0105zane z Lubomirskimi Podd\u0119bce, radziwi\u0142\u0142owska O\u0142yka, Klewa\u0144 - dawna g\u0142\u00f3wna siedziba rodu Czartoryskich, Gr\u00f3dek \u2013 pierwotna siedziba ksi\u0105\u017c\u0105t Zbaraskich, R\u00f3wne \u2013 stolica i najwi\u0119ksze miasto wsp\u00f3\u0142czesnego Wo\u0142ynia i najwi\u0119ksze skupisko Polak\u00f3w, Korzec \u2013 gniazdo rodowe linii koreckiej Czartoryskich z zachowanym zamkiem i star\u00f3wk\u0105, Nads\u0142ucza\u0144ski Park Krajobrazowy z prze\u0142omowym odcinkiem S\u0142uczy, zwany \u201eSzwajcari\u0105 Wo\u0142y\u0144sk\u0105, W\u0142odzimierzec, kt\u00f3rego w\u0142a\u015bcicielami byli kolejno Mnyszy\u0144scy, Czartoryscy, Pacowie, Szkli\u0144scy, Czetwerty\u0144scy, a od pocz. XIX w. Krasiccy, z zachowanym klasycystycznym pa\u0142acem Krasickich z I po\u0142. XIX w. i dobrze zachowanym parkiem (jeden z cenniejszych na Wo\u0142yniu, uznany za pomnik przyrody), D\u0105browica \u2013 o\u015brodek ksi\u0105\u017c\u0105t Holsza\u0144skich-Dubrowickich (w tutejszym kolegium pijarskim w XVIII w. kszta\u0142cili si\u0119 poeta i \u017co\u0142nierz Cyprian Godebski, poeta i dramaturg Alojzy Feli\u0144ski, historyk i bibliotekarz \u0141ukasz Go\u0142\u0119biowski, a w 1924 urodzi\u0142 si\u0119 tu przysz\u0142y laureat nagrody Nobla w dziedzinie fizyki Georges Charpak). Na Polesiu bia\u0142oruskim na trasie zwiedzania znajd\u0105 si\u0119 m.in. Dawidgr\u00f3dek, Tur\u00f3w \u2013 zwi\u0105zany ze \u015bwi\u0119tym Cyrylem Turowskim \u2013 zakonnikiem, kaznodziej\u0105 i pierwszym biskupem turowskim, przeja\u017cd\u017cka kolejk\u0105 le\u015bn\u0105 po Prypeckim Parku Narodowym, Ko\u017cangr\u00f3dek z pi\u0119kn\u0105 cerkwi\u0105 drewnian\u0105, \u0141uniniec \u2013 w okresie mi\u0119dzywojennym kwatera Korpusu Ochrony Pogranicza, Pi\u0144sk \u2013 miejsce urodzenia m.in. Ryszarda Kapu\u015bci\u0144skiego (uczniem tutejszego kolegium jezuit\u00f3w by\u0142 m.in. Adam Naruszewicz, z kolegium zwi\u0105zana jest te\u017c posta\u0107 m\u0119czennika Andrzeja Boboli), miejsce stacjonowania s\u0142ynnej Flotylli Pi\u0144skiej, Jan\u00f3w Poleski \u2013 nale\u017ca\u0142 do kniazi\u00f3w Szujskich, a p\u00f3\u017aniej do Orzeszk\u00f3w, miejsce m\u0119cze\u0144skiej \u015bmierci z r\u0105k Kozak\u00f3w w 1657 \u015bw. Andrzeja Boboli, Woroncewicze \u2013 miejsce urodzenia znanego malarza, pianisty i kompozytora Napoleona Ordy, autora ponad 1000 akwarel i rysunk\u00f3w polskich dwor\u00f3w, z muzeum artysty. I na koniec Hruszowa, kt\u00f3r\u0105 cz\u0119sto odwiedza\u0142a Maria Rodziewicz\u00f3wna i gdzie powsta\u0142a wi\u0119kszo\u015b\u0107 jej utwor\u00f3w. W parku dworskim olbrzymi d\u0105b Dewajtis (tak nazwany przez pisark\u0119). \u00a0Na trasie znajd\u0105 si\u0119 tak\u017ce miejscowo\u015bci zwi\u0105zane z martyrologi\u0105 Polak\u00f3w na Wo\u0142yniu (w szczeg\u00f3lno\u015bci Poryck), z walkami Legion\u00f3w Polskich podczas I wojny \u015bwiatowej (Kostiuchn\u00f3wka), podczas wojny w latach 1919-20 (Klewa\u0144, Torczyn) i w 1939 (Tynne, Sarny). Przewidziane s\u0105 spotkania w szkole polskiej w Kowlu oraz w Pi\u0144sku.<\/p>\n<p><strong>60. Og\u00f3lnopolski Szkoleniowy Zlot Przodownik\u00f3w Turystyki Kolarskiej PTTK\u00a0<\/strong><\/p>\n<p>Od kilkunastu lat obserwuje si\u0119 systematyczny wzrost zainteresowania turystyk\u0105 kolarsk\u0105, kt\u00f3rego przejawy obserwujemy tak\u017ce w PTTK, w postaci licznego udzia\u0142u zar\u00f3wno cz\u0142onk\u00f3w PTTK, jak i niezrzeszonych w imprezach organizowanych przez jednostki PTTK. Ta tendencja widoczna jest tak\u017ce w wydarzeniach centralnych, w kt\u00f3rych uczestniczy corocznie po kilkaset os\u00f3b. Zapewne tak b\u0119dzie i w tym roku. Jedn\u0105 z dw\u00f3ch najwa\u017cniejszych imprez kolarskich jest organizowany przez Oddzia\u0142 Gda\u0144ski PTTK w dniach 6-14 czerwca jubileuszowy 60. Og\u00f3lnopolski Szkoleniowy Zlot Przodownik\u00f3w Turystyki Kolarskiej PTTK z baz\u0105 w Chmielnie na Kaszubach w pobli\u017cu Kartuz,<br \/>\nw kt\u00f3rym mog\u0105 wzi\u0105\u0107 udzia\u0142 tak\u017ce kandydaci na przodownik\u00f3w zainteresowani udzia\u0142em w szkoleniu i przyst\u0105pieniem do egzaminu przodownickiego.<\/p>\n<p><a href=\"https:\/\/turysta2.pttk.pl\/wp-content\/uploads\/2020\/05\/Imprezy-turystyczne-PTTK-godne-polecenia2.png\"><img loading=\"lazy\" decoding=\"async\" class=\"aligncenter size-full wp-image-24490\" src=\"https:\/\/turysta2.pttk.pl\/wp-content\/uploads\/2020\/05\/Imprezy-turystyczne-PTTK-godne-polecenia2.png\" alt=\"\" width=\"300\" height=\"273\" \/><\/a><\/p>\n<p>Dla ch\u0119tnych planowane s\u0105 dwie wycieczki autokarowe:<br \/>\n\u2022 zwiedzanie Gda\u0144ska (stare centrum, ECS, Muzeum II Wojny \u015awiatowej),<br \/>\n\u2022 wycieczka na Powi\u015ble ze zwiedzaniem Malborka, Stog\u00f3w Malborskich, Gniewu i\u00a0Kwidzyna.<br \/>\nPlanowany jest dodatkowo sp\u0142yw kajakowy po \u201ek\u00f3\u0142ku radu\u0144skim\u201d. Ka\u017cdy z uczestnik\u00f3w otrzyma tytu\u0142owan\u0105 map\u0119 z trasami Zlotowymi wykonan\u0105 przez Eko Kapio. Wi\u0119cej szczeg\u00f3\u0142\u00f3w, w tym codzienne trasy rowerowe mo\u017cna znale\u017a\u0107 na stronie internetowej zlotu www.60oszptkol.pttk.pl.<\/p>\n<p><strong>69. Centralny Zlot Turyst\u00f3w Kolarzy<\/strong><\/p>\n<p>Kolejn\u0105 imprez\u0105 turystyki kolarskiej jest 69. Centralny Zlot Turyst\u00f3w Kolarzy, kt\u00f3rego organizacji podj\u0105\u0142 si\u0119 Oddzia\u0142 Miejski PTTK w Gubinie. Zlot odb\u0119dzie si\u0119 w dniach 8-16 sierpnia na terenie Ziemi Lubuskiej z wyjazdami do Niemiec. Uczestnicy na trasach rowerowych b\u0119d\u0105 mie\u0107 okazj\u0119 pozna\u0107 liczne ciekawe obiekty krajoznawcze, w szczeg\u00f3lno\u015bci zabytki i zespo\u0142y zabytkowe oraz przyrodnicze. Ju\u017c na pierwszych wycieczkach b\u0119dzie okazja zwiedzenia Wyspy Teatralnej w Gubinie, Starego Miasta w F\u00fcrstenbergu, miasta socrealistycznego Eisenh\u00fcttenstadt, klasztoru cysters\u00f3w z XIII wieku, a tak\u017ce eratyku polodowcowego w Kobbeln i browaru w Neuzelle.<br \/>\nW nast\u0119pnych dniach uczestnicy zwiedz\u0105 m.in. Krosno Odrza\u0144skie \u2013 miasto o ponad 1000 letniej historii, w\u00a0Komorowie obejrz\u0105 najstarszy w Europie wi\u0105z szypu\u0142kowy, w Forst obejrz\u0105 Ogr\u00f3d R\u00f3\u017cany, w Brodach pa\u0142ac Br\u00fchla, zwiedz\u0105 z przewodnikami miasta Lubsko i Jasie\u0144, w\u00a0Cottbus zwiedz\u0105 stare miasto oraz pi\u0119kny pa\u0142ac i park Branitz z piramid\u0105 grobow\u0105 Hermanna L.H. von P\u00fccklera-Muskau, znanego podr\u00f3\u017cnika, pisarza i ogrodnika (1785-1871). W kolejnych dniach na trasach znajd\u0105 si\u0119 m.in. w Merzdorf z platform\u0105 widokow\u0105 na wyrobiska kopalni w\u0119gla brunatnego, jezioro Deulowitzer See, Bie\u017cyce z Muzeum Gospodarstwa Wiejskiego oraz Dzikowo z O\u015brodkiem Edukacji Le\u015bnej. Organizatorzy zaproponuj\u0105 te\u017c jako przerywnik w wycieczkach rowerowych dla ch\u0119tnych jednodniowe wycieczki autokarowe\u00a0do Berlina, Spreewaldu, Drezna i\u00a0Poczdamu. W programie przewidziany jest tak\u017ce sp\u0142yw kajakowy Nys\u0105 \u0141u\u017cyck\u0105.<\/p>\n<p>Z licznych imprez rowerowych zg\u0142oszonych do kalendarza imprez Komisji Turystyki Kolarskiej ZG PTTK warto wymieni\u0107, w szczeg\u00f3lno\u015bci ze wzgl\u0119du na wieloletni\u0105 tradycj\u0119, LIV Rajd Szlakami Powsta\u0144 \u015al\u0105skich organizowany w dniach 21-23 maja przez Turystyczny Klub Kolarski PTTK im. W\u0142adys\u0142awa Huzy Oddzia\u0142u Ziemi Gliwickiej, z met\u0105 w B\u0142onicy Strzeleckiej, XXXVI Bursztynowy Og\u00f3lnopolski Rajd Kolarski po Wielkopolsce Wschodniej organizowany w dniach 28-30 sierpnia przez sekcj\u0119 Turystyki Rowerowej Klubu Turystycznego PTTK \u201eCiklo\u201d przy Oddziale PTTK w Koninie na trasie Konin-Tuliszk\u00f3w, czy LIX Og\u00f3lnopolski Rajd \u201eJesie\u0144 Chopinowska\u201d organizowany w dniach 11-13 wrze\u015bnia przez Oddzia\u0142 PTTK Ostr\u00f3w Wielkopolski. Natomiast z innych imprez warto wymieni\u0107 odbywaj\u0105ce si\u0119 w ka\u017cdy weekend wycieczki jednodniowe dla pocz\u0105tkuj\u0105cych i zaawansowanych, organizowane przez Ursynowski Klub Turystyki Rowerowej \u201eVagabundus\u201d przy Oddziale PTTK \u201eMazowsze\u201d. Spo\u015br\u00f3d d\u0142u\u017cszych wypraw tego klubu mo\u017cna wymieni\u0107 wypraw\u0119 rowerow\u0105 z w\u0142asnymi namiotami i ze sprz\u0119tem do przygotowywania posi\u0142k\u00f3w, skierowan\u0105 do os\u00f3b maj\u0105cych ju\u017c do\u015bwiadczenie w takiego rodzaju wielodniowych podr\u00f3\u017cach rowerowych. Wyprawa odb\u0119dzie si\u0119 w dniach 11-18 lipca na trasie licz\u0105cej ok. 500 km, prowadz\u0105cej ze Zgorzelca przez \u0141u\u017cyce i Brandenburgi\u0119 oraz Ziemi\u0119 Lubusk\u0105 do Mi\u0119dzyrzecza. Szczeg\u00f3\u0142y tej i innych wycieczek klubu na jego stronie internetowej www.vagabundus.na7.pl .<\/p>\n<p>W naszym przegl\u0105dzie nie mo\u017ce zabrakn\u0105\u0107 imprez turystyki g\u00f3rskiej. W\u015br\u00f3d nich na uwag\u0119 zas\u0142uguje 40. Og\u00f3lnopolski Zlot Klub\u00f3w G\u00f3rskich PTTK, organizowany w dniach 14-17 maja w Wi\u015ble, 51. Zlot Przodownik\u00f3w TG w dniach 4-6 wrze\u015bnia z baz\u0105 w \u015awi\u0119tej Katarzynie w G\u00f3rach \u015awi\u0119tokrzyskich, V Og\u00f3lnopolski Zlot Zdobywc\u00f3w i Sympatyk\u00f3w GOT PTTK im. Przemka Jo\u0144czyka w dniach 19-20 wrze\u015bnia w Korbielowie, rajd w Beskidzie \u017bywieckim ze startem w Korbielowie, organizowany w dniach 11-14 czerwca przez Klub TG Oddzia\u0142u Miejskiego w Rzeszowie oraz wycieczka na Pilsko po\u0142\u0105czona ze szkoleniem botanicznym i plenerem fotograficznym organizowana w dniu 10 maja przez Klub G\u00f3rski \u201eZdobywcy\u201d przy Oddziale Babiog\u00f3rskim PTTK w \u017bywcu. Szczeg\u00f3\u0142y na temat trzech pierwszych imprez mo\u017cna znale\u017a\u0107 na stronie internetowej KTG ZG PTTK, o kolejnych \u2013 na stronach w\u0142a\u015bciwych oddzia\u0142\u00f3w.<\/p>\n<p>Spo\u015br\u00f3d licznych imprez turystyki kajakowej wybra\u0142em kilka maj\u0105cych d\u0142ugoletni\u0105 tradycj\u0119. Najwcze\u015bniej, bo w \u201ed\u0142ugi weekend\u201d 30.04.- 3.05. odb\u0119dzie si\u0119 XXIV Rodzinny Og\u00f3lnopolski Sp\u0142yw Kajakowy \u201eMazowiecka Wiosna 2020\u201d rzek\u0105 Pis\u0105 od Pisza do Nowogrodu (ok. 80 km). Jego organizatorem jest M\u0142odzie\u017cowy Klub Wodniak\u00f3w i\u00a0Ratownik\u00f3w PTTK Oddzia\u0142u Mazowsze.<\/p>\n<p>W dniach 14-17 maja odb\u0119dzie si\u0119 XXVIII Og\u00f3lnopolski Sp\u0142yw Kajakowy rzek\u0105 Zg\u0142owi\u0105czk\u0105 na odcinku Orle \u2013 W\u0142oc\u0142awek (55 km). Jego organizatorem jest W\u0142oc\u0142awski Klub Wodniak\u00f3w PTTK przy Oddziale Kujawskim PTTK we W\u0142oc\u0142awku. W kolejny weekend, 21-24 maja planowane s\u0105 XXIII Og\u00f3lnopolskie Spotkania Mi\u0142o\u015bnik\u00f3w Rzeki Rawki \u201eRawka 2020\u201d Doleck \u2013 Bolim\u00f3w (40 km), kt\u00f3rych organizatorem jest \u0141\u00f3dzki Klub Kajakowy ALBATROS im. S\u0142awomira Forysiaka przy Oddziale \u0141\u00f3dzkim PTTK. Na pocz\u0105tku wakacji w dniach 2-11 lipca odb\u0119dzie si\u0119 XLIII Og\u00f3lnopolski Sp\u0142yw Kajakowy \u201eSzczeci\u0144skie Li\u015bcie Platanowe 2020\u201d rz. Reg\u0105 na odcinku \u0141obez \u2013 Mrze\u017cyno, a jego organizatorem jest Szczeci\u0144ski Klub Turystyki Kajakowej P\u0141ONIA Regionalnego Oddzia\u0142u Szczeci\u0144skiego PTTK.<\/p>\n<p>G\u0142\u00f3wn\u0105 imprez\u0105 turystyki motorowej b\u0119dzie 48. Centralny Zlot Przodownik\u00f3w Turystyki Motorowej PTTK, organizowany przez KTM PTTK \u201eWesterplatte\u201d przy Oddziale Gda\u0144skim PTTK, kt\u00f3ry odb\u0119dzie si\u0119 w Gda\u0144sku w dniach 22-24 maja. Warto te\u017c zasygnalizowa\u0107 XV Og\u00f3lnopolski Rajd do Miejsc Pami\u0119ci Narodowej \u201eP\u0142ock 2020\u201d, organizowany przez KTM PTTK \u201eMotomedyk\u201d przy Oddziale Miejskim PTTK w P\u0142ocku, kt\u00f3ry odb\u0119dzie si\u0119 w dniach 8-10 maja. Z uwagi na 100 rocznic\u0119 wojny 1920 roku g\u0142\u00f3wne miejsce w tre\u015bciach krajoznawczych rajdu zajm\u0105 wydarzenia i miejsca pami\u0119ci, zwi\u0105zane z walkami o P\u0142ock w sierpniu 1920 r. Ciekawie zapowiada si\u0119 te\u017c XIV Og\u00f3lnopolski Zlot Turyst\u00f3w Zmotoryzowanych \u201eWok\u00f3\u0142 Pustyni B\u0142\u0119dowskiej\u201d, organizowany w dniach 27-28 czerwca przez DKTM przy Oddziale PTTK w D\u0105browie G\u00f3rniczej.<\/p>\n<p>Najwa\u017cniejsz\u0105 z imprez przyrodniczych jest X Og\u00f3lnopolski Zlot Turyst\u00f3w Przyrodnik\u00f3w \u201eWyspa Sobieszewska 2020\u201d, organizowany w tym roku w\u00a0dniach 15-17 maja przez Oddzia\u0142 PTTK Marynarki Wojennej w Gdyni, z baz\u0105 w\u00a0Sobieszewie. Zlot ma charakter szkoleniowy, w programie przewidziano referaty po\u015bwi\u0119cone przyrodzie i jej ochronie oraz dwie wycieczki przyrodnicze autokarowo-piesze ze zwiedzaniem \u015bluzy w Przegalinie (Martwa Wis\u0142a, Przekop Wis\u0142y), rezerwat\u00f3w \u201eMewia \u0141acha\u201d i \u201ePtasi Raj\u201d, zbiornika wodnego \u201eKazimierz\u201d, willi \u201eForster\u00f3wka\u201d oraz wizyt\u0105 w\u00a0Stacji Ornitologicznej i Muzeum Instytutu Zoologii PAN. Podczas Zlotu przewidziany jest egzamin na uprawnienia Instruktora Ochrony Przyrody. Szczeg\u00f3\u0142y programu i logistyki Zlotu dost\u0119pne s\u0105 na stronie internetowej Komisji Ochrony Przyrody ZG PTTK.<\/p>\n<p>Mieczys\u0142aw \u017bochowski<\/p>\n","protected":false},"excerpt":{"rendered":"Kalendarz imprez PTTK, zaplanowanych na okres wiosenno \u2013 letni w 2020 roku jest bardzo bogaty. Nie spos\u00f3b opisa\u0107 kilku tysi\u0119cy imprez turystyki kwalifikowanej i krajoznawczej, zapisanych w planach komisji Zarz\u0105du G\u0142\u00f3wnego PTTK i poszczeg\u00f3lnych oddzia\u0142\u00f3w. Poni\u017cszy wyb\u00f3r jest ca\u0142kowicie subiektywny, wi\u0119c z g\u00f3ry przepraszam wszystkich, kt\u00f3rych pomin\u0105\u0142em. stycze\u0144-marzec\/1(1)2020 61. Og\u00f3lnopolski Wysokokwalifikowany Rajd Pieszy im. gen. Miko\u0142aja Wisznickiego Zaczn\u0119 od dyscypliny&nbsp;<a href=\"https:\/\/turysta2.pttk.pl\/?p=24488\" class=\"read-more\">Continue Reading<\/a>","protected":false},"author":4,"featured_media":24478,"comment_status":"closed","ping_status":"closed","sticky":false,"template":"","format":"standard","meta":{"footnotes":""},"categories":[90],"tags":[],"class_list":["post-24488","post","type-post","status-publish","format-standard","has-post-thumbnail","hentry","category-kalendarz-imprez","cat-90-id"],"aioseo_notices":[],"_links":{"self":[{"href":"https:\/\/turysta2.pttk.pl\/index.php?rest_route=\/wp\/v2\/posts\/24488","targetHints":{"allow":["GET"]}}],"collection":[{"href":"https:\/\/turysta2.pttk.pl\/index.php?rest_route=\/wp\/v2\/posts"}],"about":[{"href":"https:\/\/turysta2.pttk.pl\/index.php?rest_route=\/wp\/v2\/types\/post"}],"author":[{"embeddable":true,"href":"https:\/\/turysta2.pttk.pl\/index.php?rest_route=\/wp\/v2\/users\/4"}],"replies":[{"embeddable":true,"href":"https:\/\/turysta2.pttk.pl\/index.php?rest_route=%2Fwp%2Fv2%2Fcomments&post=24488"}],"version-history":[{"count":11,"href":"https:\/\/turysta2.pttk.pl\/index.php?rest_route=\/wp\/v2\/posts\/24488\/revisions"}],"predecessor-version":[{"id":25299,"href":"https:\/\/turysta2.pttk.pl\/index.php?rest_route=\/wp\/v2\/posts\/24488\/revisions\/25299"}],"wp:featuredmedia":[{"embeddable":true,"href":"https:\/\/turysta2.pttk.pl\/index.php?rest_route=\/wp\/v2\/media\/24478"}],"wp:attachment":[{"href":"https:\/\/turysta2.pttk.pl\/index.php?rest_route=%2Fwp%2Fv2%2Fmedia&parent=24488"}],"wp:term":[{"taxonomy":"category","embeddable":true,"href":"https:\/\/turysta2.pttk.pl\/index.php?rest_route=%2Fwp%2Fv2%2Fcategories&post=24488"},{"taxonomy":"post_tag","embeddable":true,"href":"https:\/\/turysta2.pttk.pl\/index.php?rest_route=%2Fwp%2Fv2%2Ftags&post=24488"}],"curies":[{"name":"wp","href":"https:\/\/api.w.org\/{rel}","templated":true}]}}