{"id":24460,"date":"2020-05-08T01:06:15","date_gmt":"2020-05-07T23:06:15","guid":{"rendered":"https:\/\/turysta2.pttk.pl\/?p=24460"},"modified":"2023-03-27T11:40:02","modified_gmt":"2023-03-27T09:40:02","slug":"do-turcji-pojedziemy-bez-wiz","status":"publish","type":"post","link":"https:\/\/turysta2.pttk.pl\/?p=24460","title":{"rendered":"Do Turcji pojedziemy bez wiz"},"content":{"rendered":"<p><strong>Ministerstwo Spraw Zagranicznych Turcji poinformowa\u0142o o zniesieniu wymogu wiz dla obywateli polskich.<\/strong><\/p>\n<pre>kwiecie\u0144-czerwiec\/2(2)2020<\/pre>\n<p><a href=\"https:\/\/turysta2.pttk.pl\/wp-content\/uploads\/2020\/05\/turcja.png\"><img loading=\"lazy\" decoding=\"async\" class=\"alignnone  wp-image-24461\" src=\"https:\/\/turysta2.pttk.pl\/wp-content\/uploads\/2020\/05\/turcja.png\" alt=\"\" width=\"125\" height=\"83\" \/><\/a><\/p>\n<p>Decyzja obejmuje r\u00f3wnie\u017c obywateli czterech\u00a0pa\u0144stw Unii Europejskiej\u00a0nale\u017c\u0105cych do strefy Schengen, tj.\u00a0Austrii, Belgii, Niderland\u00f3w i Polski. Dodatkowo o wizy nie b\u0119d\u0105 musieli si\u0119\u00a0ubiega\u0107\u00a0obywatele\u00a0Wielkiej Brytanii. Postanowienie o\u00a0zniesieniu wiz\u00a0wesz\u0142o w \u017cycie 2 marca\u00a02020 r. Tury\u015bci b\u0119d\u0105 mogli przebywa\u0107 na terytorium Turcji przez 90 dni w ci\u0105gu p\u00f3\u0142 roku.<br \/>\n- <em>Ten krok ma na celu zwi\u0119kszenie naszego potencja\u0142u turystycznego w tych krajach, a tak\u017ce dalszy rozw\u00f3j naszych stosunk\u00f3w handlowych, gospodarczych i kulturalnych<\/em> - zapowiedzia\u0142 Hami Aksoy, rzecznik tureckiego MSZ.<\/p>\n<p>Dotychczas trzeba by\u0142o si\u0119 o wiz\u0119 ubiega\u0107 drog\u0105 elektroniczn\u0105, w plac\u00f3wkach tureckich lub na tamtejszych przej\u015bciach granicznych. Op\u0142ata za jej wydanie wynosi\u0142a 35 dolar\u00f3w (ok. 140 z\u0142otych). Turcja jest jednym z najpopularniejszych kierunk\u00f3w turystycznych. W 2019 roku kraj odwiedzi\u0142y 52 miliony os\u00f3b.<\/p>\n","protected":false},"excerpt":{"rendered":"Ministerstwo Spraw Zagranicznych Turcji poinformowa\u0142o o zniesieniu wymogu wiz dla obywateli polskich. kwiecie\u0144-czerwiec\/2(2)2020 Decyzja obejmuje r\u00f3wnie\u017c obywateli czterech\u00a0pa\u0144stw Unii Europejskiej\u00a0nale\u017c\u0105cych do strefy Schengen, tj.\u00a0Austrii, Belgii, Niderland\u00f3w i Polski. Dodatkowo o wizy nie b\u0119d\u0105 musieli si\u0119\u00a0ubiega\u0107\u00a0obywatele\u00a0Wielkiej Brytanii. Postanowienie o\u00a0zniesieniu wiz\u00a0wesz\u0142o w \u017cycie 2 marca\u00a02020 r. Tury\u015bci b\u0119d\u0105 mogli przebywa\u0107 na terytorium Turcji przez 90 dni w ci\u0105gu p\u00f3\u0142 roku. - Ten&nbsp;<a href=\"https:\/\/turysta2.pttk.pl\/?p=24460\" class=\"read-more\">Continue Reading<\/a>","protected":false},"author":4,"featured_media":0,"comment_status":"closed","ping_status":"closed","sticky":false,"template":"","format":"standard","meta":{"footnotes":""},"categories":[93],"tags":[],"class_list":["post-24460","post","type-post","status-publish","format-standard","hentry","category-aktualnosci","cat-93-id"],"aioseo_notices":[],"_links":{"self":[{"href":"https:\/\/turysta2.pttk.pl\/index.php?rest_route=\/wp\/v2\/posts\/24460","targetHints":{"allow":["GET"]}}],"collection":[{"href":"https:\/\/turysta2.pttk.pl\/index.php?rest_route=\/wp\/v2\/posts"}],"about":[{"href":"https:\/\/turysta2.pttk.pl\/index.php?rest_route=\/wp\/v2\/types\/post"}],"author":[{"embeddable":true,"href":"https:\/\/turysta2.pttk.pl\/index.php?rest_route=\/wp\/v2\/users\/4"}],"replies":[{"embeddable":true,"href":"https:\/\/turysta2.pttk.pl\/index.php?rest_route=%2Fwp%2Fv2%2Fcomments&post=24460"}],"version-history":[{"count":7,"href":"https:\/\/turysta2.pttk.pl\/index.php?rest_route=\/wp\/v2\/posts\/24460\/revisions"}],"predecessor-version":[{"id":25340,"href":"https:\/\/turysta2.pttk.pl\/index.php?rest_route=\/wp\/v2\/posts\/24460\/revisions\/25340"}],"wp:attachment":[{"href":"https:\/\/turysta2.pttk.pl\/index.php?rest_route=%2Fwp%2Fv2%2Fmedia&parent=24460"}],"wp:term":[{"taxonomy":"category","embeddable":true,"href":"https:\/\/turysta2.pttk.pl\/index.php?rest_route=%2Fwp%2Fv2%2Fcategories&post=24460"},{"taxonomy":"post_tag","embeddable":true,"href":"https:\/\/turysta2.pttk.pl\/index.php?rest_route=%2Fwp%2Fv2%2Ftags&post=24460"}],"curies":[{"name":"wp","href":"https:\/\/api.w.org\/{rel}","templated":true}]}}