{"id":24456,"date":"2020-05-08T01:03:59","date_gmt":"2020-05-07T23:03:59","guid":{"rendered":"https:\/\/turysta2.pttk.pl\/?p=24456"},"modified":"2023-03-27T11:40:03","modified_gmt":"2023-03-27T09:40:03","slug":"turystyka-krajowa-wraca-do-lask","status":"publish","type":"post","link":"https:\/\/turysta2.pttk.pl\/?p=24456","title":{"rendered":"Turystyka krajowa wraca do \u0142ask"},"content":{"rendered":"<p><strong>Tury\u015bci t\u0119skni\u0105 za podr\u00f3\u017cowaniem po kraju. Wielu rodak\u00f3w planuje\u00a0 w najbli\u017cszym czasie wyjazd rekreacyjny w r\u00f3\u017cne cz\u0119\u015bci Polski.<\/strong><\/p>\n<pre>kwiecie\u0144-czerwiec\/2(2)2020<\/pre>\n<p>Od 4 maja przywr\u00f3cona zosta\u0142a dzia\u0142alno\u015b\u0107 hoteli i pensjonat\u00f3w. Warunkiem jest zachowanie \u015brodk\u00f3w ostro\u017cno\u015bci, a nowym czynnikiem decyduj\u0105cym o wyjazdach sta\u0142 si\u0119 znacznie podwy\u017cszony standard higieniczny w obiektach. Jest on wa\u017cny dla 82% turyst\u00f3w, w\u00a0tym dla po\u0142owy z nich (41%) \u2013 bardzo wa\u017cny. W zwi\u0105zku z tym Ministerstwo Rozwoju wsp\u00f3lnie z\u00a0G\u0142\u00f3wnym Inspektoratem Sanitarnym, przygotowa\u0142o wytyczne dla hoteli, obiekt\u00f3w i\u00a0pensjonat\u00f3w, pozwalaj\u0105ce funkcjonowa\u0107 im w trakcie pandemii.<\/p>\n<p>Z badania zleconego przez POT wynika, \u017ce a\u017c 30 proc. Polak\u00f3w w ci\u0105gu najbli\u017cszych kilku tygodni planuje wyjazd turystyczno-wypoczynkowy z przynajmniej jednym noclegiem. A\u017c 87 z nich chce podr\u00f3\u017cowa\u0107 po Polsce \u2013 najcz\u0119\u015bciej w g\u00f3ry (34%), nad morze (27%) lub nad jeziora (16%). Du\u017ce znaczenie dla bran\u017cy b\u0119dzie mia\u0142o tak\u017ce r\u00f3wnoczesne otwarcie niekt\u00f3rych atrakcji turystycznych, w tym muze\u00f3w i innych miejsc kultury.<\/p>\n","protected":false},"excerpt":{"rendered":"Tury\u015bci t\u0119skni\u0105 za podr\u00f3\u017cowaniem po kraju. Wielu rodak\u00f3w planuje\u00a0 w najbli\u017cszym czasie wyjazd rekreacyjny w r\u00f3\u017cne cz\u0119\u015bci Polski. kwiecie\u0144-czerwiec\/2(2)2020 Od 4 maja przywr\u00f3cona zosta\u0142a dzia\u0142alno\u015b\u0107 hoteli i pensjonat\u00f3w. Warunkiem jest zachowanie \u015brodk\u00f3w ostro\u017cno\u015bci, a nowym czynnikiem decyduj\u0105cym o wyjazdach sta\u0142 si\u0119 znacznie podwy\u017cszony standard higieniczny w obiektach. Jest on wa\u017cny dla 82% turyst\u00f3w, w\u00a0tym dla po\u0142owy z nich (41%) \u2013&nbsp;<a href=\"https:\/\/turysta2.pttk.pl\/?p=24456\" class=\"read-more\">Continue Reading<\/a>","protected":false},"author":4,"featured_media":24459,"comment_status":"closed","ping_status":"closed","sticky":false,"template":"","format":"standard","meta":{"footnotes":""},"categories":[93],"tags":[],"class_list":["post-24456","post","type-post","status-publish","format-standard","has-post-thumbnail","hentry","category-aktualnosci","cat-93-id"],"aioseo_notices":[],"_links":{"self":[{"href":"https:\/\/turysta2.pttk.pl\/index.php?rest_route=\/wp\/v2\/posts\/24456","targetHints":{"allow":["GET"]}}],"collection":[{"href":"https:\/\/turysta2.pttk.pl\/index.php?rest_route=\/wp\/v2\/posts"}],"about":[{"href":"https:\/\/turysta2.pttk.pl\/index.php?rest_route=\/wp\/v2\/types\/post"}],"author":[{"embeddable":true,"href":"https:\/\/turysta2.pttk.pl\/index.php?rest_route=\/wp\/v2\/users\/4"}],"replies":[{"embeddable":true,"href":"https:\/\/turysta2.pttk.pl\/index.php?rest_route=%2Fwp%2Fv2%2Fcomments&post=24456"}],"version-history":[{"count":6,"href":"https:\/\/turysta2.pttk.pl\/index.php?rest_route=\/wp\/v2\/posts\/24456\/revisions"}],"predecessor-version":[{"id":25310,"href":"https:\/\/turysta2.pttk.pl\/index.php?rest_route=\/wp\/v2\/posts\/24456\/revisions\/25310"}],"wp:featuredmedia":[{"embeddable":true,"href":"https:\/\/turysta2.pttk.pl\/index.php?rest_route=\/wp\/v2\/media\/24459"}],"wp:attachment":[{"href":"https:\/\/turysta2.pttk.pl\/index.php?rest_route=%2Fwp%2Fv2%2Fmedia&parent=24456"}],"wp:term":[{"taxonomy":"category","embeddable":true,"href":"https:\/\/turysta2.pttk.pl\/index.php?rest_route=%2Fwp%2Fv2%2Fcategories&post=24456"},{"taxonomy":"post_tag","embeddable":true,"href":"https:\/\/turysta2.pttk.pl\/index.php?rest_route=%2Fwp%2Fv2%2Ftags&post=24456"}],"curies":[{"name":"wp","href":"https:\/\/api.w.org\/{rel}","templated":true}]}}