{"id":24453,"date":"2020-05-08T01:00:59","date_gmt":"2020-05-07T23:00:59","guid":{"rendered":"https:\/\/turysta2.pttk.pl\/?p=24453"},"modified":"2023-03-27T11:40:03","modified_gmt":"2023-03-27T09:40:03","slug":"wttc-startuje-z-kampania-zachecajaca-do-podrozy","status":"publish","type":"post","link":"https:\/\/turysta2.pttk.pl\/?p=24453","title":{"rendered":"WTTC startuje z kampani\u0105 zach\u0119caj\u0105c\u0105 do podr\u00f3\u017cy"},"content":{"rendered":"<p><strong>\u015awiatowa Rada Podr\u00f3\u017cy i Turystyki (WTTC) rozpocz\u0119\u0142a now\u0105 kampani\u0119 marketingow\u0105 #TogetherInTravel, w kt\u00f3rej chce pokaza\u0107, \u017ce podr\u00f3\u017ce to wa\u017cny element \u017cycia ka\u017cdego z nas<\/strong>.<\/p>\n<pre>kwiecie\u0144-czerwiec\/2(2)2020<\/pre>\n<p><a href=\"https:\/\/turysta2.pttk.pl\/wp-content\/uploads\/2020\/05\/WTTC.png\"><img loading=\"lazy\" decoding=\"async\" class=\"alignnone  wp-image-24454\" src=\"https:\/\/turysta2.pttk.pl\/wp-content\/uploads\/2020\/05\/WTTC.png\" alt=\"\" width=\"138\" height=\"138\" srcset=\"https:\/\/turysta2.pttk.pl\/wp-content\/uploads\/2020\/05\/WTTC.png 220w, https:\/\/turysta2.pttk.pl\/wp-content\/uploads\/2020\/05\/WTTC-150x150.png 150w\" sizes=\"auto, (max-width: 138px) 100vw, 138px\" \/><\/a><\/p>\n<p>Akcja ruszy\u0142a 20 kwietnia 2020 r. Sk\u0142ada si\u0119 z trzech element\u00f3w: poruszaj\u0105cego filmu, maj\u0105cego jednoczy\u0107 wszystkich ludzi na \u015bwiecie, hasztagu #TogetherTravel, kt\u00f3rego celem jest wywo\u0142ywanie dyskusji w mediach spo\u0142eczno\u015bciowych oraz strony togetherintravel.com, na kt\u00f3rej zamieszczane b\u0119d\u0105 materia\u0142y video i tre\u015bci tworzone przez u\u017cytkownik\u00f3w.<\/p>\n<p>Gloria Guevara, prezes i dyrektor generalna WTTC, turystyka odpowiada za jedn\u0105 czwart\u0105 wszystkich nowych miejsc pracy na \u015bwiecie, a wp\u0142ywy z niej do globalnego PKB wynosz\u0105 10,3 proc. MG. Kampania ma zach\u0119ci\u0107 do pozytywnego my\u015blenia o nadchodz\u0105cych dniach. Jej przes\u0142aniem jest przekonanie, i\u017c ka\u017cdy nadal mo\u017ce marzy\u0107 i planowa\u0107 przysz\u0142e podr\u00f3\u017ce, dzieli\u0107 si\u0119 inspiracjami w wirtualnej przestrzeni.<\/p>\n","protected":false},"excerpt":{"rendered":"\u015awiatowa Rada Podr\u00f3\u017cy i Turystyki (WTTC) rozpocz\u0119\u0142a now\u0105 kampani\u0119 marketingow\u0105 #TogetherInTravel, w kt\u00f3rej chce pokaza\u0107, \u017ce podr\u00f3\u017ce to wa\u017cny element \u017cycia ka\u017cdego z nas. kwiecie\u0144-czerwiec\/2(2)2020 Akcja ruszy\u0142a 20 kwietnia 2020 r. Sk\u0142ada si\u0119 z trzech element\u00f3w: poruszaj\u0105cego filmu, maj\u0105cego jednoczy\u0107 wszystkich ludzi na \u015bwiecie, hasztagu #TogetherTravel, kt\u00f3rego celem jest wywo\u0142ywanie dyskusji w mediach spo\u0142eczno\u015bciowych oraz strony togetherintravel.com, na kt\u00f3rej zamieszczane&nbsp;<a href=\"https:\/\/turysta2.pttk.pl\/?p=24453\" class=\"read-more\">Continue Reading<\/a>","protected":false},"author":4,"featured_media":0,"comment_status":"closed","ping_status":"closed","sticky":false,"template":"","format":"standard","meta":{"footnotes":""},"categories":[93],"tags":[],"class_list":["post-24453","post","type-post","status-publish","format-standard","hentry","category-aktualnosci","cat-93-id"],"aioseo_notices":[],"_links":{"self":[{"href":"https:\/\/turysta2.pttk.pl\/index.php?rest_route=\/wp\/v2\/posts\/24453","targetHints":{"allow":["GET"]}}],"collection":[{"href":"https:\/\/turysta2.pttk.pl\/index.php?rest_route=\/wp\/v2\/posts"}],"about":[{"href":"https:\/\/turysta2.pttk.pl\/index.php?rest_route=\/wp\/v2\/types\/post"}],"author":[{"embeddable":true,"href":"https:\/\/turysta2.pttk.pl\/index.php?rest_route=\/wp\/v2\/users\/4"}],"replies":[{"embeddable":true,"href":"https:\/\/turysta2.pttk.pl\/index.php?rest_route=%2Fwp%2Fv2%2Fcomments&post=24453"}],"version-history":[{"count":7,"href":"https:\/\/turysta2.pttk.pl\/index.php?rest_route=\/wp\/v2\/posts\/24453\/revisions"}],"predecessor-version":[{"id":25343,"href":"https:\/\/turysta2.pttk.pl\/index.php?rest_route=\/wp\/v2\/posts\/24453\/revisions\/25343"}],"wp:attachment":[{"href":"https:\/\/turysta2.pttk.pl\/index.php?rest_route=%2Fwp%2Fv2%2Fmedia&parent=24453"}],"wp:term":[{"taxonomy":"category","embeddable":true,"href":"https:\/\/turysta2.pttk.pl\/index.php?rest_route=%2Fwp%2Fv2%2Fcategories&post=24453"},{"taxonomy":"post_tag","embeddable":true,"href":"https:\/\/turysta2.pttk.pl\/index.php?rest_route=%2Fwp%2Fv2%2Ftags&post=24453"}],"curies":[{"name":"wp","href":"https:\/\/api.w.org\/{rel}","templated":true}]}}