{"id":24411,"date":"2020-04-30T09:42:19","date_gmt":"2020-04-30T07:42:19","guid":{"rendered":"https:\/\/turysta2.pttk.pl\/?p=24411"},"modified":"2023-03-27T11:40:03","modified_gmt":"2023-03-27T09:40:03","slug":"swietokrzyski-przedkongresowy-sejmik-krajoznawczy-w-konskich","status":"publish","type":"post","link":"https:\/\/turysta2.pttk.pl\/?p=24411","title":{"rendered":"\u015awi\u0119tokrzyski\u00a0Przedkongresowy Sejmik Krajoznawczy w Ko\u0144skich"},"content":{"rendered":"<p><strong>W cykl wydarze\u0144 poprzedzaj\u0105cych Kongres Krajoznawstwa Polskiego w\u0142\u0105czy\u0142 si\u0119 Oddzia\u0142 PTTK w Ko\u0144skich oraz dzia\u0142aj\u0105ce w jego strukturach Muzeum Regionalne PTTK i\u00a0Komisja Opieki nad Zabytkami. Obrady tocz\u0105ce si\u0119 pod has\u0142em: Mo\u017cliwo\u015bci wykorzystania turystycznego zabytk\u00f3w Staropolskiego Okr\u0119gu Przemys\u0142owego mia\u0142y miejsce 23 listopada 2019 roku w go\u015bcinnych progach budynku Krajowego Stowarzyszenia Wspierania Przedsi\u0119biorczo\u015bci.<\/strong><\/p>\n<pre>stycze\u0144-marzec\/1(1)2020<\/pre>\n<p>W obradach\u00a0 wzi\u0119\u0142o udzia\u0142 77 os\u00f3b. Honorowy patronat nad sejmikiem sprawowali: Anna \u017bak Stobiecka - \u015awi\u0119tokrzyski Wojew\u00f3dzki Konserwator Zabytk\u00f3w w Kielcach, Krzysztof Obrata\u0144ski - Burmistrz Miasta i Gminy Ko\u0144skie oraz Jerzy Kap\u0142on - prezes Zarz\u0105du G\u0142\u00f3wnego PTTK. W\u015br\u00f3d uczestnik\u00f3w sejmiku znale\u017ali si\u0119 mi\u0119dzy innymi: cz\u0142onkowie Honorowi PTTK Franciszek Midura, Andrzej Gordon, Andrzej Rembalski, W\u0142odzimierz Szafi\u0144ski i Jerzy Pabian, przedstawiciel Urz\u0119du Marsza\u0142kowskiego w Kielcach Tadeusz Sikora, cz\u0142onek Zarz\u0105du G\u0142\u00f3wnego PTTK Jaros\u0142aw D\u0105browski, regionali\u015bci, spo\u0142eczni opiekunowie zabytk\u00f3w i przedstawiciele muze\u00f3w z wielu region\u00f3w kraju. Spotkanie by\u0142o okazj\u0105 do wyr\u00f3\u017cnienia zas\u0142u\u017conych opiekun\u00f3w zabytk\u00f3w.<\/p>\n<p>Za spraw\u0105 niezwykle ciekawych wyst\u0105pie\u0144 uda\u0142o si\u0119 okre\u015bli\u0107 nowe funkcje i\u00a0mo\u017cliwo\u015bci promocji cz\u0119sto zaniedbanych i niechcianych zabytk\u00f3w techniki zlokalizowanych nad Czarn\u0105 Koneck\u0105 i Kamienn\u0105. Uda\u0142o si\u0119 te\u017c zach\u0119ci\u0107 spo\u0142eczno\u015b\u0107 lokaln\u0105 do aktywno\u015bci w\u00a0zakresie opieki nad zabytkami. W programie sejmiku znalaz\u0142o si\u0119 11 referat\u00f3w:<\/p>\n<p>\u2022 Prof. Franciszek Midura, <em>Koncepcja Ekomuzeum Staropolskiego Zag\u0142\u0119bia Przemys\u0142owego jako integralnego czynnika ochrony krajobrazu kulturowego i przyrodniczego<\/em>.<br \/>\n\u2022 Andrzej Danowsk,i <em>Zabytki techniki \u2013 dziedzictwo niepotrzebne?<\/em><br \/>\n\u2022 Dr in\u017c. Jaros\u0142aw Boryca, <em>\u201eSyzyfowe prace\u201d czyli specyfika prac remontowo-konserwacyjnych zabytkowego ko\u0142a wodnego w Muzeum Zag\u0142\u0119bia Staropolskiego w Sielpi.<\/em><br \/>\n\u2022 Daniel Czernek, <em>Z biegiem rzeki, z biegiem lat \u2026 zabytki przemys\u0142u i techniki jako element krajobrazu kulturowego i przyrodniczego.<\/em><br \/>\n\u2022 dr Andrzej Rembalski, <em>Imprezy promuj\u0105ce tradycje dawnego przemys\u0142u w wojew\u00f3dztwie \u015bwi\u0119tokrzyskim.<\/em><br \/>\n\u2022 Krzysztof Obrata\u0144ski, <em>Obecna sytuacja Muzeum Zag\u0142\u0119bia Staropolskiego<\/em><br \/>\n<em>w Sielpi.<\/em><br \/>\n\u2022 Dr Stanis\u0142aw Nowak, <em>Turystyka, opieka i wypoczynek - rola i miejsce w planach perspektywicznych regionu \u015bwi\u0119tokrzyskiego.<\/em><br \/>\n\u2022 Wojciech Pasek, <em>Dzia\u0142ania PTTK na rzecz popularyzacji zabytk\u00f3w techniki na Ziemi Koneckiej.<\/em><br \/>\n\u2022 Dr Maciej Ch\u0142opek, <em>W poszukiwaniu nowej funkcji u\u017cytkowej: zesp\u00f3\u0142 zak\u0142adu przemys\u0142owego w Male\u0144cu.<\/em><br \/>\n\u2022 Pawe\u0142 Ko\u0142odziejski, <em>Wytapiamy kultur\u0119. Sposoby popularyzacji i turystycznego wykorzystania dziedzictwa poprzemys\u0142owego. Przyk\u0142ad Muzeum Przyrody i Techniki w Starachowicach.<\/em><br \/>\n\u2022 W\u0142odzimierz Szcza\u0142uba,<em> Inicjatywy spo\u0142eczno\u015bci lokalnej o\u017cywienia terenu dawnej walcowni \u017celaza w Nietulisku Fabrycznym.<\/em><\/p>\n<p>Du\u017cym zainteresowaniem cieszy\u0142 si\u0119 towarzysz\u0105cy obradom pokaz prac malarskich, ukazuj\u0105cych koneckie zabytki. Jego autorami byli uczestnicy plener\u00f3w, organizowanych przez Miejsko \u2013 Gminny Dom Kultury w Ko\u0144skich oraz Miejsko \u2013 Gminny O\u015brodek Kultury i Sportu w St\u0105porkowie. W przeddzie\u0144 sejmiku odby\u0142o si\u0119 posiedzenie Komisji Opieki nad Zabytkami Zarz\u0105du G\u0142\u00f3wnego PTTK, po\u0142\u0105czone ze zwiedzaniem Muzeum Zag\u0142\u0119bia Staropolskiego w\u00a0Sielpi.<br \/>\nWszyscy uczestnicy zgromadzenia otrzymali pami\u0105tkowe medale kolekcjonerskie w\u00a0etui, okazjonaln\u0105 poczt\u00f3wk\u0119 oraz mogli skorzysta\u0107 z piecz\u0119ci okoliczno\u015bciowej. Pok\u0142osiem sejmiku b\u0119dzie publikacja ksi\u0105\u017ckowa zawieraj\u0105ca tre\u015bci wyst\u0105pie\u0144 oraz relacj\u0119 z jego przebiegu.<\/p>\n<p>Kolejnym znacz\u0105cym przedsi\u0119wzi\u0119ciem krajoznawczym Muzeum Regionalnego PTTK w Ko\u0144skich b\u0119dzie planowana na dzie\u0144 21 listopada 2020 roku og\u00f3lnopolska konferencja naukowa pt. Stanis\u0142aw Na\u0142\u0119cz Ma\u0142achowski \u2013 Konecczanin i pierwszy obywatel Rzeczypospolitej.<\/p>\n<p>Wojciech Pasek<\/p>\n<p><em>Fot.<\/em> Ada D\u0119bowska<\/p>\n<div id=\"attachment_24438\" style=\"width: 614px\" class=\"wp-caption aligncenter\"><a href=\"https:\/\/turysta2.pttk.pl\/wp-content\/uploads\/2020\/04\/IMG_20200313_182726-scaled.jpg\"><img loading=\"lazy\" decoding=\"async\" aria-describedby=\"caption-attachment-24438\" class=\"size-large wp-image-24438\" src=\"https:\/\/turysta2.pttk.pl\/wp-content\/uploads\/2020\/04\/IMG_20200313_182726-768x1024.jpg\" alt=\"\" width=\"604\" height=\"805\" srcset=\"https:\/\/turysta2.pttk.pl\/wp-content\/uploads\/2020\/04\/IMG_20200313_182726-768x1024.jpg 768w, https:\/\/turysta2.pttk.pl\/wp-content\/uploads\/2020\/04\/IMG_20200313_182726-225x300.jpg 225w, https:\/\/turysta2.pttk.pl\/wp-content\/uploads\/2020\/04\/IMG_20200313_182726-1152x1536.jpg 1152w, https:\/\/turysta2.pttk.pl\/wp-content\/uploads\/2020\/04\/IMG_20200313_182726-1536x2048.jpg 1536w, https:\/\/turysta2.pttk.pl\/wp-content\/uploads\/2020\/04\/IMG_20200313_182726-scaled.jpg 1920w\" sizes=\"auto, (max-width: 604px) 100vw, 604px\" \/><\/a><p id=\"caption-attachment-24438\" class=\"wp-caption-text\">bty<\/p><\/div>\n<p><a href=\"https:\/\/turysta2.pttk.pl\/wp-content\/uploads\/2020\/04\/DSC9877-scaled.jpg\"><img loading=\"lazy\" decoding=\"async\" class=\"aligncenter size-large wp-image-24437\" src=\"https:\/\/turysta2.pttk.pl\/wp-content\/uploads\/2020\/04\/DSC9877-1024x684.jpg\" alt=\"\" width=\"604\" height=\"403\" srcset=\"https:\/\/turysta2.pttk.pl\/wp-content\/uploads\/2020\/04\/DSC9877-1024x684.jpg 1024w, https:\/\/turysta2.pttk.pl\/wp-content\/uploads\/2020\/04\/DSC9877-300x201.jpg 300w, https:\/\/turysta2.pttk.pl\/wp-content\/uploads\/2020\/04\/DSC9877-768x513.jpg 768w, https:\/\/turysta2.pttk.pl\/wp-content\/uploads\/2020\/04\/DSC9877-1536x1027.jpg 1536w, https:\/\/turysta2.pttk.pl\/wp-content\/uploads\/2020\/04\/DSC9877-2048x1369.jpg 2048w\" sizes=\"auto, (max-width: 604px) 100vw, 604px\" \/><\/a><\/p>\n<p><a href=\"https:\/\/turysta2.pttk.pl\/wp-content\/uploads\/2020\/04\/DSC9858-scaled.jpg\"><img loading=\"lazy\" decoding=\"async\" class=\"aligncenter size-large wp-image-24436\" src=\"https:\/\/turysta2.pttk.pl\/wp-content\/uploads\/2020\/04\/DSC9858-1024x684.jpg\" alt=\"\" width=\"604\" height=\"403\" srcset=\"https:\/\/turysta2.pttk.pl\/wp-content\/uploads\/2020\/04\/DSC9858-1024x684.jpg 1024w, https:\/\/turysta2.pttk.pl\/wp-content\/uploads\/2020\/04\/DSC9858-300x201.jpg 300w, https:\/\/turysta2.pttk.pl\/wp-content\/uploads\/2020\/04\/DSC9858-768x513.jpg 768w, https:\/\/turysta2.pttk.pl\/wp-content\/uploads\/2020\/04\/DSC9858-1536x1027.jpg 1536w, https:\/\/turysta2.pttk.pl\/wp-content\/uploads\/2020\/04\/DSC9858-2048x1369.jpg 2048w\" sizes=\"auto, (max-width: 604px) 100vw, 604px\" \/><\/a><\/p>\n<p><a href=\"https:\/\/turysta2.pttk.pl\/wp-content\/uploads\/2020\/04\/DSC9769-scaled.jpg\"><img loading=\"lazy\" decoding=\"async\" class=\"aligncenter size-large wp-image-24435\" src=\"https:\/\/turysta2.pttk.pl\/wp-content\/uploads\/2020\/04\/DSC9769-1024x684.jpg\" alt=\"\" width=\"604\" height=\"403\" srcset=\"https:\/\/turysta2.pttk.pl\/wp-content\/uploads\/2020\/04\/DSC9769-1024x684.jpg 1024w, https:\/\/turysta2.pttk.pl\/wp-content\/uploads\/2020\/04\/DSC9769-300x201.jpg 300w, https:\/\/turysta2.pttk.pl\/wp-content\/uploads\/2020\/04\/DSC9769-768x513.jpg 768w, https:\/\/turysta2.pttk.pl\/wp-content\/uploads\/2020\/04\/DSC9769-1536x1027.jpg 1536w, https:\/\/turysta2.pttk.pl\/wp-content\/uploads\/2020\/04\/DSC9769-2048x1369.jpg 2048w\" sizes=\"auto, (max-width: 604px) 100vw, 604px\" \/><\/a><\/p>\n<p><a href=\"https:\/\/turysta2.pttk.pl\/wp-content\/uploads\/2020\/04\/DSC9754-scaled.jpg\"><img loading=\"lazy\" decoding=\"async\" class=\"aligncenter size-large wp-image-24434\" src=\"https:\/\/turysta2.pttk.pl\/wp-content\/uploads\/2020\/04\/DSC9754-1024x684.jpg\" alt=\"\" width=\"604\" height=\"403\" srcset=\"https:\/\/turysta2.pttk.pl\/wp-content\/uploads\/2020\/04\/DSC9754-1024x684.jpg 1024w, https:\/\/turysta2.pttk.pl\/wp-content\/uploads\/2020\/04\/DSC9754-300x201.jpg 300w, https:\/\/turysta2.pttk.pl\/wp-content\/uploads\/2020\/04\/DSC9754-768x513.jpg 768w, https:\/\/turysta2.pttk.pl\/wp-content\/uploads\/2020\/04\/DSC9754-1536x1027.jpg 1536w, https:\/\/turysta2.pttk.pl\/wp-content\/uploads\/2020\/04\/DSC9754-2048x1369.jpg 2048w\" sizes=\"auto, (max-width: 604px) 100vw, 604px\" \/><\/a><\/p>\n<p><a href=\"https:\/\/turysta2.pttk.pl\/wp-content\/uploads\/2020\/04\/DSC9635-scaled.jpg\"><img loading=\"lazy\" decoding=\"async\" class=\"aligncenter size-large wp-image-24433\" src=\"https:\/\/turysta2.pttk.pl\/wp-content\/uploads\/2020\/04\/DSC9635-1024x684.jpg\" alt=\"\" width=\"604\" height=\"403\" srcset=\"https:\/\/turysta2.pttk.pl\/wp-content\/uploads\/2020\/04\/DSC9635-1024x684.jpg 1024w, https:\/\/turysta2.pttk.pl\/wp-content\/uploads\/2020\/04\/DSC9635-300x201.jpg 300w, https:\/\/turysta2.pttk.pl\/wp-content\/uploads\/2020\/04\/DSC9635-768x513.jpg 768w, https:\/\/turysta2.pttk.pl\/wp-content\/uploads\/2020\/04\/DSC9635-1536x1027.jpg 1536w, https:\/\/turysta2.pttk.pl\/wp-content\/uploads\/2020\/04\/DSC9635-2048x1369.jpg 2048w\" sizes=\"auto, (max-width: 604px) 100vw, 604px\" \/><\/a><\/p>\n<p><a href=\"https:\/\/turysta2.pttk.pl\/wp-content\/uploads\/2020\/04\/DSC9597-scaled.jpg\"><img loading=\"lazy\" decoding=\"async\" class=\"aligncenter size-large wp-image-24432\" src=\"https:\/\/turysta2.pttk.pl\/wp-content\/uploads\/2020\/04\/DSC9597-1024x684.jpg\" alt=\"\" width=\"604\" height=\"403\" srcset=\"https:\/\/turysta2.pttk.pl\/wp-content\/uploads\/2020\/04\/DSC9597-1024x684.jpg 1024w, https:\/\/turysta2.pttk.pl\/wp-content\/uploads\/2020\/04\/DSC9597-300x201.jpg 300w, https:\/\/turysta2.pttk.pl\/wp-content\/uploads\/2020\/04\/DSC9597-768x513.jpg 768w, https:\/\/turysta2.pttk.pl\/wp-content\/uploads\/2020\/04\/DSC9597-1536x1027.jpg 1536w, https:\/\/turysta2.pttk.pl\/wp-content\/uploads\/2020\/04\/DSC9597-2048x1369.jpg 2048w\" sizes=\"auto, (max-width: 604px) 100vw, 604px\" \/><\/a><\/p>\n<p><a href=\"https:\/\/turysta2.pttk.pl\/wp-content\/uploads\/2020\/04\/DSC9591-scaled.jpg\"><img loading=\"lazy\" decoding=\"async\" class=\"aligncenter size-large wp-image-24431\" src=\"https:\/\/turysta2.pttk.pl\/wp-content\/uploads\/2020\/04\/DSC9591-1024x684.jpg\" alt=\"\" width=\"604\" height=\"403\" srcset=\"https:\/\/turysta2.pttk.pl\/wp-content\/uploads\/2020\/04\/DSC9591-1024x684.jpg 1024w, https:\/\/turysta2.pttk.pl\/wp-content\/uploads\/2020\/04\/DSC9591-300x201.jpg 300w, https:\/\/turysta2.pttk.pl\/wp-content\/uploads\/2020\/04\/DSC9591-768x513.jpg 768w, https:\/\/turysta2.pttk.pl\/wp-content\/uploads\/2020\/04\/DSC9591-1536x1027.jpg 1536w, https:\/\/turysta2.pttk.pl\/wp-content\/uploads\/2020\/04\/DSC9591-2048x1369.jpg 2048w\" sizes=\"auto, (max-width: 604px) 100vw, 604px\" \/><\/a><\/p>\n<p><a href=\"https:\/\/turysta2.pttk.pl\/wp-content\/uploads\/2020\/04\/DSC9557-scaled.jpg\"><img loading=\"lazy\" decoding=\"async\" class=\"aligncenter size-large wp-image-24430\" src=\"https:\/\/turysta2.pttk.pl\/wp-content\/uploads\/2020\/04\/DSC9557-1024x684.jpg\" alt=\"\" width=\"604\" height=\"403\" srcset=\"https:\/\/turysta2.pttk.pl\/wp-content\/uploads\/2020\/04\/DSC9557-1024x684.jpg 1024w, https:\/\/turysta2.pttk.pl\/wp-content\/uploads\/2020\/04\/DSC9557-300x201.jpg 300w, https:\/\/turysta2.pttk.pl\/wp-content\/uploads\/2020\/04\/DSC9557-768x513.jpg 768w, https:\/\/turysta2.pttk.pl\/wp-content\/uploads\/2020\/04\/DSC9557-1536x1027.jpg 1536w, https:\/\/turysta2.pttk.pl\/wp-content\/uploads\/2020\/04\/DSC9557-2048x1369.jpg 2048w\" sizes=\"auto, (max-width: 604px) 100vw, 604px\" \/><\/a><\/p>\n<p><a href=\"https:\/\/turysta2.pttk.pl\/wp-content\/uploads\/2020\/04\/DSC9536-scaled.jpg\"><img loading=\"lazy\" decoding=\"async\" class=\"aligncenter size-large wp-image-24429\" src=\"https:\/\/turysta2.pttk.pl\/wp-content\/uploads\/2020\/04\/DSC9536-1024x684.jpg\" alt=\"\" width=\"604\" height=\"403\" srcset=\"https:\/\/turysta2.pttk.pl\/wp-content\/uploads\/2020\/04\/DSC9536-1024x684.jpg 1024w, https:\/\/turysta2.pttk.pl\/wp-content\/uploads\/2020\/04\/DSC9536-300x201.jpg 300w, https:\/\/turysta2.pttk.pl\/wp-content\/uploads\/2020\/04\/DSC9536-768x513.jpg 768w, https:\/\/turysta2.pttk.pl\/wp-content\/uploads\/2020\/04\/DSC9536-1536x1027.jpg 1536w, https:\/\/turysta2.pttk.pl\/wp-content\/uploads\/2020\/04\/DSC9536-2048x1369.jpg 2048w\" sizes=\"auto, (max-width: 604px) 100vw, 604px\" \/><\/a><\/p>\n<p><a href=\"https:\/\/turysta2.pttk.pl\/wp-content\/uploads\/2020\/04\/DSC9532-scaled.jpg\"><img loading=\"lazy\" decoding=\"async\" class=\"aligncenter size-large wp-image-24428\" src=\"https:\/\/turysta2.pttk.pl\/wp-content\/uploads\/2020\/04\/DSC9532-1024x684.jpg\" alt=\"\" width=\"604\" height=\"403\" srcset=\"https:\/\/turysta2.pttk.pl\/wp-content\/uploads\/2020\/04\/DSC9532-1024x684.jpg 1024w, https:\/\/turysta2.pttk.pl\/wp-content\/uploads\/2020\/04\/DSC9532-300x201.jpg 300w, https:\/\/turysta2.pttk.pl\/wp-content\/uploads\/2020\/04\/DSC9532-768x513.jpg 768w, https:\/\/turysta2.pttk.pl\/wp-content\/uploads\/2020\/04\/DSC9532-1536x1027.jpg 1536w, https:\/\/turysta2.pttk.pl\/wp-content\/uploads\/2020\/04\/DSC9532-2048x1369.jpg 2048w\" sizes=\"auto, (max-width: 604px) 100vw, 604px\" \/><\/a><\/p>\n<p><a href=\"https:\/\/turysta2.pttk.pl\/wp-content\/uploads\/2020\/04\/DSC9526-scaled.jpg\"><img loading=\"lazy\" decoding=\"async\" class=\"aligncenter size-large wp-image-24427\" src=\"https:\/\/turysta2.pttk.pl\/wp-content\/uploads\/2020\/04\/DSC9526-1024x684.jpg\" alt=\"\" width=\"604\" height=\"403\" srcset=\"https:\/\/turysta2.pttk.pl\/wp-content\/uploads\/2020\/04\/DSC9526-1024x684.jpg 1024w, https:\/\/turysta2.pttk.pl\/wp-content\/uploads\/2020\/04\/DSC9526-300x201.jpg 300w, https:\/\/turysta2.pttk.pl\/wp-content\/uploads\/2020\/04\/DSC9526-768x513.jpg 768w, https:\/\/turysta2.pttk.pl\/wp-content\/uploads\/2020\/04\/DSC9526-1536x1027.jpg 1536w, https:\/\/turysta2.pttk.pl\/wp-content\/uploads\/2020\/04\/DSC9526-2048x1369.jpg 2048w\" sizes=\"auto, (max-width: 604px) 100vw, 604px\" \/><\/a><\/p>\n","protected":false},"excerpt":{"rendered":"W cykl wydarze\u0144 poprzedzaj\u0105cych Kongres Krajoznawstwa Polskiego w\u0142\u0105czy\u0142 si\u0119 Oddzia\u0142 PTTK w Ko\u0144skich oraz dzia\u0142aj\u0105ce w jego strukturach Muzeum Regionalne PTTK i\u00a0Komisja Opieki nad Zabytkami. Obrady tocz\u0105ce si\u0119 pod has\u0142em: Mo\u017cliwo\u015bci wykorzystania turystycznego zabytk\u00f3w Staropolskiego Okr\u0119gu Przemys\u0142owego mia\u0142y miejsce 23 listopada 2019 roku w go\u015bcinnych progach budynku Krajowego Stowarzyszenia Wspierania Przedsi\u0119biorczo\u015bci. stycze\u0144-marzec\/1(1)2020 W obradach\u00a0 wzi\u0119\u0142o udzia\u0142 77 os\u00f3b. Honorowy patronat&nbsp;<a href=\"https:\/\/turysta2.pttk.pl\/?p=24411\" class=\"read-more\">Continue Reading<\/a>","protected":false},"author":4,"featured_media":24427,"comment_status":"closed","ping_status":"closed","sticky":false,"template":"","format":"standard","meta":{"footnotes":""},"categories":[78],"tags":[],"class_list":["post-24411","post","type-post","status-publish","format-standard","has-post-thumbnail","hentry","category-konferencje-szkolenia","cat-78-id"],"aioseo_notices":[],"_links":{"self":[{"href":"https:\/\/turysta2.pttk.pl\/index.php?rest_route=\/wp\/v2\/posts\/24411","targetHints":{"allow":["GET"]}}],"collection":[{"href":"https:\/\/turysta2.pttk.pl\/index.php?rest_route=\/wp\/v2\/posts"}],"about":[{"href":"https:\/\/turysta2.pttk.pl\/index.php?rest_route=\/wp\/v2\/types\/post"}],"author":[{"embeddable":true,"href":"https:\/\/turysta2.pttk.pl\/index.php?rest_route=\/wp\/v2\/users\/4"}],"replies":[{"embeddable":true,"href":"https:\/\/turysta2.pttk.pl\/index.php?rest_route=%2Fwp%2Fv2%2Fcomments&post=24411"}],"version-history":[{"count":13,"href":"https:\/\/turysta2.pttk.pl\/index.php?rest_route=\/wp\/v2\/posts\/24411\/revisions"}],"predecessor-version":[{"id":25312,"href":"https:\/\/turysta2.pttk.pl\/index.php?rest_route=\/wp\/v2\/posts\/24411\/revisions\/25312"}],"wp:featuredmedia":[{"embeddable":true,"href":"https:\/\/turysta2.pttk.pl\/index.php?rest_route=\/wp\/v2\/media\/24427"}],"wp:attachment":[{"href":"https:\/\/turysta2.pttk.pl\/index.php?rest_route=%2Fwp%2Fv2%2Fmedia&parent=24411"}],"wp:term":[{"taxonomy":"category","embeddable":true,"href":"https:\/\/turysta2.pttk.pl\/index.php?rest_route=%2Fwp%2Fv2%2Fcategories&post=24411"},{"taxonomy":"post_tag","embeddable":true,"href":"https:\/\/turysta2.pttk.pl\/index.php?rest_route=%2Fwp%2Fv2%2Ftags&post=24411"}],"curies":[{"name":"wp","href":"https:\/\/api.w.org\/{rel}","templated":true}]}}