{"id":24403,"date":"2020-04-30T09:24:09","date_gmt":"2020-04-30T07:24:09","guid":{"rendered":"https:\/\/turysta2.pttk.pl\/?p=24403"},"modified":"2023-03-27T11:40:03","modified_gmt":"2023-03-27T09:40:03","slug":"wielkopolski-przedkongresowy-sejmik-krajoznawczy","status":"publish","type":"post","link":"https:\/\/turysta2.pttk.pl\/?p=24403","title":{"rendered":"Wielkopolski Przedkongresowy Sejmik Krajoznawczy"},"content":{"rendered":"<p><strong>W Swarz\u0119dzkim Centrum Historii i Sztuki (SCHiS) odby\u0142 si\u0119 Wielkopolski Przedkongresowy Sejmik Krajoznawczy, organizowany przez Oddzia\u0142 PTTK \u201eMeblarz\u201d. Sw\u00f3j akces zg\u0142osi\u0142o prawie pi\u0119\u0107dziesi\u0119ciu uczestnik\u00f3w z terenu Wielkopolski i innych region\u00f3w. <\/strong><\/p>\n<pre>stycze\u0144-marzec\/1(1)2020<\/pre>\n<p>W prowadzonych przeze mnie 29 lutego 2020 obradach, wzi\u0119li udzia\u0142 tak\u017ce zaproszeni go\u015bcie: Zast\u0119pca Burmistrza Miasta i Gminy Grzegorz Taterka oraz przewodnicz\u0105ca Rady Miejskiej Barbara Czachura. W swych wyst\u0105pieniach zadeklarowali zebranym dalsz\u0105 pomoc oddzia\u0142owi w\u00a0realizacji jego zada\u0144 statutowych. Nie by\u0142a to zwyk\u0142a kurtuazja, gdy\u017c od wielu lat w\u0142adze samorz\u0105dowe Swarz\u0119dza mocno wspieraj\u0105 \u201esegment turystyczny\u201d. Pisemne \u017cyczenia do uczestnik\u00f3w sejmiku skierowa\u0142 Cz\u0142onek Honorowy PTTK, b. Senator RP dr\u00a0W\u0142odzimierz \u0141\u0119cki. W cz\u0119\u015bci merytorycznej sejmiku, Pawe\u0142 Anders, wiceprzewodnicz\u0105cy Wielkopolskiego Kolegium Instruktor\u00f3w Krajoznawstwa (WKIK) podzieli\u0142 si\u0119 swymi Do\u015bwiadczeniami wielkopolskiego krajoznawcy, a Aleksandra Staszak z Podlaskiego Kolegium Instruktor\u00f3w Krajoznawstwa m\u00f3wi\u0142a na temat Krajoznawcze dzia\u0142ania PTTK a\u00a0m\u0142odzie\u017c szkolna, czym wzbudzi\u0142a bardzo o\u017cywion\u0105 dyskusj\u0119. Przedstawiciel Nadle\u015bnictwa Pniewy, zaprzyja\u017anionego od lat z \u201eMeblarzem\u201d Micha\u0142 Idczak bardzo interesuj\u0105co przedstawi\u0142 referat \u201eLasy Pa\u0144stwowe a krajoznawstwo\u201d. Nawet najbardziej do\u015bwiadczeni krajoznawcy nie znali wszystkich aspekt\u00f3w pracy le\u015bnik\u00f3w w tym obszarze.<\/p>\n<p>Kolejny go\u015b\u0107 sejmiku, komendant Chor\u0105gwi Wielkopolskiej ZHP harcmistrz Tomasz Kujaczy\u0144ski w swym wyst\u0105pieniu zatytu\u0142owanym Harcerstwo a krajoznawstwo, przedstawi\u0142 dzia\u0142ania krajoznawcze harcerstwa. Modelowym przyk\u0142adem takiego dzia\u0142ania mo\u017ce by\u0107 np. Harcerski Klub Turystyczny \u201eAzymut\u201d, dzia\u0142aj\u0105cy r\u00f3wnocze\u015bnie w strukturach ZHP i O\/PTTK \u201eMeblarz\u201d. Powi\u0105zania Regionalizm a\u00a0krajoznawstwo zaprezentowa\u0142 Antoni Kobza, autor kilkusetstronicowego dzie\u0142a o wsiach i\u00a0folwarkach Ziemi Swarz\u0119dzkiej. Zosta\u0142o ono wydane przed kilku laty przez Sp\u00f3\u0142dzielni\u0119 Mieszkaniow\u0105 w Swarz\u0119dzu, z okazji jej sze\u015b\u0107dziesi\u0119ciolecia. Zarz\u0105d wyda\u0142 ksi\u0105\u017ck\u0119 rezygnuj\u0105c z\u00a0tradycyjnych uroczysto\u015bci. Podobnie by\u0142o zreszt\u0105 przy poprzedniej \u201eokr\u0105g\u0142ej\u201d rocznicy Sp\u00f3\u0142dzielni, kiedy wydano przepi\u0119kny album fotograficzny o Ziemi Swarz\u0119dzkiej. Prezes Zarz\u0105du Sp\u00f3\u0142dzielni, Pawe\u0142 Paw\u0142owski przekaza\u0142 egzemplarze ksi\u0105\u017cki dla wszystkich uczestnik\u00f3w sejmiku. Roman Doma\u0144ski z O\/PTTK\u201d Meblarz\u201d w swym wyst\u0105pieniu pt. Odznaki a\u00a0krajoznawstwo poruszy\u0142 wiele aspekt\u00f3w zwi\u0105zanych z systemem odznak krajoznawczych, czym wzbudzi\u0142 o\u017cywion\u0105 dyskusj\u0119.<\/p>\n<p>Hanna Ja\u0142ocha ze Swarz\u0119dzkiego Centrum Historii i Sztuki przedstawi\u0142a jego dzia\u0142no\u015b\u0107, dr Jerzy Kamprowski, kierownik Muzeum Pszczelarstwa w\u00a0Swarz\u0119dzu m\u00f3wi\u0142 na temat: Muzea a krajoznawstwo. Z kolei Marcin A. Klemenski poruszy\u0142 nieco omijany, a niezwykle ciekawy temat: Krajoznawstwo a badania naukowe.<\/p>\n<p>Podsumowania obrad dokona\u0142 Jerzy Szoci\u0144ski, przewodnicz\u0105cy sejmiku, uznaj\u0105c, \u017ce stanowi\u0142 on wa\u017cny etap na drodze przygotowa\u0144 wielkopolskiej delegacji na Kongres w\u00a0\u0141odzi. Bezpo\u015brednio po zako\u0144czeniu obrad cz\u0142onkowie sejmiku spotkali si\u0119 na posiedzeniu zamkni\u0119tym, wypracowuj\u0105cym wielkopolskie stanowisko w istotnych sprawach krajoznawstwa.<\/p>\n<p><em>Piotr Osiewicz<\/em><\/p>\n<p><em>Fot.<\/em> Ma\u0142gorzata Doma\u0144ska<\/p>\n<p><a href=\"https:\/\/turysta2.pttk.pl\/wp-content\/uploads\/2020\/04\/Meblarz_Sejmik_2020.jpg\"><img loading=\"lazy\" decoding=\"async\" class=\"aligncenter size-large wp-image-24419\" src=\"https:\/\/turysta2.pttk.pl\/wp-content\/uploads\/2020\/04\/Meblarz_Sejmik_2020-1024x1024.jpg\" alt=\"\" width=\"604\" height=\"604\" srcset=\"https:\/\/turysta2.pttk.pl\/wp-content\/uploads\/2020\/04\/Meblarz_Sejmik_2020-1024x1024.jpg 1024w, https:\/\/turysta2.pttk.pl\/wp-content\/uploads\/2020\/04\/Meblarz_Sejmik_2020-300x300.jpg 300w, https:\/\/turysta2.pttk.pl\/wp-content\/uploads\/2020\/04\/Meblarz_Sejmik_2020-150x150.jpg 150w, https:\/\/turysta2.pttk.pl\/wp-content\/uploads\/2020\/04\/Meblarz_Sejmik_2020-768x768.jpg 768w, https:\/\/turysta2.pttk.pl\/wp-content\/uploads\/2020\/04\/Meblarz_Sejmik_2020.jpg 1403w\" sizes=\"auto, (max-width: 604px) 100vw, 604px\" \/><\/a><\/p>\n<p><a href=\"https:\/\/turysta2.pttk.pl\/wp-content\/uploads\/2020\/04\/Roman-Doma\u0144ski-scaled.jpg\"><img loading=\"lazy\" decoding=\"async\" class=\"aligncenter size-large wp-image-24423\" src=\"https:\/\/turysta2.pttk.pl\/wp-content\/uploads\/2020\/04\/Roman-Doma\u0144ski-1024x576.jpg\" alt=\"\" width=\"604\" height=\"340\" srcset=\"https:\/\/turysta2.pttk.pl\/wp-content\/uploads\/2020\/04\/Roman-Doma\u0144ski-1024x576.jpg 1024w, https:\/\/turysta2.pttk.pl\/wp-content\/uploads\/2020\/04\/Roman-Doma\u0144ski-300x169.jpg 300w, https:\/\/turysta2.pttk.pl\/wp-content\/uploads\/2020\/04\/Roman-Doma\u0144ski-768x432.jpg 768w, https:\/\/turysta2.pttk.pl\/wp-content\/uploads\/2020\/04\/Roman-Doma\u0144ski-1536x864.jpg 1536w, https:\/\/turysta2.pttk.pl\/wp-content\/uploads\/2020\/04\/Roman-Doma\u0144ski-2048x1152.jpg 2048w\" sizes=\"auto, (max-width: 604px) 100vw, 604px\" \/><\/a><\/p>\n<p><a href=\"https:\/\/turysta2.pttk.pl\/wp-content\/uploads\/2020\/04\/Piotr-Osiewicz-1-scaled.jpg\"><img loading=\"lazy\" decoding=\"async\" class=\"aligncenter size-large wp-image-24422\" src=\"https:\/\/turysta2.pttk.pl\/wp-content\/uploads\/2020\/04\/Piotr-Osiewicz-1-1024x576.jpg\" alt=\"\" width=\"604\" height=\"340\" srcset=\"https:\/\/turysta2.pttk.pl\/wp-content\/uploads\/2020\/04\/Piotr-Osiewicz-1-1024x576.jpg 1024w, https:\/\/turysta2.pttk.pl\/wp-content\/uploads\/2020\/04\/Piotr-Osiewicz-1-300x169.jpg 300w, https:\/\/turysta2.pttk.pl\/wp-content\/uploads\/2020\/04\/Piotr-Osiewicz-1-768x432.jpg 768w, https:\/\/turysta2.pttk.pl\/wp-content\/uploads\/2020\/04\/Piotr-Osiewicz-1-1536x864.jpg 1536w, https:\/\/turysta2.pttk.pl\/wp-content\/uploads\/2020\/04\/Piotr-Osiewicz-1-2048x1152.jpg 2048w\" sizes=\"auto, (max-width: 604px) 100vw, 604px\" \/><\/a><\/p>\n<p><a href=\"https:\/\/turysta2.pttk.pl\/wp-content\/uploads\/2020\/04\/Pawe\u0142-Anders-scaled.jpg\"><img loading=\"lazy\" decoding=\"async\" class=\"aligncenter size-large wp-image-24421\" src=\"https:\/\/turysta2.pttk.pl\/wp-content\/uploads\/2020\/04\/Pawe\u0142-Anders-1024x576.jpg\" alt=\"\" width=\"604\" height=\"340\" srcset=\"https:\/\/turysta2.pttk.pl\/wp-content\/uploads\/2020\/04\/Pawe\u0142-Anders-1024x576.jpg 1024w, https:\/\/turysta2.pttk.pl\/wp-content\/uploads\/2020\/04\/Pawe\u0142-Anders-300x169.jpg 300w, https:\/\/turysta2.pttk.pl\/wp-content\/uploads\/2020\/04\/Pawe\u0142-Anders-768x432.jpg 768w, https:\/\/turysta2.pttk.pl\/wp-content\/uploads\/2020\/04\/Pawe\u0142-Anders-1536x864.jpg 1536w, https:\/\/turysta2.pttk.pl\/wp-content\/uploads\/2020\/04\/Pawe\u0142-Anders-2048x1152.jpg 2048w\" sizes=\"auto, (max-width: 604px) 100vw, 604px\" \/><\/a><\/p>\n<p><a href=\"https:\/\/turysta2.pttk.pl\/wp-content\/uploads\/2020\/04\/Micha\u0142-Idczak-scaled.jpg\"><img loading=\"lazy\" decoding=\"async\" class=\"aligncenter size-large wp-image-24420\" src=\"https:\/\/turysta2.pttk.pl\/wp-content\/uploads\/2020\/04\/Micha\u0142-Idczak-1024x576.jpg\" alt=\"\" width=\"604\" height=\"340\" srcset=\"https:\/\/turysta2.pttk.pl\/wp-content\/uploads\/2020\/04\/Micha\u0142-Idczak-1024x576.jpg 1024w, https:\/\/turysta2.pttk.pl\/wp-content\/uploads\/2020\/04\/Micha\u0142-Idczak-300x169.jpg 300w, https:\/\/turysta2.pttk.pl\/wp-content\/uploads\/2020\/04\/Micha\u0142-Idczak-768x432.jpg 768w, https:\/\/turysta2.pttk.pl\/wp-content\/uploads\/2020\/04\/Micha\u0142-Idczak-1536x864.jpg 1536w, https:\/\/turysta2.pttk.pl\/wp-content\/uploads\/2020\/04\/Micha\u0142-Idczak-2048x1152.jpg 2048w\" sizes=\"auto, (max-width: 604px) 100vw, 604px\" \/><\/a><\/p>\n<p><a href=\"https:\/\/turysta2.pttk.pl\/wp-content\/uploads\/2020\/04\/Jerzy-Szoci\u0144ski-scaled.jpg\"><img loading=\"lazy\" decoding=\"async\" class=\"aligncenter size-large wp-image-24418\" src=\"https:\/\/turysta2.pttk.pl\/wp-content\/uploads\/2020\/04\/Jerzy-Szoci\u0144ski-1024x576.jpg\" alt=\"\" width=\"604\" height=\"340\" srcset=\"https:\/\/turysta2.pttk.pl\/wp-content\/uploads\/2020\/04\/Jerzy-Szoci\u0144ski-1024x576.jpg 1024w, https:\/\/turysta2.pttk.pl\/wp-content\/uploads\/2020\/04\/Jerzy-Szoci\u0144ski-300x169.jpg 300w, https:\/\/turysta2.pttk.pl\/wp-content\/uploads\/2020\/04\/Jerzy-Szoci\u0144ski-768x432.jpg 768w, https:\/\/turysta2.pttk.pl\/wp-content\/uploads\/2020\/04\/Jerzy-Szoci\u0144ski-1536x864.jpg 1536w, https:\/\/turysta2.pttk.pl\/wp-content\/uploads\/2020\/04\/Jerzy-Szoci\u0144ski-2048x1152.jpg 2048w\" sizes=\"auto, (max-width: 604px) 100vw, 604px\" \/><\/a><\/p>\n<p><a href=\"https:\/\/turysta2.pttk.pl\/wp-content\/uploads\/2020\/04\/Jerzy-Kamprowski-scaled.jpg\"><img loading=\"lazy\" decoding=\"async\" class=\"aligncenter size-large wp-image-24417\" src=\"https:\/\/turysta2.pttk.pl\/wp-content\/uploads\/2020\/04\/Jerzy-Kamprowski-1024x576.jpg\" alt=\"\" width=\"604\" height=\"340\" srcset=\"https:\/\/turysta2.pttk.pl\/wp-content\/uploads\/2020\/04\/Jerzy-Kamprowski-1024x576.jpg 1024w, https:\/\/turysta2.pttk.pl\/wp-content\/uploads\/2020\/04\/Jerzy-Kamprowski-300x169.jpg 300w, https:\/\/turysta2.pttk.pl\/wp-content\/uploads\/2020\/04\/Jerzy-Kamprowski-768x432.jpg 768w, https:\/\/turysta2.pttk.pl\/wp-content\/uploads\/2020\/04\/Jerzy-Kamprowski-1536x864.jpg 1536w, https:\/\/turysta2.pttk.pl\/wp-content\/uploads\/2020\/04\/Jerzy-Kamprowski-2048x1152.jpg 2048w\" sizes=\"auto, (max-width: 604px) 100vw, 604px\" \/><\/a><\/p>\n<p><a href=\"https:\/\/turysta2.pttk.pl\/wp-content\/uploads\/2020\/04\/Hanna-Ja\u0142ocha-1-scaled.jpg\"><img loading=\"lazy\" decoding=\"async\" class=\"aligncenter size-large wp-image-24416\" src=\"https:\/\/turysta2.pttk.pl\/wp-content\/uploads\/2020\/04\/Hanna-Ja\u0142ocha-1-1024x576.jpg\" alt=\"\" width=\"604\" height=\"340\" srcset=\"https:\/\/turysta2.pttk.pl\/wp-content\/uploads\/2020\/04\/Hanna-Ja\u0142ocha-1-1024x576.jpg 1024w, https:\/\/turysta2.pttk.pl\/wp-content\/uploads\/2020\/04\/Hanna-Ja\u0142ocha-1-300x169.jpg 300w, https:\/\/turysta2.pttk.pl\/wp-content\/uploads\/2020\/04\/Hanna-Ja\u0142ocha-1-768x432.jpg 768w, https:\/\/turysta2.pttk.pl\/wp-content\/uploads\/2020\/04\/Hanna-Ja\u0142ocha-1-1536x864.jpg 1536w, https:\/\/turysta2.pttk.pl\/wp-content\/uploads\/2020\/04\/Hanna-Ja\u0142ocha-1-2048x1152.jpg 2048w\" sizes=\"auto, (max-width: 604px) 100vw, 604px\" \/><\/a><\/p>\n<p><a href=\"https:\/\/turysta2.pttk.pl\/wp-content\/uploads\/2020\/04\/Hanna-Ja\u0142ocha-scaled.jpg\"><img loading=\"lazy\" decoding=\"async\" class=\"aligncenter size-large wp-image-24415\" src=\"https:\/\/turysta2.pttk.pl\/wp-content\/uploads\/2020\/04\/Hanna-Ja\u0142ocha-1024x576.jpg\" alt=\"\" width=\"604\" height=\"340\" srcset=\"https:\/\/turysta2.pttk.pl\/wp-content\/uploads\/2020\/04\/Hanna-Ja\u0142ocha-1024x576.jpg 1024w, https:\/\/turysta2.pttk.pl\/wp-content\/uploads\/2020\/04\/Hanna-Ja\u0142ocha-300x169.jpg 300w, https:\/\/turysta2.pttk.pl\/wp-content\/uploads\/2020\/04\/Hanna-Ja\u0142ocha-768x432.jpg 768w, https:\/\/turysta2.pttk.pl\/wp-content\/uploads\/2020\/04\/Hanna-Ja\u0142ocha-1536x864.jpg 1536w, https:\/\/turysta2.pttk.pl\/wp-content\/uploads\/2020\/04\/Hanna-Ja\u0142ocha-2048x1152.jpg 2048w\" sizes=\"auto, (max-width: 604px) 100vw, 604px\" \/><\/a><\/p>\n<p><a href=\"https:\/\/turysta2.pttk.pl\/wp-content\/uploads\/2020\/04\/Grzegorz-Taterka-scaled.jpg\"><img loading=\"lazy\" decoding=\"async\" class=\"aligncenter size-large wp-image-24414\" src=\"https:\/\/turysta2.pttk.pl\/wp-content\/uploads\/2020\/04\/Grzegorz-Taterka-1024x576.jpg\" alt=\"\" width=\"604\" height=\"340\" srcset=\"https:\/\/turysta2.pttk.pl\/wp-content\/uploads\/2020\/04\/Grzegorz-Taterka-1024x576.jpg 1024w, https:\/\/turysta2.pttk.pl\/wp-content\/uploads\/2020\/04\/Grzegorz-Taterka-300x169.jpg 300w, https:\/\/turysta2.pttk.pl\/wp-content\/uploads\/2020\/04\/Grzegorz-Taterka-768x432.jpg 768w, https:\/\/turysta2.pttk.pl\/wp-content\/uploads\/2020\/04\/Grzegorz-Taterka-1536x864.jpg 1536w, https:\/\/turysta2.pttk.pl\/wp-content\/uploads\/2020\/04\/Grzegorz-Taterka-2048x1152.jpg 2048w\" sizes=\"auto, (max-width: 604px) 100vw, 604px\" \/><\/a><\/p>\n<p><a href=\"https:\/\/turysta2.pttk.pl\/wp-content\/uploads\/2020\/04\/Barbara-Czachura-scaled.jpg\"><img loading=\"lazy\" decoding=\"async\" class=\"aligncenter size-large wp-image-24413\" src=\"https:\/\/turysta2.pttk.pl\/wp-content\/uploads\/2020\/04\/Barbara-Czachura-1024x576.jpg\" alt=\"\" width=\"604\" height=\"340\" srcset=\"https:\/\/turysta2.pttk.pl\/wp-content\/uploads\/2020\/04\/Barbara-Czachura-1024x576.jpg 1024w, https:\/\/turysta2.pttk.pl\/wp-content\/uploads\/2020\/04\/Barbara-Czachura-300x169.jpg 300w, https:\/\/turysta2.pttk.pl\/wp-content\/uploads\/2020\/04\/Barbara-Czachura-768x432.jpg 768w, https:\/\/turysta2.pttk.pl\/wp-content\/uploads\/2020\/04\/Barbara-Czachura-1536x864.jpg 1536w, https:\/\/turysta2.pttk.pl\/wp-content\/uploads\/2020\/04\/Barbara-Czachura-2048x1152.jpg 2048w\" sizes=\"auto, (max-width: 604px) 100vw, 604px\" \/><\/a><\/p>\n<p><a href=\"https:\/\/turysta2.pttk.pl\/wp-content\/uploads\/2020\/04\/Andrzej-Kudlaszyk-scaled.jpg\"><img loading=\"lazy\" decoding=\"async\" class=\"aligncenter size-large wp-image-24412\" src=\"https:\/\/turysta2.pttk.pl\/wp-content\/uploads\/2020\/04\/Andrzej-Kudlaszyk-1024x576.jpg\" alt=\"\" width=\"604\" height=\"340\" srcset=\"https:\/\/turysta2.pttk.pl\/wp-content\/uploads\/2020\/04\/Andrzej-Kudlaszyk-1024x576.jpg 1024w, https:\/\/turysta2.pttk.pl\/wp-content\/uploads\/2020\/04\/Andrzej-Kudlaszyk-300x169.jpg 300w, https:\/\/turysta2.pttk.pl\/wp-content\/uploads\/2020\/04\/Andrzej-Kudlaszyk-768x432.jpg 768w, https:\/\/turysta2.pttk.pl\/wp-content\/uploads\/2020\/04\/Andrzej-Kudlaszyk-1536x864.jpg 1536w, https:\/\/turysta2.pttk.pl\/wp-content\/uploads\/2020\/04\/Andrzej-Kudlaszyk-2048x1152.jpg 2048w\" sizes=\"auto, (max-width: 604px) 100vw, 604px\" \/><\/a><\/p>\n<p><a href=\"https:\/\/turysta2.pttk.pl\/wp-content\/uploads\/2020\/04\/Aleksandra-Staszak-scaled.jpg\"><img loading=\"lazy\" decoding=\"async\" class=\"aligncenter size-large wp-image-24410\" src=\"https:\/\/turysta2.pttk.pl\/wp-content\/uploads\/2020\/04\/Aleksandra-Staszak-1024x576.jpg\" alt=\"\" width=\"604\" height=\"340\" srcset=\"https:\/\/turysta2.pttk.pl\/wp-content\/uploads\/2020\/04\/Aleksandra-Staszak-1024x576.jpg 1024w, https:\/\/turysta2.pttk.pl\/wp-content\/uploads\/2020\/04\/Aleksandra-Staszak-300x169.jpg 300w, https:\/\/turysta2.pttk.pl\/wp-content\/uploads\/2020\/04\/Aleksandra-Staszak-768x432.jpg 768w, https:\/\/turysta2.pttk.pl\/wp-content\/uploads\/2020\/04\/Aleksandra-Staszak-1536x864.jpg 1536w, https:\/\/turysta2.pttk.pl\/wp-content\/uploads\/2020\/04\/Aleksandra-Staszak-2048x1152.jpg 2048w\" sizes=\"auto, (max-width: 604px) 100vw, 604px\" \/><\/a><\/p>\n<p><a href=\"https:\/\/turysta2.pttk.pl\/wp-content\/uploads\/2020\/04\/Tomasz-Kujaczy\u0144ski-scaled.jpg\"><img loading=\"lazy\" decoding=\"async\" class=\"aligncenter size-large wp-image-24425\" src=\"https:\/\/turysta2.pttk.pl\/wp-content\/uploads\/2020\/04\/Tomasz-Kujaczy\u0144ski-1024x576.jpg\" alt=\"\" width=\"604\" height=\"340\" srcset=\"https:\/\/turysta2.pttk.pl\/wp-content\/uploads\/2020\/04\/Tomasz-Kujaczy\u0144ski-1024x576.jpg 1024w, https:\/\/turysta2.pttk.pl\/wp-content\/uploads\/2020\/04\/Tomasz-Kujaczy\u0144ski-300x169.jpg 300w, https:\/\/turysta2.pttk.pl\/wp-content\/uploads\/2020\/04\/Tomasz-Kujaczy\u0144ski-768x432.jpg 768w, https:\/\/turysta2.pttk.pl\/wp-content\/uploads\/2020\/04\/Tomasz-Kujaczy\u0144ski-1536x864.jpg 1536w, https:\/\/turysta2.pttk.pl\/wp-content\/uploads\/2020\/04\/Tomasz-Kujaczy\u0144ski-2048x1152.jpg 2048w\" sizes=\"auto, (max-width: 604px) 100vw, 604px\" \/><\/a><\/p>\n","protected":false},"excerpt":{"rendered":"W Swarz\u0119dzkim Centrum Historii i Sztuki (SCHiS) odby\u0142 si\u0119 Wielkopolski Przedkongresowy Sejmik Krajoznawczy, organizowany przez Oddzia\u0142 PTTK \u201eMeblarz\u201d. Sw\u00f3j akces zg\u0142osi\u0142o prawie pi\u0119\u0107dziesi\u0119ciu uczestnik\u00f3w z terenu Wielkopolski i innych region\u00f3w. stycze\u0144-marzec\/1(1)2020 W prowadzonych przeze mnie 29 lutego 2020 obradach, wzi\u0119li udzia\u0142 tak\u017ce zaproszeni go\u015bcie: Zast\u0119pca Burmistrza Miasta i Gminy Grzegorz Taterka oraz przewodnicz\u0105ca Rady Miejskiej Barbara Czachura. W swych wyst\u0105pieniach&nbsp;<a href=\"https:\/\/turysta2.pttk.pl\/?p=24403\" class=\"read-more\">Continue Reading<\/a>","protected":false},"author":4,"featured_media":24416,"comment_status":"closed","ping_status":"closed","sticky":false,"template":"","format":"standard","meta":{"footnotes":""},"categories":[78],"tags":[],"class_list":["post-24403","post","type-post","status-publish","format-standard","has-post-thumbnail","hentry","category-konferencje-szkolenia","cat-78-id"],"aioseo_notices":[],"_links":{"self":[{"href":"https:\/\/turysta2.pttk.pl\/index.php?rest_route=\/wp\/v2\/posts\/24403","targetHints":{"allow":["GET"]}}],"collection":[{"href":"https:\/\/turysta2.pttk.pl\/index.php?rest_route=\/wp\/v2\/posts"}],"about":[{"href":"https:\/\/turysta2.pttk.pl\/index.php?rest_route=\/wp\/v2\/types\/post"}],"author":[{"embeddable":true,"href":"https:\/\/turysta2.pttk.pl\/index.php?rest_route=\/wp\/v2\/users\/4"}],"replies":[{"embeddable":true,"href":"https:\/\/turysta2.pttk.pl\/index.php?rest_route=%2Fwp%2Fv2%2Fcomments&post=24403"}],"version-history":[{"count":8,"href":"https:\/\/turysta2.pttk.pl\/index.php?rest_route=\/wp\/v2\/posts\/24403\/revisions"}],"predecessor-version":[{"id":25313,"href":"https:\/\/turysta2.pttk.pl\/index.php?rest_route=\/wp\/v2\/posts\/24403\/revisions\/25313"}],"wp:featuredmedia":[{"embeddable":true,"href":"https:\/\/turysta2.pttk.pl\/index.php?rest_route=\/wp\/v2\/media\/24416"}],"wp:attachment":[{"href":"https:\/\/turysta2.pttk.pl\/index.php?rest_route=%2Fwp%2Fv2%2Fmedia&parent=24403"}],"wp:term":[{"taxonomy":"category","embeddable":true,"href":"https:\/\/turysta2.pttk.pl\/index.php?rest_route=%2Fwp%2Fv2%2Fcategories&post=24403"},{"taxonomy":"post_tag","embeddable":true,"href":"https:\/\/turysta2.pttk.pl\/index.php?rest_route=%2Fwp%2Fv2%2Ftags&post=24403"}],"curies":[{"name":"wp","href":"https:\/\/api.w.org\/{rel}","templated":true}]}}