{"id":24392,"date":"2020-04-30T09:17:42","date_gmt":"2020-04-30T07:17:42","guid":{"rendered":"https:\/\/turysta2.pttk.pl\/?p=24392"},"modified":"2023-03-27T11:40:05","modified_gmt":"2023-03-27T09:40:05","slug":"xi-rajd-pieszy-im-kpt-pawla-cymsa","status":"publish","type":"post","link":"https:\/\/turysta2.pttk.pl\/?p=24392","title":{"rendered":"XI Rajd Pieszy im. kapitana Paw\u0142a Cymsa"},"content":{"rendered":"<p><strong>Blisko 230 uczestnik\u00f3w pieszych, przedstawicieli szk\u00f3\u0142 podstawowych oraz turyst\u00f3w indywidualnych uczestniczy\u0142o w XI Rajdzie im. kpt. Paw\u0142a Cymsa, zorganizowanym przez inowroc\u0142awski Oddzia\u0142 PTTK 21 wrze\u015bnia 2019 roku we wsp\u00f3\u0142pracy z O\u015brodkiem Kultury i Turystyki w Pako\u015bci, 2 Pu\u0142kiem In\u017cynieryjnym z Inowroc\u0142awia, Ko\u0142em nr 11 Stowarzyszenia Saper\u00f3w Polskich oraz Zarz\u0105dem Wojew\u00f3dztwa Kujawsko-Pomorskiego.<\/strong><\/p>\n<pre>stycze\u0144-marzec\/1(1)2020<\/pre>\n<p>W imprezie wzi\u0119\u0142y udzia\u0142: Szko\u0142a Podstawowa nr 1, Szko\u0142a Podstawowa nr 4, Szko\u0142a Podstawowa nr 2, Szko\u0142a Podstawowa nr 6, Szko\u0142a Podstawowa nr 8, Szko\u0142a Podstawowa nr 11, Szko\u0142a Podstawowa Integracyjna, Szko\u0142a Podstawowa \u201eJagiellonka\u201d, Szko\u0142a Podstawowa w Z\u0142otnikach Kujawskich, Szko\u0142a Podstawowa w Jaksicach oraz O\u015brodek Wsparcia Dziecka i Rodziny z Inowroc\u0142awia. Patronem rajdu by\u0142 kapitan Pawe\u0142 Cyms, uczestnik Powstania Wielkopolskiego i III Powstania \u015al\u0105skiego, oswobodziciel Inowroc\u0142awia z 6 stycznia 1919 roku, cz\u0142owiek, kt\u00f3ry swoj\u0105 heroiczn\u0105 postaw\u0105 da\u0142 przyk\u0142ad bohaterstwa i oddania ojczy\u017anie.<\/p>\n<p>Uczestnicy rajdu przeszli tras\u0119 Piechcin \u2013 Pako\u015b\u0107, gdzie na miejscu zostali oprowadzeni przez przewodnika po miejscowych zabytkach oraz obejrzeli film o historii Kalwarii Pakoskiej. Zako\u0144czenie rajdu odby\u0142o si\u0119 dzi\u0119ki uprzejmo\u015bci burmistrza Pako\u015bci Zygmunta Gronia oraz dyrekcji i pracownik\u00f3w O\u015brodka Kultury i Turystyki w Pako\u015bci, kt\u00f3rzy swoj\u0105 prac\u0105 i wielkim oddaniem bardzo aktywnie w\u0142\u0105czyli si\u0119 w przygotowanie i przeprowadzenie wydarzenia.<\/p>\n<p>Podczas rajdu zosta\u0142 przeprowadzony konkurs wiedzy o kpt. Pawle Cymsie oraz konkursy sportowe i zr\u0119czno\u015bciowe dla m\u0142odszych dzieci. Na zwyci\u0119zc\u00f3w czeka\u0142y dyplomy i\u00a0atrakcyjne nagrody w formie kompas\u00f3w, publikacji ksi\u0105\u017ckowych i gad\u017cet\u00f3w. Wyr\u00f3\u017cnienia wr\u0119czali: Zygmunt Gro\u0144 - burmistrz Pako\u015bci, Magdalena \u0141o\u015bko \u2013 wiceprzewodnicz\u0105ca Rady Miejskiej Inowroc\u0142awia, Sebastian Witkowski - dyrektor O\u015brodka Kultury i Turystyki, Andrzej Dargacz \u2013 prezes PTTK Inowroc\u0142aw, Rados\u0142aw Balmowski \u2013 wiceprezes PTTK Inowroc\u0142aw oraz Lech Murawski \u2013 prezes Ko\u0142a nr 7 Z\u017bWP. Dodatkowo, jako wyraz szczeg\u00f3lnego uznania za pomoc i\u00a0wsp\u00f3\u0142dzia\u0142anie, zosta\u0142y wr\u0119czone Dyplomy Honorowe PTTK, dla Magdaleny \u0141o\u015bko oraz wnuka kapitana Cymsa, Rafa\u0142a Cymsa, przyznane przez Zarz\u0105d G\u0142\u00f3wny PTTK. Dla najliczniejszej grupy rajdowej zosta\u0142 ufundowany puchar przez Prezesa Z\u017bWP ko\u0142o nr 7 w\u00a0Inowroc\u0142awiu, Lecha Murawskiego, kt\u00f3ry otrzyma\u0142a Szko\u0142a Podstawowa nr 4.<\/p>\n<p>Do zobaczenia na kolejnym, w\u0119drownym szlaku....<\/p>\n<p>Andrzej Dragacz<\/p>\n<p><a href=\"https:\/\/turysta2.pttk.pl\/wp-content\/uploads\/2020\/04\/135-IMG_3381.jpg\"><img loading=\"lazy\" decoding=\"async\" class=\"aligncenter size-large wp-image-24397\" src=\"https:\/\/turysta2.pttk.pl\/wp-content\/uploads\/2020\/04\/135-IMG_3381-1024x683.jpg\" alt=\"\" width=\"604\" height=\"403\" srcset=\"https:\/\/turysta2.pttk.pl\/wp-content\/uploads\/2020\/04\/135-IMG_3381-1024x683.jpg 1024w, https:\/\/turysta2.pttk.pl\/wp-content\/uploads\/2020\/04\/135-IMG_3381-300x200.jpg 300w, https:\/\/turysta2.pttk.pl\/wp-content\/uploads\/2020\/04\/135-IMG_3381-768x512.jpg 768w, https:\/\/turysta2.pttk.pl\/wp-content\/uploads\/2020\/04\/135-IMG_3381-1536x1024.jpg 1536w, https:\/\/turysta2.pttk.pl\/wp-content\/uploads\/2020\/04\/135-IMG_3381.jpg 1800w\" sizes=\"auto, (max-width: 604px) 100vw, 604px\" \/><\/a><\/p>\n<p><a href=\"https:\/\/turysta2.pttk.pl\/wp-content\/uploads\/2020\/04\/114-IMG_3353.jpg\"><img loading=\"lazy\" decoding=\"async\" class=\"aligncenter size-large wp-image-24396\" src=\"https:\/\/turysta2.pttk.pl\/wp-content\/uploads\/2020\/04\/114-IMG_3353-1024x683.jpg\" alt=\"\" width=\"604\" height=\"403\" srcset=\"https:\/\/turysta2.pttk.pl\/wp-content\/uploads\/2020\/04\/114-IMG_3353-1024x683.jpg 1024w, https:\/\/turysta2.pttk.pl\/wp-content\/uploads\/2020\/04\/114-IMG_3353-300x200.jpg 300w, https:\/\/turysta2.pttk.pl\/wp-content\/uploads\/2020\/04\/114-IMG_3353-768x512.jpg 768w, https:\/\/turysta2.pttk.pl\/wp-content\/uploads\/2020\/04\/114-IMG_3353-1536x1024.jpg 1536w, https:\/\/turysta2.pttk.pl\/wp-content\/uploads\/2020\/04\/114-IMG_3353.jpg 1800w\" sizes=\"auto, (max-width: 604px) 100vw, 604px\" \/><\/a><\/p>\n<p><a href=\"https:\/\/turysta2.pttk.pl\/wp-content\/uploads\/2020\/04\/113-IMG_3352.jpg\"><img loading=\"lazy\" decoding=\"async\" class=\"aligncenter size-large wp-image-24395\" src=\"https:\/\/turysta2.pttk.pl\/wp-content\/uploads\/2020\/04\/113-IMG_3352-1024x683.jpg\" alt=\"\" width=\"604\" height=\"403\" srcset=\"https:\/\/turysta2.pttk.pl\/wp-content\/uploads\/2020\/04\/113-IMG_3352-1024x683.jpg 1024w, https:\/\/turysta2.pttk.pl\/wp-content\/uploads\/2020\/04\/113-IMG_3352-300x200.jpg 300w, https:\/\/turysta2.pttk.pl\/wp-content\/uploads\/2020\/04\/113-IMG_3352-768x512.jpg 768w, https:\/\/turysta2.pttk.pl\/wp-content\/uploads\/2020\/04\/113-IMG_3352-1536x1024.jpg 1536w, https:\/\/turysta2.pttk.pl\/wp-content\/uploads\/2020\/04\/113-IMG_3352.jpg 1800w\" sizes=\"auto, (max-width: 604px) 100vw, 604px\" \/><\/a><\/p>\n<p><a href=\"https:\/\/turysta2.pttk.pl\/wp-content\/uploads\/2020\/04\/096-IMG_3331-2.jpg\"><img loading=\"lazy\" decoding=\"async\" class=\"aligncenter size-large wp-image-24394\" src=\"https:\/\/turysta2.pttk.pl\/wp-content\/uploads\/2020\/04\/096-IMG_3331-2-1024x683.jpg\" alt=\"\" width=\"604\" height=\"403\" srcset=\"https:\/\/turysta2.pttk.pl\/wp-content\/uploads\/2020\/04\/096-IMG_3331-2-1024x683.jpg 1024w, https:\/\/turysta2.pttk.pl\/wp-content\/uploads\/2020\/04\/096-IMG_3331-2-300x200.jpg 300w, https:\/\/turysta2.pttk.pl\/wp-content\/uploads\/2020\/04\/096-IMG_3331-2-768x512.jpg 768w, https:\/\/turysta2.pttk.pl\/wp-content\/uploads\/2020\/04\/096-IMG_3331-2-1536x1024.jpg 1536w, https:\/\/turysta2.pttk.pl\/wp-content\/uploads\/2020\/04\/096-IMG_3331-2.jpg 1800w\" sizes=\"auto, (max-width: 604px) 100vw, 604px\" \/><\/a><\/p>\n<p><a href=\"https:\/\/turysta2.pttk.pl\/wp-content\/uploads\/2020\/04\/084-IMG_3316.jpg\"><img loading=\"lazy\" decoding=\"async\" class=\"aligncenter size-large wp-image-24393\" src=\"https:\/\/turysta2.pttk.pl\/wp-content\/uploads\/2020\/04\/084-IMG_3316-1024x683.jpg\" alt=\"\" width=\"604\" height=\"403\" srcset=\"https:\/\/turysta2.pttk.pl\/wp-content\/uploads\/2020\/04\/084-IMG_3316-1024x683.jpg 1024w, https:\/\/turysta2.pttk.pl\/wp-content\/uploads\/2020\/04\/084-IMG_3316-300x200.jpg 300w, https:\/\/turysta2.pttk.pl\/wp-content\/uploads\/2020\/04\/084-IMG_3316-768x512.jpg 768w, https:\/\/turysta2.pttk.pl\/wp-content\/uploads\/2020\/04\/084-IMG_3316-1536x1024.jpg 1536w, https:\/\/turysta2.pttk.pl\/wp-content\/uploads\/2020\/04\/084-IMG_3316.jpg 1800w\" sizes=\"auto, (max-width: 604px) 100vw, 604px\" \/><\/a><\/p>\n","protected":false},"excerpt":{"rendered":"Blisko 230 uczestnik\u00f3w pieszych, przedstawicieli szk\u00f3\u0142 podstawowych oraz turyst\u00f3w indywidualnych uczestniczy\u0142o w XI Rajdzie im. kpt. Paw\u0142a Cymsa, zorganizowanym przez inowroc\u0142awski Oddzia\u0142 PTTK 21 wrze\u015bnia 2019 roku we wsp\u00f3\u0142pracy z O\u015brodkiem Kultury i Turystyki w Pako\u015bci, 2 Pu\u0142kiem In\u017cynieryjnym z Inowroc\u0142awia, Ko\u0142em nr 11 Stowarzyszenia Saper\u00f3w Polskich oraz Zarz\u0105dem Wojew\u00f3dztwa Kujawsko-Pomorskiego. stycze\u0144-marzec\/1(1)2020 W imprezie wzi\u0119\u0142y udzia\u0142: Szko\u0142a Podstawowa nr 1,&nbsp;<a href=\"https:\/\/turysta2.pttk.pl\/?p=24392\" class=\"read-more\">Continue Reading<\/a>","protected":false},"author":4,"featured_media":24394,"comment_status":"closed","ping_status":"closed","sticky":false,"template":"","format":"standard","meta":{"footnotes":""},"categories":[68],"tags":[],"class_list":["post-24392","post","type-post","status-publish","format-standard","has-post-thumbnail","hentry","category-turystyka-piesza","cat-68-id"],"aioseo_notices":[],"_links":{"self":[{"href":"https:\/\/turysta2.pttk.pl\/index.php?rest_route=\/wp\/v2\/posts\/24392","targetHints":{"allow":["GET"]}}],"collection":[{"href":"https:\/\/turysta2.pttk.pl\/index.php?rest_route=\/wp\/v2\/posts"}],"about":[{"href":"https:\/\/turysta2.pttk.pl\/index.php?rest_route=\/wp\/v2\/types\/post"}],"author":[{"embeddable":true,"href":"https:\/\/turysta2.pttk.pl\/index.php?rest_route=\/wp\/v2\/users\/4"}],"replies":[{"embeddable":true,"href":"https:\/\/turysta2.pttk.pl\/index.php?rest_route=%2Fwp%2Fv2%2Fcomments&post=24392"}],"version-history":[{"count":6,"href":"https:\/\/turysta2.pttk.pl\/index.php?rest_route=\/wp\/v2\/posts\/24392\/revisions"}],"predecessor-version":[{"id":25315,"href":"https:\/\/turysta2.pttk.pl\/index.php?rest_route=\/wp\/v2\/posts\/24392\/revisions\/25315"}],"wp:featuredmedia":[{"embeddable":true,"href":"https:\/\/turysta2.pttk.pl\/index.php?rest_route=\/wp\/v2\/media\/24394"}],"wp:attachment":[{"href":"https:\/\/turysta2.pttk.pl\/index.php?rest_route=%2Fwp%2Fv2%2Fmedia&parent=24392"}],"wp:term":[{"taxonomy":"category","embeddable":true,"href":"https:\/\/turysta2.pttk.pl\/index.php?rest_route=%2Fwp%2Fv2%2Fcategories&post=24392"},{"taxonomy":"post_tag","embeddable":true,"href":"https:\/\/turysta2.pttk.pl\/index.php?rest_route=%2Fwp%2Fv2%2Ftags&post=24392"}],"curies":[{"name":"wp","href":"https:\/\/api.w.org\/{rel}","templated":true}]}}