{"id":24376,"date":"2020-04-30T09:14:02","date_gmt":"2020-04-30T07:14:02","guid":{"rendered":"https:\/\/turysta2.pttk.pl\/?p=24376"},"modified":"2023-03-27T11:40:05","modified_gmt":"2023-03-27T09:40:05","slug":"rajd-w-holdzie-powstancom-styczniowym","status":"publish","type":"post","link":"https:\/\/turysta2.pttk.pl\/?p=24376","title":{"rendered":"Rajd w ho\u0142dzie powsta\u0144com styczniowym"},"content":{"rendered":"<p><strong>W celu przypomnienia najwi\u0119kszego w XIX wieku zrywu patriotycznego Polak\u00f3w, Oddzia\u0142 PTTK w \u017barnowie oraz Urz\u0105d Gminy w Aleksandrowie wraz z lokalnymi szko\u0142ami, zorganizowali po raz kolejny uroczysty rajd i 1 lutego 2020 roku rozpocz\u0119li wsp\u00f3lne patriotyczne w\u0119drowanie.<\/strong><\/p>\n<pre>stycze\u0144-marzec\/1(1)2020<\/pre>\n<p>Trasa zacz\u0119\u0142a si\u0119 w miejscowo\u015bci Klew, poprzez Brzezie, Wac\u0142aw\u00f3w do Skotnik, gdzie w miejscowej szkole odby\u0142o si\u0119 jego uroczyste zako\u0144czenie. Do przej\u015bcia by\u0142o 8 kilometr\u00f3w, a\u00a0na starcie pojawi\u0142y si\u0119 dru\u017cyny szkolne z\u00a0Aleksandrowa, D\u0105browy nad Czarn\u0105, Przedborza, Skotnik i \u017barnowa oraz grupa pa\u0144 z Ko\u0142a Gospody\u0144 Wiejskich \"Nad Czarn\u0105\" w\u00a0Sk\u00f3rkowicach i tury\u015bci indywidualni z Piotrkowa Trybunalskiego, Skar\u017cyska Kamiennej i\u00a0Ko\u0144skich.<\/p>\n<p>Mimo zimowego miesi\u0105ca, pogoda dopisywa\u0142a uczestnikom. Ju\u017c na starcie wszyscy otrzymali pami\u0105tkowe plakietki, przedstawiaj\u0105ce stroje powsta\u0144c\u00f3w styczniowych. Po kr\u00f3tkiej pogadance, tury\u015bci ustawili si\u0119 do wsp\u00f3lnego zdj\u0119cia i\u00a0wyruszyli na tras\u0119. Nad bezpiecze\u0144stwem w\u0119druj\u0105cych, opr\u00f3cz nauczycieli czuwali stra\u017cacy z Ochotniczej Stra\u017cy Po\u017carnej. Po dotarciu do szko\u0142y w Skotnikach, na rajdowc\u00f3w czeka\u0142a niespodzianka: prezentacja broni u\u017cywanej przez powsta\u0144c\u00f3w, wystrza\u0142y z armaty i pogadanka wprowadzaj\u0105ca w atmosfer\u0119 tamtych dni. By\u0142o to dzie\u0142em grupy rekonstrukcji historycznej \"Patrioci i\u00a0fabrykanci Staropolskiego Zag\u0142\u0119bia Przemys\u0142owego\", dzia\u0142aj\u0105cej przy zabytkowym zak\u0142adzie hutniczym w Male\u0144cu, z\u00a0inicjatywy dyrektora Macieja Ch\u0142opka. Pokaz cieszy\u0142 si\u0119 du\u017cym zainteresowaniem, mia\u0142 r\u00f3wnie\u017c walory edukacyjne.<\/p>\n<p>W cz\u0119\u015bci oficjalnej, dyrektor szko\u0142y w Skotnikach oraz W\u0142odzimierz Szafi\u0144ski powitali go\u015bci i\u00a0uczestnik\u00f3w. Szko\u0142a przygotowa\u0142a okoliczno\u015bciow\u0105 dekoracj\u0119 i\u00a0ciekawy program artystyczny o tematyce patriotycznej. By\u0142a te\u017c okazja, by podzi\u0119kowa\u0107 plac\u00f3wce za pomoc i\u00a0zaanga\u017cowanie. Na wniosek zarz\u0105du O\/PTTK w\u00a0\u017barnowie, zosta\u0142a odznaczona przez Zarz\u0105d G\u0142\u00f3wny w\u00a0Warszawie medalem PTTK za pomoc i wsp\u00f3\u0142dzia\u0142anie. Wieloletnia opiekunka szkolnego ko\u0142a turystyczno \u2013 krajoznawczego Anna Jaruga, otrzyma\u0142a Br\u0105zow\u0105 Honorow\u0105 Odznak\u0119 PTTK, Lilii Fidelus z \u017barnowa wr\u0119czono Br\u0105zow\u0105 Odznak\u0119: \u201eZas\u0142u\u017cony w pracy PTTK w\u015br\u00f3d m\u0142odzie\u017cy\". Zgromadzeni mogli obejrze\u0107 prelekcj\u0119 multimedialn\u0105 pt: Pami\u0119\u0107 o\u00a0Powstaniu Styczniowym w dzia\u0142aniach Oddzia\u0142u PTTK w\u00a0\u017barnowie oraz wys\u0142ucha\u0107 pogadanki o powstaniu styczniowym, wyg\u0142oszonej przez Przemys\u0142awa Ciszewskiego. Zgodnie z regulaminem rajdu, odby\u0142 si\u0119 te\u017c konkurs historyczny, do kt\u00f3rego zg\u0142osi\u0142o si\u0119 og\u00f3\u0142em 12 uczni\u00f3w. Najlepszymi okazali si\u0119: Krystian Dzitkowski (I miejsce) i Rafa\u0142 Kob\u0119dza (II miejsce), obaj ze Szko\u0142y Podstawowej w\u00a0Skotnikach oraz Pawe\u0142 \u0141\u0119cki ( III miejsce) ze Szko\u0142y Podstawowej w Aleksandrowie. Laureaci konkursu otrzymali cenne nagrody ksi\u0105\u017ckowe, ufundowane przez w\u00f3jta gminy Aleksandr\u00f3w Paw\u0142a Mamrota.<br \/>\nGodnym odnotowania jest fakt, i\u017c w tegorocznej edycji Rajdu Szlakiem Powstania Styczniowego wzi\u0119\u0142o udzia\u0142 168 os\u00f3b.<\/p>\n<p>W\u0142odzimierz Szafi\u0144ski<\/p>\n<p><a href=\"https:\/\/turysta2.pttk.pl\/wp-content\/uploads\/2020\/04\/Rajd.jpg\"><img loading=\"lazy\" decoding=\"async\" class=\"aligncenter size-full wp-image-24380\" src=\"https:\/\/turysta2.pttk.pl\/wp-content\/uploads\/2020\/04\/Rajd.jpg\" alt=\"\" width=\"354\" height=\"354\" srcset=\"https:\/\/turysta2.pttk.pl\/wp-content\/uploads\/2020\/04\/Rajd.jpg 354w, https:\/\/turysta2.pttk.pl\/wp-content\/uploads\/2020\/04\/Rajd-300x300.jpg 300w, https:\/\/turysta2.pttk.pl\/wp-content\/uploads\/2020\/04\/Rajd-150x150.jpg 150w\" sizes=\"auto, (max-width: 354px) 100vw, 354px\" \/><\/a><\/p>\n<p><a href=\"https:\/\/turysta2.pttk.pl\/wp-content\/uploads\/2020\/04\/84353490_2879752578750214_4278461062371606528_o.jpg\"><img loading=\"lazy\" decoding=\"async\" class=\"aligncenter size-large wp-image-24379\" src=\"https:\/\/turysta2.pttk.pl\/wp-content\/uploads\/2020\/04\/84353490_2879752578750214_4278461062371606528_o-1024x576.jpg\" alt=\"\" width=\"604\" height=\"340\" srcset=\"https:\/\/turysta2.pttk.pl\/wp-content\/uploads\/2020\/04\/84353490_2879752578750214_4278461062371606528_o-1024x576.jpg 1024w, https:\/\/turysta2.pttk.pl\/wp-content\/uploads\/2020\/04\/84353490_2879752578750214_4278461062371606528_o-300x169.jpg 300w, https:\/\/turysta2.pttk.pl\/wp-content\/uploads\/2020\/04\/84353490_2879752578750214_4278461062371606528_o-768x432.jpg 768w, https:\/\/turysta2.pttk.pl\/wp-content\/uploads\/2020\/04\/84353490_2879752578750214_4278461062371606528_o-1536x864.jpg 1536w, https:\/\/turysta2.pttk.pl\/wp-content\/uploads\/2020\/04\/84353490_2879752578750214_4278461062371606528_o.jpg 1661w\" sizes=\"auto, (max-width: 604px) 100vw, 604px\" \/><\/a><\/p>\n<p><a href=\"https:\/\/turysta2.pttk.pl\/wp-content\/uploads\/2020\/04\/83779415_2879753928750079_4367087566495678464_o.jpg\"><img loading=\"lazy\" decoding=\"async\" class=\"aligncenter size-large wp-image-24378\" src=\"https:\/\/turysta2.pttk.pl\/wp-content\/uploads\/2020\/04\/83779415_2879753928750079_4367087566495678464_o-1024x768.jpg\" alt=\"\" width=\"604\" height=\"453\" srcset=\"https:\/\/turysta2.pttk.pl\/wp-content\/uploads\/2020\/04\/83779415_2879753928750079_4367087566495678464_o-1024x768.jpg 1024w, https:\/\/turysta2.pttk.pl\/wp-content\/uploads\/2020\/04\/83779415_2879753928750079_4367087566495678464_o-300x225.jpg 300w, https:\/\/turysta2.pttk.pl\/wp-content\/uploads\/2020\/04\/83779415_2879753928750079_4367087566495678464_o-768x576.jpg 768w, https:\/\/turysta2.pttk.pl\/wp-content\/uploads\/2020\/04\/83779415_2879753928750079_4367087566495678464_o-1536x1152.jpg 1536w, https:\/\/turysta2.pttk.pl\/wp-content\/uploads\/2020\/04\/83779415_2879753928750079_4367087566495678464_o-200x150.jpg 200w, https:\/\/turysta2.pttk.pl\/wp-content\/uploads\/2020\/04\/83779415_2879753928750079_4367087566495678464_o.jpg 1728w\" sizes=\"auto, (max-width: 604px) 100vw, 604px\" \/><\/a><\/p>\n<p><a href=\"https:\/\/turysta2.pttk.pl\/wp-content\/uploads\/2020\/04\/83492582_2879752225416916_712375576500895744_o.jpg\"><img loading=\"lazy\" decoding=\"async\" class=\"aligncenter size-large wp-image-24377\" src=\"https:\/\/turysta2.pttk.pl\/wp-content\/uploads\/2020\/04\/83492582_2879752225416916_712375576500895744_o-1024x768.jpg\" alt=\"\" width=\"604\" height=\"453\" srcset=\"https:\/\/turysta2.pttk.pl\/wp-content\/uploads\/2020\/04\/83492582_2879752225416916_712375576500895744_o-1024x768.jpg 1024w, https:\/\/turysta2.pttk.pl\/wp-content\/uploads\/2020\/04\/83492582_2879752225416916_712375576500895744_o-300x225.jpg 300w, https:\/\/turysta2.pttk.pl\/wp-content\/uploads\/2020\/04\/83492582_2879752225416916_712375576500895744_o-768x576.jpg 768w, https:\/\/turysta2.pttk.pl\/wp-content\/uploads\/2020\/04\/83492582_2879752225416916_712375576500895744_o-1536x1152.jpg 1536w, https:\/\/turysta2.pttk.pl\/wp-content\/uploads\/2020\/04\/83492582_2879752225416916_712375576500895744_o-200x150.jpg 200w, https:\/\/turysta2.pttk.pl\/wp-content\/uploads\/2020\/04\/83492582_2879752225416916_712375576500895744_o.jpg 2007w\" sizes=\"auto, (max-width: 604px) 100vw, 604px\" \/><\/a><\/p>\n","protected":false},"excerpt":{"rendered":"W celu przypomnienia najwi\u0119kszego w XIX wieku zrywu patriotycznego Polak\u00f3w, Oddzia\u0142 PTTK w \u017barnowie oraz Urz\u0105d Gminy w Aleksandrowie wraz z lokalnymi szko\u0142ami, zorganizowali po raz kolejny uroczysty rajd i 1 lutego 2020 roku rozpocz\u0119li wsp\u00f3lne patriotyczne w\u0119drowanie. stycze\u0144-marzec\/1(1)2020 Trasa zacz\u0119\u0142a si\u0119 w miejscowo\u015bci Klew, poprzez Brzezie, Wac\u0142aw\u00f3w do Skotnik, gdzie w miejscowej szkole odby\u0142o si\u0119 jego uroczyste zako\u0144czenie. Do&nbsp;<a href=\"https:\/\/turysta2.pttk.pl\/?p=24376\" class=\"read-more\">Continue Reading<\/a>","protected":false},"author":4,"featured_media":24377,"comment_status":"closed","ping_status":"closed","sticky":false,"template":"","format":"standard","meta":{"footnotes":""},"categories":[68],"tags":[],"class_list":["post-24376","post","type-post","status-publish","format-standard","has-post-thumbnail","hentry","category-turystyka-piesza","cat-68-id"],"aioseo_notices":[],"_links":{"self":[{"href":"https:\/\/turysta2.pttk.pl\/index.php?rest_route=\/wp\/v2\/posts\/24376","targetHints":{"allow":["GET"]}}],"collection":[{"href":"https:\/\/turysta2.pttk.pl\/index.php?rest_route=\/wp\/v2\/posts"}],"about":[{"href":"https:\/\/turysta2.pttk.pl\/index.php?rest_route=\/wp\/v2\/types\/post"}],"author":[{"embeddable":true,"href":"https:\/\/turysta2.pttk.pl\/index.php?rest_route=\/wp\/v2\/users\/4"}],"replies":[{"embeddable":true,"href":"https:\/\/turysta2.pttk.pl\/index.php?rest_route=%2Fwp%2Fv2%2Fcomments&post=24376"}],"version-history":[{"count":6,"href":"https:\/\/turysta2.pttk.pl\/index.php?rest_route=\/wp\/v2\/posts\/24376\/revisions"}],"predecessor-version":[{"id":25317,"href":"https:\/\/turysta2.pttk.pl\/index.php?rest_route=\/wp\/v2\/posts\/24376\/revisions\/25317"}],"wp:featuredmedia":[{"embeddable":true,"href":"https:\/\/turysta2.pttk.pl\/index.php?rest_route=\/wp\/v2\/media\/24377"}],"wp:attachment":[{"href":"https:\/\/turysta2.pttk.pl\/index.php?rest_route=%2Fwp%2Fv2%2Fmedia&parent=24376"}],"wp:term":[{"taxonomy":"category","embeddable":true,"href":"https:\/\/turysta2.pttk.pl\/index.php?rest_route=%2Fwp%2Fv2%2Fcategories&post=24376"},{"taxonomy":"post_tag","embeddable":true,"href":"https:\/\/turysta2.pttk.pl\/index.php?rest_route=%2Fwp%2Fv2%2Ftags&post=24376"}],"curies":[{"name":"wp","href":"https:\/\/api.w.org\/{rel}","templated":true}]}}