{"id":24364,"date":"2020-04-30T09:07:09","date_gmt":"2020-04-30T07:07:09","guid":{"rendered":"https:\/\/turysta2.pttk.pl\/?p=24364"},"modified":"2023-03-27T11:40:06","modified_gmt":"2023-03-27T09:40:06","slug":"rajd-na-raty-ma-juz-pol-wieku","status":"publish","type":"post","link":"https:\/\/turysta2.pttk.pl\/?p=24364","title":{"rendered":"Rajd na Raty ma ju\u017c p\u00f3\u0142 wieku"},"content":{"rendered":"<p><strong>Pierwsza wycieczka Rajdu na Raty 2020<\/strong><br \/>\nW niedziel\u0119 23 lutego 2020 roku Zarz\u0105d Oddzia\u0142u PTTK \u201eSudety Zachodnie\u201d w Jeleniej G\u00f3rze zaprosi\u0142 ch\u0119tnych na pierwsz\u0105 w tym roku oficjaln\u0105 wycieczk\u0119 Rajdu na Raty. Mo\u017ce nie by\u0142oby w tym fakcie nic nadzwyczajnego gdyby nie to, \u017ce Rajd na Raty w roku obecnym prowadzony jest ju\u017c po raz pi\u0119\u0107dziesi\u0105ty. Tak, pierwsza wycieczka mia\u0142a miejsce r\u00f3wno pi\u0119\u0107dziesi\u0105t lat temu.<\/p>\n<pre>kwiecie\u0144-czerwiec\/2(2)2020<\/pre>\n<p>Imprez\u0119 zainicjowa\u0142 nie\u017cyj\u0105cy ju\u017c Teofil Ligenza vel Ozimek, kt\u00f3ry chcia\u0142 w ten spos\u00f3b zach\u0119ci\u0107 osoby ch\u0119tne do aktywno\u015bci fizycznej a nie znaj\u0105ce terenu do wyj\u015bcia z domu i sp\u0119dzania niedzieli wraz z innymi na \u0142onie natury. Pierwsze wycieczki wygl\u0105da\u0142y nieco inaczej ni\u017c obecnie. Wtedy przede wszystkim ma\u0142o kt\u00f3ry uczestnik posiada\u0142 odpowiednie wyposa\u017cenie turystyczne. To by\u0142y czasy, kiedy trudno by\u0142o kupi\u0107 cokolwiek zwi\u0105zane z uprawianiem turystyki. Dlatego zdarza\u0142y si\u0119 wycieczki, w kt\u00f3rych uczestnicy ubrani byli tak jak w tygodniu, szli w pantoflach, w r\u0119ku trzymali torb\u0119 lub siatk\u0119 z drugim \u015bniadaniem. Nikomu to jednak nie przeszkadza\u0142o. Wszyscy byli zadowoleni, \u017ce mog\u0105 wyrwa\u0107 si\u0119 z miasta, \u017ce mog\u0105 sp\u0119dzi\u0107 mile czas w\u015br\u00f3d takich samych zapale\u0144c\u00f3w jak i oni. A trzeba wiedzie\u0107, \u017ce w tamtych czasach ma\u0142o by\u0142o ludzi znaj\u0105cych okolice na tyle by m\u00f3c bezpiecznie poprowadzi\u0107 grup\u0119. PTTK posiada\u0142o tzw. kadr\u0119 programow\u0105 czyli osoby odpowiednio przeszkolone, kt\u00f3re zda\u0142y stosowne egzaminy uzyskuj\u0105c uprawnienia do prowadzenia grup turystycznych, ale os\u00f3b takich nie by\u0142o zbyt du\u017co. Dlatego komandor rajdu, tak jak i dzisiaj, prowadzi najwi\u0119ksz\u0105 ilo\u015b\u0107 wycieczek w roku. Wtedy tak\u017ce by\u0142 problem ze znalezieniem ch\u0119tnych do poprowadzenia niedzielnych wycieczek. Wszyscy prowadz\u0105cy robili to w czynie spo\u0142ecznym nie otrzymuj\u0105c za to \u017cadnego wynagrodzenia. Dzisiaj nazywamy to wolontariatem. W pierwszych latach rajdu by\u0142a sta\u0142a ekipa prowadz\u0105cych. Nieco p\u00f3\u017aniej dochodzili do nich m\u0142odzi, zwerbowani przez profesora. Oczywi\u015bcie najpierw zdawali oni egzaminy by otrzyma\u0107 stosowne uprawnienia. W tamtych czasach wycieczki by\u0142y prowadzone przez przodownik\u00f3w turystyki pieszej, dzisiaj najcz\u0119\u015bciej prowadz\u0105 je przewodnicy sudeccy albo przodownicy turystyki g\u00f3rskiej.<br \/>\nW pierwszych latach impreza zyskiwa\u0142a powodzenie, mimo konkurencji w postaci wycieczek organizowanych pod has\u0142em \u201eW niedziel\u0119 nie ma nas w domu\u201d prowadzonych przez \u015bp. Mieczys\u0142awa Holza. By\u0142y czasy kiedy zako\u0144czenia cykl\u00f3w rocznych organizowano w schroniskach i by\u0142y one dwudniowe. Zdarza\u0142y si\u0119 tak\u017ce tzw. zloty gwia\u017adziste polegaj\u0105ce na tym, \u017ce jednocze\u015bnie prowadzono kilka tras zaczynaj\u0105cych si\u0119 w r\u00f3\u017cnych punktach tak by spotka\u0107 si\u0119 w jednym miejscu. Z roku na rok w wycieczkach bra\u0142o udzia\u0142 coraz wi\u0119cej os\u00f3b. Coraz wi\u0119cej przyst\u0119powa\u0142o do organizowanych konkurs\u00f3w krajoznawczych. Wielu z uczestnik\u00f3w wycieczek ko\u0144czy\u0142o stosowne kursy i zdawa\u0142o egzaminy zasilaj\u0105c szeregi kadry programowej. P\u00f3\u017aniej nasta\u0142 czas zastoju. Wycieczki nie by\u0142y ju\u017c tak liczne ale i zacz\u0119\u0142o brakowa\u0107 kadry. Na szcz\u0119\u015bcie w ostatnich latach sporo os\u00f3b z tych, kt\u00f3rzy zdali egzaminy na przewodnik\u00f3w sudeckich zadeklarowa\u0142o ch\u0119\u0107 prowadzenia kolejnych wycieczek. Jest to o tyle istotne, \u017ce s\u0105 to ludzie m\u0142odzi, wi\u0119c mo\u017cemy patrze\u0107 w przysz\u0142o\u015b\u0107 z optymizmem.<\/p>\n<p>Dawniej wycieczki by\u0142y prowadzone tylko po terenach nizinnych co przy ich organizacji nie u\u0142atwia\u0142o \u017cycia gdy\u017c, jak wiemy, mieszkamy w terenie g\u00f3rskim. Udawa\u0142o si\u0119 to tylko dzi\u0119ki istniej\u0105cym w\u00f3wczas dobrym po\u0142\u0105czeniom komunikacyjnym. Dzisiaj spor\u0105 bol\u0105czk\u0105 jest w\u0142a\u015bnie brak owych po\u0142\u0105cze\u0144. Chocia\u017c okresowo, w okresie letnim, pojawiaj\u0105 si\u0119 ciekawe po\u0142\u0105czenia, dzi\u0119ki kt\u00f3rym mo\u017cna zaplanowa\u0107 trasy do naszych s\u0105siad\u00f3w Czech\u00f3w i Niemc\u00f3w. Obecny komandor Rajdu Wiktor Gumprecht przygotowuje sporo wycieczek autokarowych, zar\u00f3wno jedno, jak i wielodniowych. Organizowane s\u0105 tak\u017ce wycieczki zagraniczne. Ciesz\u0105 si\u0119 one sporym powodzeniem.<\/p>\n<p>Za\u0142o\u017ceniem by\u0142o, aby wycieczki mia\u0142y 10-12 km d\u0142ugo\u015bci. Dzisiaj, ze wzgl\u0119du na wyedukowanie turystyczne uczestnik\u00f3w, trasy te oscyluj\u0105 w granicach 12-18 km. Trafiaj\u0105 si\u0119 tak\u017ce wycieczki ponad 20-kilometrowe, jednak zamieszczane s\u0105 w\u00f3wczas komunikaty, \u017ce s\u0105 to trasy przeznaczone dla wytrawnych turyst\u00f3w. Prowadzone s\u0105 tak\u017ce wycieczki wsp\u00f3lne np. z turystami wa\u0142brzyskimi, wsp\u00f3\u0142prowadzone przez naszych dzia\u0142aczy i dzia\u0142aczy z Oddzia\u0142u PTTK w Wa\u0142brzychu.<\/p>\n<p style=\"text-align: left;\">Tegoroczny Rajd na Raty, ze wzgl\u0119du na jubileusz, b\u0119dzie mia\u0142 uroczyst\u0105 opraw\u0119 je\u015bli chodzi o jego zako\u0144czenie. Nasz oddzia\u0142 PTTK, dzi\u0119ki przychylno\u015bci miasta Jelenia G\u00f3ra, Starostwa Powiatowego w Jeleniej Gorze i Urz\u0119du Marsza\u0142kowskiemu we Wroc\u0142awiu, szykuje odpowiedni\u0105 opraw\u0119 grudniowego spotkania. B\u0119dzie przeprowadzony konkurs krajoznawczy, podsumowania, wspomnienia. Na uroczysto\u015b\u0107 przygotowane zostanie wiele, wiele upomink\u00f3w. Aby jednak dobrze wypa\u015b\u0107 w statystyce trzeba uczestniczy\u0107 w organizowanych przez ca\u0142y rok wycieczkach. Wa\u017cnym jest fakt, \u017ce wycieczki te s\u0105 przeprowadzane niezale\u017cnie od warunk\u00f3w pogodowych.<\/p>\n<p style=\"text-align: left;\">Pierwsza tegoroczna wycieczka, poprowadzona przez Wiktora Gumprechta, odby\u0142a si\u0119 na trasie: Siedl\u0119cin \u2013 \u201ePer\u0142a Zachodu\u201d \u2013 Polana \u015aledziowa \u2013 Jelenia G\u00f3ra.<br \/>\nW Siedl\u0119cinie tury\u015bci, dzi\u0119ki uprzejmo\u015bci so\u0142tysa pana Mariana Tyki, kt\u00f3ry dysponuje kluczami do \u015bwi\u0105ty\u0144, podziwiali wn\u0119trza ko\u015bcio\u0142a p. w. Matki Boskiej Nieustaj\u0105cej Pomocy oraz \u015bw. Miko\u0142aja. Pierwszy obiekt to dawny ko\u015bci\u00f3\u0142 ewangelicki, wzniesiony pod koniec XVIII wieku, salowy, wyposa\u017cony w empory zwi\u0119kszaj\u0105ce ilo\u015b\u0107 miejsc siedz\u0105cych, co w tamtym okresie dla wiernych by\u0142o wa\u017cn\u0105 spraw\u0105. Pocz\u0105tki drugiego obiektu si\u0119gaj\u0105 ko\u0144ca wieku XIV.<br \/>\nPo drodze by\u0142a okazja wypatrzenia w murze ogrodzenia domu przy ul. D\u0142ugiej 20 krzy\u017ca pokutnego (pojednania) z rytem siekiery. Obiekt ten cz\u0119sto jest pomijany przez turyst\u00f3w gdy\u017c kolorystycznie zlewa si\u0119 z biel\u0105 muru.<br \/>\nTym razem nie zaplanowano wizyty w Wie\u017cy Ksi\u0105\u017c\u0119cej. Obejrzano ja tylko z zewn\u0105trz. Wi\u0105za\u0142o si\u0119 to z brakiem czasu, poniewa\u017c w ostatniej cz\u0119\u015bci w\u0119dr\u00f3wki zaplanowane by\u0142o ognisko i pieczenie kie\u0142basek.<\/p>\n<p style=\"text-align: left;\">Pierwsza przerwa na odsapni\u0119cie zosta\u0142a zarz\u0105dzona w Go\u015bci\u0144cu PTTK \u201ePer\u0142a Zachodu\u201d. Praktycznie nie ma osoby, kt\u00f3ra by nie kojarzy\u0142a tego obiektu. Jest to miejsce niedzielnych spacer\u00f3w mieszka\u0144c\u00f3w Jeleniej G\u00f3ry. Mo\u017cna tutaj dotrze\u0107 zar\u00f3wno od Siedl\u0119cina jak i Jeleniej G\u00f3ry. Najwa\u017cniejszym jednak jest, \u017ce pracuj\u0105ca tu obs\u0142uga jest niezwykle mi\u0142a i nie zdarza si\u0119 by kto\u015b nie m\u00f3g\u0142 skorzysta\u0107 z go\u015bciny. Jest to wa\u017cne w razie kiepskiej pogody, tak jak dzisiaj. Ca\u0142\u0105 drog\u0119 pada deszcz. Tutaj nawet jak trafimy na wesele, gospodarze znajd\u0105 dla nas jaki\u015b k\u0105cik by\u015bmy mogli si\u0119 ogrza\u0107.<\/p>\n<p style=\"text-align: left;\">Najwa\u017cniejsz\u0105 cz\u0119\u015bci\u0105 pierwszej wycieczki by\u0142o ognisko. Rozpalono je w miejscu specjalnie do tego przygotowanym. Ustawiona na polance drewniana wiata pozwala na zjedzenie przyniesionego prowiantu i wymian\u0119 zda\u0144 niezale\u017cnie od panuj\u0105cej pogody.<br \/>\nPierwsza wycieczka zako\u0144czy\u0142a si\u0119 po dotarciu do Jeleniej G\u00f3ry. Wszystko wskazuje, \u017ce mimo si\u0105pi\u0105cego ca\u0142y czas deszczyku, by\u0142a udana. \u015awiadczy o tym frekwencja \u2013 obecne by\u0142y 52 osoby.<\/p>\n<p>Krzysztof T\u0119cza<\/p>\n","protected":false},"excerpt":{"rendered":"Pierwsza wycieczka Rajdu na Raty 2020 W niedziel\u0119 23 lutego 2020 roku Zarz\u0105d Oddzia\u0142u PTTK \u201eSudety Zachodnie\u201d w Jeleniej G\u00f3rze zaprosi\u0142 ch\u0119tnych na pierwsz\u0105 w tym roku oficjaln\u0105 wycieczk\u0119 Rajdu na Raty. Mo\u017ce nie by\u0142oby w tym fakcie nic nadzwyczajnego gdyby nie to, \u017ce Rajd na Raty w roku obecnym prowadzony jest ju\u017c po raz pi\u0119\u0107dziesi\u0105ty. Tak, pierwsza wycieczka mia\u0142a&nbsp;<a href=\"https:\/\/turysta2.pttk.pl\/?p=24364\" class=\"read-more\">Continue Reading<\/a>","protected":false},"author":4,"featured_media":24366,"comment_status":"closed","ping_status":"closed","sticky":false,"template":"","format":"standard","meta":{"footnotes":""},"categories":[68],"tags":[],"class_list":["post-24364","post","type-post","status-publish","format-standard","has-post-thumbnail","hentry","category-turystyka-piesza","cat-68-id"],"aioseo_notices":[],"_links":{"self":[{"href":"https:\/\/turysta2.pttk.pl\/index.php?rest_route=\/wp\/v2\/posts\/24364","targetHints":{"allow":["GET"]}}],"collection":[{"href":"https:\/\/turysta2.pttk.pl\/index.php?rest_route=\/wp\/v2\/posts"}],"about":[{"href":"https:\/\/turysta2.pttk.pl\/index.php?rest_route=\/wp\/v2\/types\/post"}],"author":[{"embeddable":true,"href":"https:\/\/turysta2.pttk.pl\/index.php?rest_route=\/wp\/v2\/users\/4"}],"replies":[{"embeddable":true,"href":"https:\/\/turysta2.pttk.pl\/index.php?rest_route=%2Fwp%2Fv2%2Fcomments&post=24364"}],"version-history":[{"count":6,"href":"https:\/\/turysta2.pttk.pl\/index.php?rest_route=\/wp\/v2\/posts\/24364\/revisions"}],"predecessor-version":[{"id":25320,"href":"https:\/\/turysta2.pttk.pl\/index.php?rest_route=\/wp\/v2\/posts\/24364\/revisions\/25320"}],"wp:featuredmedia":[{"embeddable":true,"href":"https:\/\/turysta2.pttk.pl\/index.php?rest_route=\/wp\/v2\/media\/24366"}],"wp:attachment":[{"href":"https:\/\/turysta2.pttk.pl\/index.php?rest_route=%2Fwp%2Fv2%2Fmedia&parent=24364"}],"wp:term":[{"taxonomy":"category","embeddable":true,"href":"https:\/\/turysta2.pttk.pl\/index.php?rest_route=%2Fwp%2Fv2%2Fcategories&post=24364"},{"taxonomy":"post_tag","embeddable":true,"href":"https:\/\/turysta2.pttk.pl\/index.php?rest_route=%2Fwp%2Fv2%2Ftags&post=24364"}],"curies":[{"name":"wp","href":"https:\/\/api.w.org\/{rel}","templated":true}]}}