{"id":24351,"date":"2020-04-30T08:58:57","date_gmt":"2020-04-30T06:58:57","guid":{"rendered":"https:\/\/turysta2.pttk.pl\/?p=24351"},"modified":"2023-03-27T11:40:06","modified_gmt":"2023-03-27T09:40:06","slug":"sejmik-przedkongresowy-w-kielcach","status":"publish","type":"post","link":"https:\/\/turysta2.pttk.pl\/?p=24351","title":{"rendered":"Sejmik Przedkongresowy w Kielcach"},"content":{"rendered":"<p><strong>Kolegium Instruktor\u00f3w Krajoznawstwa wojew\u00f3dztwa \u015bwi\u0119tokrzyskiego, wsp\u00f3lnie z Muzeum Historii Kielc zorganizowa\u0142o sejmik krajoznawczy, poprzedzaj\u0105cy VII Kongres Krajoznawstwa Polskiego w \u0141odzi. Jego obrady przebiega\u0142y pod has\u0142em: Krajoznawstwo w\u00a0\u015bwi\u0119tokrzyskiem \u2013 wczoraj, dzi\u015b i jutro. <\/strong><\/p>\n<pre>stycze\u0144-marzec\/1(1)2020<\/pre>\n<p>Pracami kierowa\u0142 przewodnicz\u0105cy Kolegium, Cz\u0142onek Honorowy PTTK dr Andrzej Rembalski. W sejmiku uczestniczy\u0142o grono krajoznawc\u00f3w z terenu wojew\u00f3dztwa, a rang\u0119 spotkania podni\u00f3s\u0142 udzia\u0142 cz\u0142onk\u00f3w Komisji Krajoznawczej Zarz\u0105du G\u0142\u00f3wnego PTTK, kt\u00f3ra nast\u0119pnego dnia odby\u0142a w Kielcach swoje wyjazdowe posiedzenie. Cz\u0142onek Honorowy PTTK dr J\u00f3zef Partyka i przewodnicz\u0105cy Komisji Krajoznawczej ZG PTTK dr Szymon Bijak, wr\u0119czyli medal za pomoc i wsp\u00f3\u0142prac\u0119 dyrektorowi Muzeum Historii Kielc dr Janowi G\u0142\u00f3wce oraz dyplom dla Muzeum. Powo\u0142ana w 2001 r. plac\u00f3wka w ci\u0105gu minionego dziesi\u0119ciolecia owocnie wsp\u00f3\u0142pracowa\u0142a z jednostkami PTTK.<\/p>\n<p>W trakcie obrad sejmiku, przeczytano artyku\u0142 najwybitniejszego kieleckiego krajoznawcy z lat przedwojennych i powojennych, Cz\u0142onka Honorowego PTTK Edmunda Massalskiego (1886-1975), zatytu\u0142owany Krajoznawstwo, zamieszczony w 1938 r. w\u00a0kieleckim pi\u015bmie \u201eRadostowa\u201d. Jego lektura jest interesuj\u0105ca r\u00f3wnie\u017c dla pokolenia wsp\u00f3\u0142czesnych krajoznawc\u00f3w. Bratanek Edmunda, tak\u017ce Cz\u0142onek Honorowy PTTK, prof. zw. dr hab. Adam Massalski, w swoim artykule wspomina\u0142 kieleckich krajoznawc\u00f3w, kt\u00f3rych spotka\u0142 w\u00a0dzia\u0142alno\u015bci harcerskiej i petetekowskiej. Dr J. G\u0142\u00f3wka opisa\u0142 sylwetk\u0119 Boles\u0142awa Markowskiego \u2013 ekonomisty, dzia\u0142acza gospodarczego, spo\u0142ecznika, kt\u00f3ry pe\u0142ni\u0142 funkcj\u0119 prezesa Oddzia\u0142u PTK w Kielcach. Alicja M\u0119\u017cyk, prezes Oddzia\u0142u im. Stanis\u0142awa Je\u017cewskiego w\u00a0Ostrowcu \u015awi\u0119tokrzyskim opisa\u0142a wszechstronne dzia\u0142ania, kt\u00f3re ostrowieccy krajoznawcy podejmuj\u0105 w\u015br\u00f3d uczni\u00f3w i m\u0142odzie\u017cy miasta oraz okolicznych gmin. Autorka podkre\u015bli\u0142a ich patriotyczny i wychowawczy charakter.<\/p>\n<p>Konrad Maj, kielecki badacz pozosta\u0142o\u015bci po dzia\u0142aniach wojennych, autor kilku publikacji na ich temat oraz pracownik Wojew\u00f3dzkiego Archiwum Pa\u0144stwowego w\u00a0Kielcach, wyg\u0142osi\u0142 referat po\u015bwi\u0119cony znaleziskom z tego okresu, zachowanym na terenie powiatu kieleckiego, a szczeg\u00f3lnie w podkieleckiej miejscowo\u015bci Morawica. Wiceprezes Stowarzyszenia \u201eZiemia \u015awi\u0119tokrzyska\u201d, regionalista i przewodnik \u015bwi\u0119tokrzyski Jacek Skrzypczak podzieli\u0142 si\u0119 do\u015bwiadczeniami z dzia\u0142alno\u015bci krajoznawczej, kt\u00f3r\u0105 prowadzi w\u00a0\u015brodowisku ludzi niewidomych i z wadami wzroku. Systematycznie podejmuje przedsi\u0119wzi\u0119cia pozwalaj\u0105ce tej grupie turyst\u00f3w pozna\u0107 najciekawsze obiekty przyrody i\u00a0kultury materialnej w regionie i poza nim. W 2016 r. otrzyma\u0142 tytu\u0142 \u201eIdol \u015brodowiska\u201d, przyznany przez fundusz \u201eSzansa dla niewidomych\u201d og\u00f3lnopolskiej konferencji. By\u0142y dyrektor Muzeum Historyczno-Archeologicznego w Ostrowcu \u015awi\u0119tokrzyskim, przewodnik \u015bwi\u0119tokrzyski W\u0142odzimierz Szcza\u0142uba, opisa\u0142 udzia\u0142 krajoznawc\u00f3w w\u00a0udost\u0119pnieniu i\u00a0propagowaniu unikalnego zespo\u0142u kopal\u0144 krzemienia pasiastego w\u00a0Krzemionkach Opatowskich. Autor mia\u0142 znacz\u0105cy wp\u0142yw na przygotowanie tych obiekt\u00f3w do ich wpisania w 2019 r. na list\u0119 \u015awiatowego Dziedzictwa Kultury i Przyrody UNESCO.<\/p>\n<p>Oddzia\u0142 PTTK w Ko\u0144skich znany jest z podejmowania inicjatyw s\u0142u\u017c\u0105cych zachowaniu dla potomnych obiekt\u00f3w zabytkowych w mie\u015bcie i s\u0105siednich gminach. Przedstawi\u0142 je inicjator wielu z nich, prezes Wojciech Pasek.<br \/>\nKomunikat autorstwa prezesa Oddzia\u0142u PTTK im. Aleksandra Patkowskiego w\u00a0Sandomierzu Marka Juszczyka, by\u0142 g\u0142osem w dyskusji nad obecnym stanem i przysz\u0142o\u015bci\u0105 ruchu krajoznawczego w Polsce. Cz\u0142onkowie Komisji Krajoznawczej ZG PTTK wys\u0142uchali gaw\u0119dy dr Cezarego Jastrz\u0119bskiego z Uniwersytetu Jana Kochanowskiego w Kielcach na temat walor\u00f3w fizjograficznych i antropogenicznych regionu \u015bwi\u0119tokrzyskiego i Ponidzia.<\/p>\n<p>Na zako\u0144czenie sejmiku przewodnicz\u0105cy obrad wyrazi\u0142 nadziej\u0119, \u017ce nurt krajoznawczy w poczynaniach oddzia\u0142\u00f3w PTTK w wojew\u00f3dztwie \u015bwi\u0119tokrzyskim b\u0119dzie odgrywa\u0142 wa\u017cn\u0105 rol\u0119 nie tylko w okresie przygotowa\u0144 do VII Kongresu Krajoznawstwa Polskiego, ale r\u00f3wnie\u017c w latach nast\u0119pnych.<\/p>\n<p>Andrzej Rembalski<\/p>\n<p><em>Fot. <\/em>Jerzy Pabian<\/p>\n<h4><a href=\"https:\/\/turysta2.pttk.pl\/wp-content\/uploads\/2020\/04\/IV.1.2.4.-Sejmik-\u015bwi\u0119tokrzyski3-1.jpg\"><img loading=\"lazy\" decoding=\"async\" class=\"aligncenter size-full wp-image-24355\" src=\"https:\/\/turysta2.pttk.pl\/wp-content\/uploads\/2020\/04\/IV.1.2.4.-Sejmik-\u015bwi\u0119tokrzyski3-1.jpg\" alt=\"\" width=\"300\" height=\"219\" \/><\/a>Na pierwszym planie wsp\u00f3\u0142pracownicy Komisji Krajoznawczej Zarz\u0105du G\u0142\u00f3wnego PTTK \u2013 dr J\u00f3zef Partyka, Anna Becker-Kuli\u0144ska.<\/h4>\n<h4><a href=\"https:\/\/turysta2.pttk.pl\/wp-content\/uploads\/2020\/04\/IV.1.2.4.-Sejmik-\u015bwi\u0119tokrzyski2-1.jpg\"><img loading=\"lazy\" decoding=\"async\" class=\"aligncenter size-full wp-image-24354\" src=\"https:\/\/turysta2.pttk.pl\/wp-content\/uploads\/2020\/04\/IV.1.2.4.-Sejmik-\u015bwi\u0119tokrzyski2-1.jpg\" alt=\"\" width=\"300\" height=\"217\" \/><\/a>Autorzy referat\u00f3w \u2013 Alicja M\u0119\u017cyk \u2013 prezeska Oddzia\u0142u PTTK w Ostrowcu \u015awi\u0119tokrzyskim, Wojciech Pasek \u2013 prezes Oddzia\u0142u PTTK w Ko\u0144skich.<\/h4>\n<h4><a href=\"https:\/\/turysta2.pttk.pl\/wp-content\/uploads\/2020\/04\/IV.1.2.4.-Sejmik-\u015bwi\u0119tokrzyski1.jpg\"><img loading=\"lazy\" decoding=\"async\" class=\"aligncenter size-full wp-image-24353\" src=\"https:\/\/turysta2.pttk.pl\/wp-content\/uploads\/2020\/04\/IV.1.2.4.-Sejmik-\u015bwi\u0119tokrzyski1.jpg\" alt=\"\" width=\"300\" height=\"225\" srcset=\"https:\/\/turysta2.pttk.pl\/wp-content\/uploads\/2020\/04\/IV.1.2.4.-Sejmik-\u015bwi\u0119tokrzyski1.jpg 300w, https:\/\/turysta2.pttk.pl\/wp-content\/uploads\/2020\/04\/IV.1.2.4.-Sejmik-\u015bwi\u0119tokrzyski1-200x150.jpg 200w\" sizes=\"auto, (max-width: 300px) 100vw, 300px\" \/><\/a>Od lewej \u2013 dr Andrzej Rembalski \u2013 przewodnicz\u0105cy Regionalnego Kolegium Instruktor\u00f3w Krajoznawstwa wojew\u00f3dztwa \u015bwi\u0119tokrzyskiego, dr Szymon Bijak \u2013 przewodnicz\u0105cy Komisji Krajoznawczej Zarz\u0105du G\u0142\u00f3wnego PTTK, dr Jan G\u0142\u00f3wka \u2013 dyrektor Muzeum Historii Kielc.<\/h4>\n","protected":false},"excerpt":{"rendered":"Kolegium Instruktor\u00f3w Krajoznawstwa wojew\u00f3dztwa \u015bwi\u0119tokrzyskiego, wsp\u00f3lnie z Muzeum Historii Kielc zorganizowa\u0142o sejmik krajoznawczy, poprzedzaj\u0105cy VII Kongres Krajoznawstwa Polskiego w \u0141odzi. Jego obrady przebiega\u0142y pod has\u0142em: Krajoznawstwo w\u00a0\u015bwi\u0119tokrzyskiem \u2013 wczoraj, dzi\u015b i jutro. stycze\u0144-marzec\/1(1)2020 Pracami kierowa\u0142 przewodnicz\u0105cy Kolegium, Cz\u0142onek Honorowy PTTK dr Andrzej Rembalski. W sejmiku uczestniczy\u0142o grono krajoznawc\u00f3w z terenu wojew\u00f3dztwa, a rang\u0119 spotkania podni\u00f3s\u0142 udzia\u0142 cz\u0142onk\u00f3w Komisji Krajoznawczej Zarz\u0105du&nbsp;<a href=\"https:\/\/turysta2.pttk.pl\/?p=24351\" class=\"read-more\">Continue Reading<\/a>","protected":false},"author":4,"featured_media":24355,"comment_status":"closed","ping_status":"closed","sticky":false,"template":"","format":"standard","meta":{"footnotes":""},"categories":[78],"tags":[],"class_list":["post-24351","post","type-post","status-publish","format-standard","has-post-thumbnail","hentry","category-konferencje-szkolenia","cat-78-id"],"aioseo_notices":[],"_links":{"self":[{"href":"https:\/\/turysta2.pttk.pl\/index.php?rest_route=\/wp\/v2\/posts\/24351","targetHints":{"allow":["GET"]}}],"collection":[{"href":"https:\/\/turysta2.pttk.pl\/index.php?rest_route=\/wp\/v2\/posts"}],"about":[{"href":"https:\/\/turysta2.pttk.pl\/index.php?rest_route=\/wp\/v2\/types\/post"}],"author":[{"embeddable":true,"href":"https:\/\/turysta2.pttk.pl\/index.php?rest_route=\/wp\/v2\/users\/4"}],"replies":[{"embeddable":true,"href":"https:\/\/turysta2.pttk.pl\/index.php?rest_route=%2Fwp%2Fv2%2Fcomments&post=24351"}],"version-history":[{"count":10,"href":"https:\/\/turysta2.pttk.pl\/index.php?rest_route=\/wp\/v2\/posts\/24351\/revisions"}],"predecessor-version":[{"id":25321,"href":"https:\/\/turysta2.pttk.pl\/index.php?rest_route=\/wp\/v2\/posts\/24351\/revisions\/25321"}],"wp:featuredmedia":[{"embeddable":true,"href":"https:\/\/turysta2.pttk.pl\/index.php?rest_route=\/wp\/v2\/media\/24355"}],"wp:attachment":[{"href":"https:\/\/turysta2.pttk.pl\/index.php?rest_route=%2Fwp%2Fv2%2Fmedia&parent=24351"}],"wp:term":[{"taxonomy":"category","embeddable":true,"href":"https:\/\/turysta2.pttk.pl\/index.php?rest_route=%2Fwp%2Fv2%2Fcategories&post=24351"},{"taxonomy":"post_tag","embeddable":true,"href":"https:\/\/turysta2.pttk.pl\/index.php?rest_route=%2Fwp%2Fv2%2Ftags&post=24351"}],"curies":[{"name":"wp","href":"https:\/\/api.w.org\/{rel}","templated":true}]}}