{"id":24349,"date":"2020-04-30T09:04:49","date_gmt":"2020-04-30T07:04:49","guid":{"rendered":"https:\/\/turysta2.pttk.pl\/?p=24349"},"modified":"2023-03-27T11:40:06","modified_gmt":"2023-03-27T09:40:06","slug":"pomorski-zlot-krajoznawcow-pttk-kazimierz-2019","status":"publish","type":"post","link":"https:\/\/turysta2.pttk.pl\/?p=24349","title":{"rendered":"Pomorski Zlot Krajoznawc\u00f3w PTTK"},"content":{"rendered":"<p><strong>Go\u015bcinne dla wszystkich Muzeum pod D\u0119bow\u0105 G\u00f3r\u0105 w Kazimierzu ko\u0142o Rumi, by\u0142o miejscem spotkania pomorskich krajoznawc\u00f3w. Jego organizatorem by\u0142a Pomorska Komisja Krajoznawcza PTTK, a wsp\u00f3\u0142organizatorami: Komisja Krajoznawcza i Komisja Opieki nad Zabytkami Oddzia\u0142u PTTK Marynarki Wojennej. Pomys\u0142odawc\u0105, komandorem i\u00a0przewodnikiem by\u0142 przewodnicz\u0105cy PKK PTTK Dariusz D\u0119bski.<\/strong><\/p>\n<pre>stycze\u0144-marzec\/1(1)2020<\/pre>\n<p>W\u00a0zlocie wzi\u0119\u0142o udzia\u0142 19 os\u00f3b, w tym grupa nauczycieli ze Szko\u0142y Podstawowej nr 43 w Gdyni. Uczestnicy zapoznali si\u0119 z informacjami o historii regionu Kazimierza, a\u00a0szczeg\u00f3lnie o walkach z niemieckim naje\u017ad\u017ac\u0105 w 1939 roku. Toczone tam by\u0142y walki przez wycofuj\u0105ce si\u0119 pododdzia\u0142y 1 Morskiego Pu\u0142ku Strzelc\u00f3w (dowodzonego przez pp\u0142k. Kazimierza Pruszkowskiego) i 2 batalionu rezerwowego, kt\u00f3re trwa\u0142y kilka dni (od 12 wrze\u015bnia 1939 roku) z pododdzia\u0142ami 207 niemieckiej dywizji piechoty. Spowodowa\u0142y one zniszczenie i spalenie wi\u0119kszo\u015bci zabudowa\u0144 wsi. Uczestnicy us\u0142yszeli te\u017c histori\u0119 najstarszej w Kazimierzu kapliczki (gmina Kossakowo, 1860 rok), znajduj\u0105cej si\u0119 na ma\u0142ym placu przy skrzy\u017cowaniu trzech dr\u00f3g, odbudowanej i odnowionej przez mieszka\u0144c\u00f3w wsi. Budowl\u0119 po\u015bwi\u0119cono patronowi wsi \u015bwi\u0119temu Markowi Ewangeli\u015bcie, stanowi ona miejsce spotka\u0144 i\u00a0modlitw.<\/p>\n<p>Kolejnym punktem zlotu by\u0142a wyczerpuj\u0105ca podr\u00f3\u017c prowadzona kr\u0119tymi \u015bcie\u017ckami po trudnym i pag\u00f3rkowatym terenie kompleks\u00f3w le\u015bnych K\u0119py Oksywskiej. W czasie w\u0119dr\u00f3wki wys\u0142uchano legendy o zakl\u0119tym zamku oraz historii o dw\u00f3ch istniej\u0105cych w okolicy wiatrakach (m\u0142ynach). Ciekawostk\u0105 i niespodziank\u0105 dla wszystkich by\u0142o znalezienie na brzegu \u015bcie\u017cki du\u017cego, dawnego kamienia m\u0142y\u0144skiego. Po kilku kilometrach marszu dotarto d\u0119bog\u00f3rskiej Tajnej Organizacji Woskowej \u201eGryf Kaszubski\u201d. Powsta\u0142a w 1943 r. grupa sk\u0142ada\u0142a si\u0119 z 13 partyzant\u00f3w i 5 \u0142\u0105cznik\u00f3w. Nie prowadzi\u0142a dzia\u0142a\u0144 zbrojnych, ale gromadzi\u0142a informacje o ruchach okolicznych niemieckich wojsk. Ukrywa\u0142a te\u017c miejscowych mieszka\u0144c\u00f3w, przewidzianych do wcielenia w szeregi niemieckiej armii oraz polskich uciekinier\u00f3w, wcze\u015bniej przymusowo do niej wcielonych. Szcz\u0119\u015bliwie wszystkim partyzantom z tej grupy uda\u0142o si\u0119 prze\u017cy\u0107 wojn\u0119, wi\u0119c \u00a0w dow\u00f3d wdzi\u0119czno\u015bci, postawili oni w 1947 roku dzi\u0119kczynn\u0105 kapliczk\u0119 na skraju drogi w D\u0119bog\u00f3rzu \u2013 Wybudowanie. Obok pozosta\u0142o\u015bci po ziemiance, w 2008 roku, \u00a0z inicjatywy Tadeusza Krzysztofa i Zrzeszenia Kaszubsko \u2013 Pomorskiego Oddzia\u0142u w D\u0119bog\u00f3rzu umieszczono okaza\u0142y g\u0142az, z\u00a0okoliczno\u015bciow\u0105 tablic\u0105 informacyjn\u0105 po\u015bwi\u0119con\u0105 partyzantom. Obok niego, na drzewie, ulokowano r\u00f3wnie\u017c kapliczk\u0119 nadrzewn\u0105. W tym miejscu uczestnicy wycieczki wys\u0142uchali informacji o historii TOW \u201eGryf Pomorski\u201d, kt\u00f3r\u0105 przedstawi\u0142 autor tego artyku\u0142u. Informacja ta wywo\u0142a\u0142a wiele dyskusji, kt\u00f3re prowadzono w drodze powrotnej do miejsca zlotu.<\/p>\n<p>Na drog\u0119 powrotn\u0105, w celu urozmaicenia, wybrano inn\u0105 (trudniejsz\u0105) tras\u0119, przebiegaj\u0105c\u0105 wzd\u0142u\u017c niemieckiego rowu przeciwczo\u0142gowego. W tym miejscu nadmieni\u0107 nale\u017cy, \u017ce Niemcy przygotowuj\u0105c Gdyni\u0119 do obrony, og\u0142osili miasto Twierdz\u0105 Gotenhafen<br \/>\ni wybudowali na jej obrze\u017cach ok. 30 km row\u00f3w przeciwczo\u0142gowych. Id\u0105c wzd\u0142u\u017c jednego z row\u00f3w, zapoznano si\u0119 z histori\u0105 jego budowy i rol\u0105 jak\u0105 mia\u0142 spe\u0142nia\u0107 w\u00a0przewidywanych walkach. Widz\u0105c wielko\u015b\u0107 tej budowy, wszyscy byli pod wra\u017ceniem wysi\u0142ku, kt\u00f3ry okoliczna ludno\u015b\u0107 (zmuszona przez okupanta) w\u0142o\u017cy\u0142a w wykopanie tej wielko\u015bci rowu.<br \/>\nPo powrocie do bazy przyszed\u0142 czas na zwiedzenie muzeum, zapoznanie si\u0119 z niezwyk\u0142ymi eksponatami i histori\u0105 pozyskania ich do kolekcji. Przewodnikiem po muzeum i narratorem by\u0142 jego w\u0142a\u015bciciel, pan Franciszek Dzi\u0119gielewski. Wiele by\u0142o tam zdziwienia i zachwytu nad poszczeg\u00f3lnymi przedmiotami. O wielu nikt nigdy nie s\u0142ysza\u0142, inne z kolei przypomina\u0142y niekt\u00f3rym zwiedzaj\u0105cym lata dzieci\u0144stwa<\/p>\n<p>Po cz\u0119\u015bci krajoznawczej, wreszcie przyszed\u0142 czas na odpoczynek i wsp\u00f3lne biesiadowanie przy stole zastawionym przysmakami, o kt\u00f3re zadba\u0142a pani Irena Dzi\u0119gielewska. Jestem przekonany, \u017ce udzia\u0142 w tym zlocie i wizyta w tak uroczym i klimatycznym miejscu jak Muzeum pod D\u0119bow\u0105 G\u00f3r\u0105, wszystkim zapadnie na d\u0142ugo w pami\u0119ci, a przypomina\u0107 j\u0105 b\u0119dzie okoliczno\u015bciowa przypinka, kt\u00f3r\u0105 otrzymali wszyscy uczestnicy zlotu.<\/p>\n<p>Dariusz D\u0119bski<\/p>\n<p><a href=\"https:\/\/turysta2.pttk.pl\/wp-content\/uploads\/2020\/04\/Zdj-nr-4.jpg\"><img loading=\"lazy\" decoding=\"async\" class=\"aligncenter size-full wp-image-24360\" src=\"https:\/\/turysta2.pttk.pl\/wp-content\/uploads\/2020\/04\/Zdj-nr-4.jpg\" alt=\"\" width=\"1024\" height=\"683\" srcset=\"https:\/\/turysta2.pttk.pl\/wp-content\/uploads\/2020\/04\/Zdj-nr-4.jpg 1024w, https:\/\/turysta2.pttk.pl\/wp-content\/uploads\/2020\/04\/Zdj-nr-4-300x200.jpg 300w, https:\/\/turysta2.pttk.pl\/wp-content\/uploads\/2020\/04\/Zdj-nr-4-768x512.jpg 768w\" sizes=\"auto, (max-width: 1024px) 100vw, 1024px\" \/><\/a><\/p>\n<p><a href=\"https:\/\/turysta2.pttk.pl\/wp-content\/uploads\/2020\/04\/Zdj-nr-3-Przy-obelisku-TOW-Gryf-Pomorski.jpg\"><img loading=\"lazy\" decoding=\"async\" class=\"aligncenter size-full wp-image-24359\" src=\"https:\/\/turysta2.pttk.pl\/wp-content\/uploads\/2020\/04\/Zdj-nr-3-Przy-obelisku-TOW-Gryf-Pomorski.jpg\" alt=\"\" width=\"1024\" height=\"683\" srcset=\"https:\/\/turysta2.pttk.pl\/wp-content\/uploads\/2020\/04\/Zdj-nr-3-Przy-obelisku-TOW-Gryf-Pomorski.jpg 1024w, https:\/\/turysta2.pttk.pl\/wp-content\/uploads\/2020\/04\/Zdj-nr-3-Przy-obelisku-TOW-Gryf-Pomorski-300x200.jpg 300w, https:\/\/turysta2.pttk.pl\/wp-content\/uploads\/2020\/04\/Zdj-nr-3-Przy-obelisku-TOW-Gryf-Pomorski-768x512.jpg 768w\" sizes=\"auto, (max-width: 1024px) 100vw, 1024px\" \/><\/a><\/p>\n<p><a href=\"https:\/\/turysta2.pttk.pl\/wp-content\/uploads\/2020\/04\/Zdj-nr-2-Przy-dziwnym-znalezisku-w-lesie-.jpg\"><img loading=\"lazy\" decoding=\"async\" class=\"aligncenter size-full wp-image-24358\" src=\"https:\/\/turysta2.pttk.pl\/wp-content\/uploads\/2020\/04\/Zdj-nr-2-Przy-dziwnym-znalezisku-w-lesie-.jpg\" alt=\"\" width=\"1024\" height=\"683\" srcset=\"https:\/\/turysta2.pttk.pl\/wp-content\/uploads\/2020\/04\/Zdj-nr-2-Przy-dziwnym-znalezisku-w-lesie-.jpg 1024w, https:\/\/turysta2.pttk.pl\/wp-content\/uploads\/2020\/04\/Zdj-nr-2-Przy-dziwnym-znalezisku-w-lesie--300x200.jpg 300w, https:\/\/turysta2.pttk.pl\/wp-content\/uploads\/2020\/04\/Zdj-nr-2-Przy-dziwnym-znalezisku-w-lesie--768x512.jpg 768w\" sizes=\"auto, (max-width: 1024px) 100vw, 1024px\" \/><\/a><\/p>\n<p><a href=\"https:\/\/turysta2.pttk.pl\/wp-content\/uploads\/2020\/04\/Zdj-nr-1-Chwila-przerwy-w-lesie.jpg\"><img loading=\"lazy\" decoding=\"async\" class=\"aligncenter size-full wp-image-24357\" src=\"https:\/\/turysta2.pttk.pl\/wp-content\/uploads\/2020\/04\/Zdj-nr-1-Chwila-przerwy-w-lesie.jpg\" alt=\"\" width=\"1024\" height=\"683\" srcset=\"https:\/\/turysta2.pttk.pl\/wp-content\/uploads\/2020\/04\/Zdj-nr-1-Chwila-przerwy-w-lesie.jpg 1024w, https:\/\/turysta2.pttk.pl\/wp-content\/uploads\/2020\/04\/Zdj-nr-1-Chwila-przerwy-w-lesie-300x200.jpg 300w, https:\/\/turysta2.pttk.pl\/wp-content\/uploads\/2020\/04\/Zdj-nr-1-Chwila-przerwy-w-lesie-768x512.jpg 768w\" sizes=\"auto, (max-width: 1024px) 100vw, 1024px\" \/><\/a><\/p>\n","protected":false},"excerpt":{"rendered":"Go\u015bcinne dla wszystkich Muzeum pod D\u0119bow\u0105 G\u00f3r\u0105 w Kazimierzu ko\u0142o Rumi, by\u0142o miejscem spotkania pomorskich krajoznawc\u00f3w. Jego organizatorem by\u0142a Pomorska Komisja Krajoznawcza PTTK, a wsp\u00f3\u0142organizatorami: Komisja Krajoznawcza i Komisja Opieki nad Zabytkami Oddzia\u0142u PTTK Marynarki Wojennej. Pomys\u0142odawc\u0105, komandorem i\u00a0przewodnikiem by\u0142 przewodnicz\u0105cy PKK PTTK Dariusz D\u0119bski. stycze\u0144-marzec\/1(1)2020 W\u00a0zlocie wzi\u0119\u0142o udzia\u0142 19 os\u00f3b, w tym grupa nauczycieli ze Szko\u0142y Podstawowej nr 43&nbsp;<a href=\"https:\/\/turysta2.pttk.pl\/?p=24349\" class=\"read-more\">Continue Reading<\/a>","protected":false},"author":4,"featured_media":24360,"comment_status":"closed","ping_status":"closed","sticky":false,"template":"","format":"standard","meta":{"footnotes":""},"categories":[14],"tags":[],"class_list":["post-24349","post","type-post","status-publish","format-standard","has-post-thumbnail","hentry","category-krajoznawstwo","cat-14-id"],"aioseo_notices":[],"_links":{"self":[{"href":"https:\/\/turysta2.pttk.pl\/index.php?rest_route=\/wp\/v2\/posts\/24349","targetHints":{"allow":["GET"]}}],"collection":[{"href":"https:\/\/turysta2.pttk.pl\/index.php?rest_route=\/wp\/v2\/posts"}],"about":[{"href":"https:\/\/turysta2.pttk.pl\/index.php?rest_route=\/wp\/v2\/types\/post"}],"author":[{"embeddable":true,"href":"https:\/\/turysta2.pttk.pl\/index.php?rest_route=\/wp\/v2\/users\/4"}],"replies":[{"embeddable":true,"href":"https:\/\/turysta2.pttk.pl\/index.php?rest_route=%2Fwp%2Fv2%2Fcomments&post=24349"}],"version-history":[{"count":6,"href":"https:\/\/turysta2.pttk.pl\/index.php?rest_route=\/wp\/v2\/posts\/24349\/revisions"}],"predecessor-version":[{"id":25322,"href":"https:\/\/turysta2.pttk.pl\/index.php?rest_route=\/wp\/v2\/posts\/24349\/revisions\/25322"}],"wp:featuredmedia":[{"embeddable":true,"href":"https:\/\/turysta2.pttk.pl\/index.php?rest_route=\/wp\/v2\/media\/24360"}],"wp:attachment":[{"href":"https:\/\/turysta2.pttk.pl\/index.php?rest_route=%2Fwp%2Fv2%2Fmedia&parent=24349"}],"wp:term":[{"taxonomy":"category","embeddable":true,"href":"https:\/\/turysta2.pttk.pl\/index.php?rest_route=%2Fwp%2Fv2%2Fcategories&post=24349"},{"taxonomy":"post_tag","embeddable":true,"href":"https:\/\/turysta2.pttk.pl\/index.php?rest_route=%2Fwp%2Fv2%2Ftags&post=24349"}],"curies":[{"name":"wp","href":"https:\/\/api.w.org\/{rel}","templated":true}]}}