{"id":24339,"date":"2020-04-30T08:55:17","date_gmt":"2020-04-30T06:55:17","guid":{"rendered":"https:\/\/turysta2.pttk.pl\/?p=24339"},"modified":"2023-03-27T11:40:07","modified_gmt":"2023-03-27T09:40:07","slug":"50-rocznica-smierci-prof-michala-pieszki-patrona-warszawskiego-kola-zamoscian-przy-pttk","status":"publish","type":"post","link":"https:\/\/turysta2.pttk.pl\/?p=24339","title":{"rendered":"Rocznica \u015bmierci prof. Micha\u0142a Pieszki"},"content":{"rendered":"<p><strong>4 grudnia 2019 r. w sali konferencyjnej Zarz\u0105du G\u0142\u00f3wnego PTTK odby\u0142o si\u0119 kolejne, comiesi\u0119czne spotkanie cz\u0142onk\u00f3w i sympatyk\u00f3w Warszawskiego Ko\u0142a Zamo\u015bcian dzia\u0142aj\u0105cego ju\u017c od 60. lat przy oddziale sto\u0142ecznym. Tym razem by\u0142o to spotkanie okoliczno\u015bciowe, spotkanie po\u015bwi\u0119cone przypomnieniu sylwetki prof. Micha\u0142a Pieszki \u2013 zmar\u0142ego 50. lat temu patrona Warszawskiego Ko\u0142a Zamo\u015bcian przy PTTK.<\/strong><\/p>\n<pre>stycze\u0144-marzec\/1(1)2020<\/pre>\n<p>W zwi\u0105zku z t\u0105 rocznic\u0105 portret prof. Micha\u0142a Pieszki w sali konferencyjnej PTTK udekorowano bia\u0142o-czerwon\u0105 wst\u0119g\u0105, przy portrecie ustawiono flakon z bia\u0142\u0105 i czerwon\u0105 r\u00f3\u017c\u0105.<br \/>\nSylwetk\u0119 prof. Micha\u0142a Pieszki syntetycznie zaprezentowa\u0142 zebranym pan Henryk Pawlik, wieloletni cz\u0142onek Warszawskiego Ko\u0142a Zamo\u015bcian. Po prezentacji kilku cz\u0142onk\u00f3w ko\u0142a podzieli\u0142o si\u0119 osobistymi wspomnieniami o Patronie z czas\u00f3w ucz\u0119szczania do dawnych gimnazj\u00f3w i lice\u00f3w zamojskich \u2013 im. Hetmana Jana Zamojskiego oraz im. Marii Konopnickiej.<\/p>\n<p style=\"text-align: center;\">*\u00a0\u00a0\u00a0\u00a0\u00a0*\u00a0\u00a0\u00a0\u00a0\u00a0*<\/p>\n<p>Micha\u0142 Pieszko, geograf i historyk, urodzi\u0142 we Lwowie 29 czerwca 1890\u00a0r., w dzieci\u0144stwie i m\u0142odo\u015bci mieszka\u0142 z rodzin\u0105 w\u00a0Sanoku, tak\u017ce w rodzinnym mie\u015bcie kszta\u0142ci\u0142 si\u0119 \u2013 uko\u0144czy\u0142 szko\u0142\u0119 powszechn\u0105 oraz C. K. Gimnazjum M\u0119skie. W nast\u0119pnych latach studiowa\u0142 na Wydziale Filozoficznym Uniwersytetu Lwowskiego, na prze\u0142omie lat 1916\/1917 otrzyma\u0142 tytu\u0142 magistra historii oraz geografii, od 1915 do 1917\u00a0r. by\u0142 asystentem w Katedrze Historii Powszechnej UL. Po uzyskaniu w 1917\u00a0r. prawa do nauczania historii i geografii Micha\u0142 Pieszko przyj\u0105\u0142 posad\u0119 nauczyciela w\u00a0\u00f3wczesnym Gimnazjum Realnym M\u0119skim (p\u00f3\u017aniejszym Pa\u0144stwowym Gimnazjum M\u0119skim im. Jana Zamoyskiego) w Zamo\u015bciu. Pracowa\u0142 jako nauczyciel tak\u017ce w Seminarium Nauczycielskim \u017be\u0144skim .<\/p>\n<p>Z Gimnazjum i Liceum im. Jana Zamoyskiego Micha\u0142 Pieszko zwi\u0105zany by\u0142 jako nauczyciel historii i geografii przez ca\u0142e swoje \u017cycie zawodowe. W 1931\u00a0r. Kuratorium O\u015bwiaty w Lublinie nada\u0142o Micha\u0142owi Pieszce tytu\u0142 profesora szk\u00f3\u0142 \u015brednich. W latach 1954\u201358 pe\u0142ni\u0142 funkcj\u0119 zast\u0119pcy dyrektora Pa\u0144stwowego Liceum im. Jana Zamoyskiego, w\u00a01966\u00a0r. przeszed\u0142 na emerytur\u0119. Micha\u0142 Pieszko zmar\u0142 w Zamo\u015bciu 29 grudnia 1969\u00a0r., tak\u017ce w Zamo\u015bciu zosta\u0142 pochowany w rodzinnym grobowcu wraz z matk\u0105 Wiktori\u0105 i \u017con\u0105 Aureli\u0105 na Cmentarzu Parafialnym.<\/p>\n<p>Profesor Micha\u0142 Pieszko zas\u0142u\u017cy\u0142 si\u0119 nie tylko jako wspania\u0142y nauczyciel geograf i historii w gimnazjach i liceach zamojskich, ale r\u00f3wnie\u017c jako tw\u00f3rca regionalnego ruchu krajoznawczego i przewodnickiego w Zamo\u015bciu. Zaraz po podj\u0119ciu pracy nauczycielskiej w przedwojennym Gimnazjum M\u0119skim im. Jana Zamoyskiego stworzy\u0142 szkolny gabinet geograficzny, kt\u00f3ry wkr\u00f3tce sta\u0142 si\u0119 zal\u0105\u017ckiem przysz\u0142ego Muzeum Krajoznawczego. Walanie przyczyni\u0142 si\u0119 przede wszystkim do utworzenia w Zamo\u015bciu oddzia\u0142u Polskiego Towarzystwa Krajoznawczego \u2013 wchodzi\u0142 w sk\u0142ad zawi\u0105zanego ju\u017c w 1918\u00a0r. tymczasowego zarz\u0105du ko\u0142a PTK, od 1930\u00a0r. pe\u0142ni\u0142 funkcj\u0119 prezesa, a nast\u0119pnie w trwale ju\u017c utworzonym oddziale PTK pe\u0142ni\u0142 funkcj\u0119 zast\u0119pcy prezesa.<\/p>\n<p>Jako prezes oddzia\u0142u PTK Micha\u0142 Pieszko by\u0142 autorem pierwszego w historii i przez lata niezast\u0105pionego \u201ePrzewodnika po Zamo\u015bciu i okolicy\u201d (Zamo\u015b\u0107\u00a0: Polskie Towarzystwo Krajoznawcze \u2013 Touring Klub. Oddzia\u0142 Zamojski, 1934), kt\u00f3ry po\u015bwi\u0119ci\u0142 wybitnemu krajoznawcy Aleksandrowi Janowskiemu, umieszczaj\u0105c na jednej z pierwszych stron przewodnika nast\u0119puj\u0105c\u0105 dedykacj\u0119:<\/p>\n<p style=\"text-align: center;\"><em>Aleksandrowi Janowskiemu<\/em><br \/>\n<em>Wielkiemu Pionierowi<\/em><br \/>\n<em>Krajoznawstwa Polskiego.<\/em><\/p>\n<p>Ponadto Micha\u0142 Pieszko by\u0142 autorem ma\u0142ego informatora pt. \u201eZAMO\u015a\u0106\u201d wydanego przez Lig\u0119 Popierania Turystyki i Polskie Koleje Pa\u0144stwowe (Warszawa\u00a0: Dom Pracy S.A.,1939).<br \/>\nZa dzia\u0142alno\u015b\u0107 krajoznawcz\u0105 Micha\u0142 Pieszko zosta\u0142 odznaczony w 1956\u00a0r. \u201eZ\u0142ot\u0105 Odznak\u0105 PTTK\u201d.<br \/>\nPosta\u0107 prof. Micha\u0142a Pieszki jest upami\u0119tniana w Zamo\u015bciu i Warszawie.<br \/>\n\u2013 Jego imieniem zosta\u0142a kilkana\u015bcie lat temu nazwana ulica w Zamo\u015bciu.<br \/>\n\u2013 Od wielu lat Klub Przewodnik\u00f3w Turystyczno-Krajoznawczych przy oddziale PTTK w Zamo\u015bciu nosi imi\u0119 Micha\u0142a Pieszki.<br \/>\n\u2013 W lutym 1997 r. Warszawskie Ko\u0142o Zamo\u015bcian przy oddziale sto\u0142ecznym PTTK im. Aleksandra Janowskiego uzna\u0142o Micha\u0142a Pieszk\u0119 za swojego patrona.<br \/>\n\u2013 Pod koniec listopada 2009 r., w zwi\u0105zku ze zbli\u017caj\u0105c\u0105 si\u0119 40. rocznic\u0105 \u015bmierci, Prezydent Miasta Zamo\u015b\u0107 Marcin Zamoyski, Sekretarz Generalny PTTK Andrzej Gordon i zamojscy harcerze uroczy\u015bcie ods\u0142onili w sali konferencyjnej ZG PTTK portret Micha\u0142a Pieszki \u2013 do\u0142\u0105czaj\u0105c tym faktem Zamo\u015bcianina do grona najbardziej zas\u0142u\u017conych dla polskiego ruchu krajoznawczego.<br \/>\n\u2013 W sierpniu 2015 r. Ksi\u0105\u017cnica Zamojska zademonstrowa\u0142a wystaw\u0119 rocznicow\u0105 z okazji 125. rocznicy urodzin i 45. rocznicy \u015bmierci pt. \u201eMicha\u0142 Pieszko (1890-1969) \u2013 nauczyciel, badacz, popularyzator dziej\u00f3w Zamo\u015bcia\u201d.<br \/>\n\u2013\u00a0We wrze\u015bniu 2018\u00a0r. zosta\u0142a umieszczona przy portalu Kamienicy Turobi\u0144skiej tablica z piaskowca j\u00f3zefowskiego \u2013 ufundowana przez Urz\u0105d Miasta Zamo\u015b\u0107 i Oddzia\u0142 PTTK w Zamo\u015bciu \u2013 upami\u0119tniaj\u0105ca Micha\u0142a Pieszk\u0119:<\/p>\n<p style=\"text-align: center;\">\u201eZAMO\u015a\u0106 TO NAJPI\u0118KNIEJSZA KARTA DZIEJ\u00d3W I KULTURY POLSKIEJ\u201d<br \/>\nTW\u00d3RCA PRZEWODNIKA PO ZAMO\u015aCIU<br \/>\nWSP\u00d3\u0141ORGANIZATOR ZAMOJSKIEGO<br \/>\nODDZIA\u0141U PTK - PTTK<br \/>\nPIEWCA ZIEMI ZAMOJSKIEJ<br \/>\nMICHA\u0141 PIESZKO<br \/>\n1890 \u2013 1969<\/p>\n<p>Prof. Micha\u0142 Pieszko by\u0142 tak\u017ce inicjatorem powstania przy PTTK Warszawskiego Ko\u0142a Zamo\u015bcian, kt\u00f3rego uroczyste obchody 60-lecia realizowane b\u0119d\u0105 w marcu 2020 r.<\/p>\n<p>Kazimierz J. Latuch<\/p>\n<p>&nbsp;<\/p>\n<p><a href=\"https:\/\/turysta2.pttk.pl\/wp-content\/uploads\/2020\/04\/IV.2.1.50-rocznica-\u015bmierci-prof-Micha\u0142a-Pieszki-Fot-3-scaled.jpg\"><img loading=\"lazy\" decoding=\"async\" class=\"aligncenter size-large wp-image-24347\" src=\"https:\/\/turysta2.pttk.pl\/wp-content\/uploads\/2020\/04\/IV.2.1.50-rocznica-\u015bmierci-prof-Micha\u0142a-Pieszki-Fot-3-1024x682.jpg\" alt=\"\" width=\"604\" height=\"402\" srcset=\"https:\/\/turysta2.pttk.pl\/wp-content\/uploads\/2020\/04\/IV.2.1.50-rocznica-\u015bmierci-prof-Micha\u0142a-Pieszki-Fot-3-1024x682.jpg 1024w, https:\/\/turysta2.pttk.pl\/wp-content\/uploads\/2020\/04\/IV.2.1.50-rocznica-\u015bmierci-prof-Micha\u0142a-Pieszki-Fot-3-300x200.jpg 300w, https:\/\/turysta2.pttk.pl\/wp-content\/uploads\/2020\/04\/IV.2.1.50-rocznica-\u015bmierci-prof-Micha\u0142a-Pieszki-Fot-3-768x511.jpg 768w, https:\/\/turysta2.pttk.pl\/wp-content\/uploads\/2020\/04\/IV.2.1.50-rocznica-\u015bmierci-prof-Micha\u0142a-Pieszki-Fot-3-1536x1023.jpg 1536w, https:\/\/turysta2.pttk.pl\/wp-content\/uploads\/2020\/04\/IV.2.1.50-rocznica-\u015bmierci-prof-Micha\u0142a-Pieszki-Fot-3-2048x1363.jpg 2048w\" sizes=\"auto, (max-width: 604px) 100vw, 604px\" \/><\/a><\/p>\n<p><a href=\"https:\/\/turysta2.pttk.pl\/wp-content\/uploads\/2020\/04\/IV.2.1.50-rocznica-\u015bmierci-prof-Micha\u0142a-Pieszki-Fot-2-scaled.jpg\"><img loading=\"lazy\" decoding=\"async\" class=\"aligncenter size-large wp-image-24346\" src=\"https:\/\/turysta2.pttk.pl\/wp-content\/uploads\/2020\/04\/IV.2.1.50-rocznica-\u015bmierci-prof-Micha\u0142a-Pieszki-Fot-2-1024x682.jpg\" alt=\"\" width=\"604\" height=\"402\" srcset=\"https:\/\/turysta2.pttk.pl\/wp-content\/uploads\/2020\/04\/IV.2.1.50-rocznica-\u015bmierci-prof-Micha\u0142a-Pieszki-Fot-2-1024x682.jpg 1024w, https:\/\/turysta2.pttk.pl\/wp-content\/uploads\/2020\/04\/IV.2.1.50-rocznica-\u015bmierci-prof-Micha\u0142a-Pieszki-Fot-2-300x200.jpg 300w, https:\/\/turysta2.pttk.pl\/wp-content\/uploads\/2020\/04\/IV.2.1.50-rocznica-\u015bmierci-prof-Micha\u0142a-Pieszki-Fot-2-768x511.jpg 768w, https:\/\/turysta2.pttk.pl\/wp-content\/uploads\/2020\/04\/IV.2.1.50-rocznica-\u015bmierci-prof-Micha\u0142a-Pieszki-Fot-2-1536x1023.jpg 1536w, https:\/\/turysta2.pttk.pl\/wp-content\/uploads\/2020\/04\/IV.2.1.50-rocznica-\u015bmierci-prof-Micha\u0142a-Pieszki-Fot-2-2048x1363.jpg 2048w\" sizes=\"auto, (max-width: 604px) 100vw, 604px\" \/><\/a><\/p>\n<p><a href=\"https:\/\/turysta2.pttk.pl\/wp-content\/uploads\/2020\/04\/IV.2.1.50-rocznica-\u015bmierci-prof-Micha\u0142a-Pieszki-Fot-1-scaled.jpg\"><img loading=\"lazy\" decoding=\"async\" class=\"aligncenter size-large wp-image-24345\" src=\"https:\/\/turysta2.pttk.pl\/wp-content\/uploads\/2020\/04\/IV.2.1.50-rocznica-\u015bmierci-prof-Micha\u0142a-Pieszki-Fot-1-682x1024.jpg\" alt=\"\" width=\"604\" height=\"907\" srcset=\"https:\/\/turysta2.pttk.pl\/wp-content\/uploads\/2020\/04\/IV.2.1.50-rocznica-\u015bmierci-prof-Micha\u0142a-Pieszki-Fot-1-682x1024.jpg 682w, https:\/\/turysta2.pttk.pl\/wp-content\/uploads\/2020\/04\/IV.2.1.50-rocznica-\u015bmierci-prof-Micha\u0142a-Pieszki-Fot-1-200x300.jpg 200w, https:\/\/turysta2.pttk.pl\/wp-content\/uploads\/2020\/04\/IV.2.1.50-rocznica-\u015bmierci-prof-Micha\u0142a-Pieszki-Fot-1-768x1154.jpg 768w, https:\/\/turysta2.pttk.pl\/wp-content\/uploads\/2020\/04\/IV.2.1.50-rocznica-\u015bmierci-prof-Micha\u0142a-Pieszki-Fot-1-1023x1536.jpg 1023w, https:\/\/turysta2.pttk.pl\/wp-content\/uploads\/2020\/04\/IV.2.1.50-rocznica-\u015bmierci-prof-Micha\u0142a-Pieszki-Fot-1-1363x2048.jpg 1363w, https:\/\/turysta2.pttk.pl\/wp-content\/uploads\/2020\/04\/IV.2.1.50-rocznica-\u015bmierci-prof-Micha\u0142a-Pieszki-Fot-1-scaled.jpg 1704w\" sizes=\"auto, (max-width: 604px) 100vw, 604px\" \/><\/a><\/p>\n","protected":false},"excerpt":{"rendered":"4 grudnia 2019 r. w sali konferencyjnej Zarz\u0105du G\u0142\u00f3wnego PTTK odby\u0142o si\u0119 kolejne, comiesi\u0119czne spotkanie cz\u0142onk\u00f3w i sympatyk\u00f3w Warszawskiego Ko\u0142a Zamo\u015bcian dzia\u0142aj\u0105cego ju\u017c od 60. lat przy oddziale sto\u0142ecznym. Tym razem by\u0142o to spotkanie okoliczno\u015bciowe, spotkanie po\u015bwi\u0119cone przypomnieniu sylwetki prof. Micha\u0142a Pieszki \u2013 zmar\u0142ego 50. lat temu patrona Warszawskiego Ko\u0142a Zamo\u015bcian przy PTTK. stycze\u0144-marzec\/1(1)2020 W zwi\u0105zku z t\u0105 rocznic\u0105 portret&nbsp;<a href=\"https:\/\/turysta2.pttk.pl\/?p=24339\" class=\"read-more\">Continue Reading<\/a>","protected":false},"author":4,"featured_media":24346,"comment_status":"closed","ping_status":"closed","sticky":false,"template":"","format":"standard","meta":{"footnotes":""},"categories":[79],"tags":[],"class_list":["post-24339","post","type-post","status-publish","format-standard","has-post-thumbnail","hentry","category-z-historii-towarzystwa","cat-79-id"],"aioseo_notices":[],"_links":{"self":[{"href":"https:\/\/turysta2.pttk.pl\/index.php?rest_route=\/wp\/v2\/posts\/24339","targetHints":{"allow":["GET"]}}],"collection":[{"href":"https:\/\/turysta2.pttk.pl\/index.php?rest_route=\/wp\/v2\/posts"}],"about":[{"href":"https:\/\/turysta2.pttk.pl\/index.php?rest_route=\/wp\/v2\/types\/post"}],"author":[{"embeddable":true,"href":"https:\/\/turysta2.pttk.pl\/index.php?rest_route=\/wp\/v2\/users\/4"}],"replies":[{"embeddable":true,"href":"https:\/\/turysta2.pttk.pl\/index.php?rest_route=%2Fwp%2Fv2%2Fcomments&post=24339"}],"version-history":[{"count":9,"href":"https:\/\/turysta2.pttk.pl\/index.php?rest_route=\/wp\/v2\/posts\/24339\/revisions"}],"predecessor-version":[{"id":25323,"href":"https:\/\/turysta2.pttk.pl\/index.php?rest_route=\/wp\/v2\/posts\/24339\/revisions\/25323"}],"wp:featuredmedia":[{"embeddable":true,"href":"https:\/\/turysta2.pttk.pl\/index.php?rest_route=\/wp\/v2\/media\/24346"}],"wp:attachment":[{"href":"https:\/\/turysta2.pttk.pl\/index.php?rest_route=%2Fwp%2Fv2%2Fmedia&parent=24339"}],"wp:term":[{"taxonomy":"category","embeddable":true,"href":"https:\/\/turysta2.pttk.pl\/index.php?rest_route=%2Fwp%2Fv2%2Fcategories&post=24339"},{"taxonomy":"post_tag","embeddable":true,"href":"https:\/\/turysta2.pttk.pl\/index.php?rest_route=%2Fwp%2Fv2%2Ftags&post=24339"}],"curies":[{"name":"wp","href":"https:\/\/api.w.org\/{rel}","templated":true}]}}