{"id":24323,"date":"2020-04-30T08:41:08","date_gmt":"2020-04-30T06:41:08","guid":{"rendered":"https:\/\/turysta2.pttk.pl\/?p=24323"},"modified":"2023-03-27T11:40:25","modified_gmt":"2023-03-27T09:40:25","slug":"59-centralny-zlot-mlodziezy-palmiry-2019","status":"publish","type":"post","link":"https:\/\/turysta2.pttk.pl\/?p=24323","title":{"rendered":"59. Centralny Zlot M\u0142odzie\u017cy PALMIRY&#8217;2019"},"content":{"rendered":"<p><strong>Podczas 59. Centralnego Zlotu M\u0142odzie\u017cy PALMIRY'2019 spotka\u0142o si\u0119 kilka pokole\u0144 turyst\u00f3w. To jedna z niewielu inicjatyw jednocz\u0105cych turystycznych \u201edinozaur\u00f3w\u201d i \u201emaluchy\u201d, wytrawnych turyst\u00f3w, do\u015bwiadczonych harcerzy oraz niedzielnych w\u0119drowc\u00f3w. Wszyscy chcieli tam by\u0107, spotka\u0107 znajomych, zobaczy\u0107, prze\u017cy\u0107\u2026 Rekreacja przeplata\u0142a si\u0119 z wyczynem, rado\u015b\u0107 z nostalgicznymi wspomnieniami, gdy\u017c mo\u017cna by\u0142o i\u015b\u0107 \u015bcie\u017ckami, kt\u00f3rymi wcze\u015bniej przechodzi\u0142a historia. Uczestnicy zatrzymywali si\u0119 przy bezimiennych mogi\u0142ach i tablicach ku czci bohater\u00f3w, podziwiali pomniki przyrody oraz zabytki dalszej i bli\u017cszej historii.<\/strong><\/p>\n<pre>stycze\u0144-marzec\/1(1)2020<\/pre>\n<p>Tegoroczna edycja odby\u0142a si\u0119 19 pa\u017adziernika 2019 roku, a jej program obejmowa\u0142 trasy piesze, rowerowe oraz turystyczno-rekreacyjne biegi na orientacj\u0119. Jak co roku, zach\u0119cali\u015bmy uczestnik\u00f3w do podziwiania pi\u0119kna Puszczy Kampinoskiej, jej poznania i pokochania, a w konsekwencji do aktywno\u015bci w zakresie ochrony przyrody.<br \/>\nTa wyj\u0105tkowa impreza patriotyczna sta\u0142a si\u0119 elementem naszego dziedzictwa narodowego.<\/p>\n<p>Tegoroczny zlot po\u015bwi\u0119cony by\u0142 101 rocznicy odzyskania przez Polsk\u0119 niepodleg\u0142o\u015bci, 80 rocznicy bitwy nad Bzur\u0105 oraz powo\u0142ania Powsta\u0144czych Oddzia\u0142\u00f3w Specjalnych \u201eJerzyki\u201d, a tak\u017ce 60-leciu Kampinoskiego Parku Narodowego. Pami\u0119tano r\u00f3wnie\u017c o poleg\u0142ych, bestialsko rozstrzelanych w\u00a0Puszczy Kampinoskiej podczas II wojny \u015bwiatowej. Na zlot przybyli uczestnicy nie tylko z\u00a0wojew\u00f3dztwa mazowieckiego, ale r\u00f3wnie\u017c z\u00a0kujawsko-pomorskiego, \u0142\u00f3dzkiego, pomorskiego oraz wielkopolskiego. W\u00a0tegorocznej edycji zlotu wzi\u0119\u0142o udzia\u0142 ponad 900 uczestnik\u00f3w, pochodz\u0105cych z 33 miejscowo\u015bci.<\/p>\n<p>Do przygotowania i przeprowadzenia zlotu w\u0142\u0105czyli si\u0119 dzia\u0142acze z 10 oddzia\u0142\u00f3w: PTTK \u201eMazowsze\u201d, PTTK \u201eMarymont\u201d w Warszawie, Oddzia\u0142u Zak\u0142adowego PTTK przy Polskim Koncernie Naftowym ORLEN Sp\u00f3\u0142ka Akcyjna w P\u0142ocku, PTTK \u201e\u0141ucznik\u201d w\u00a0Radomiu, PTTK \u201eUrsus\u201d, Oddzia\u0142u Sto\u0142ecznego PTTK im. Aleksandra Janowskiego, Warszawskiego Oddzia\u0142u Przewodnik\u00f3w PTTK, Oddzia\u0142u Warszawskiego PTTK, Oddzia\u0142u Mi\u0119dzyuczelnianego PTTK w Warszawie, PTTK \u201ePodlasie\u201d w Siedlcach, a tak\u017ce pracownicy Biura ZG PTTK, Mazowiecka Komisja Imprez na Orientacj\u0119 PTTK oraz\u00a0Centrum Turystyki Wodnej PTTK.<\/p>\n<p>Zlot obj\u0119li honorowym patronatem: Minister Obrony Narodowej Mariusz B\u0142aszczak, Minister Edukacji Narodowej Dariusz Piontkowski, Sekretarz Stanu Ministerstwa Sportu i Turystyki Anna Krupka, Szef Urz\u0119du do Spraw Kombatant\u00f3w i Os\u00f3b Represjonowanych, Wojewoda Mazowiecki Konstanty Radziwi\u0142, Marsza\u0142ek Wojew\u00f3dztwa Mazowieckiego Adam Struzik, Prezydent m. st. Warszawy Rafa\u0142 Trzaskowski, Burmistrz \u0141omianek Ma\u0142gorzata \u017bebrowska-Piotrak, W\u00f3jt Gminy Czosn\u00f3w Antoni Kr\u0119\u017alewicz oraz W\u00f3jt Gminy Pomiech\u00f3wek Dariusz Bielecki.<\/p>\n<p>Wsp\u00f3\u0142organizatorami byli: samorz\u0105d Wojew\u00f3dztwa Mazowieckiego, dyrekcja Kampinoskiego Parku Narodowego, miasto \u0141omianki, Stowarzyszenie Pami\u0119ci Powsta\u0144czych Oddzia\u0142\u00f3w Specjalnych \u201eJerzyki\u201d Armii Krajowej, komenda Chor\u0105gwi Sto\u0142ecznej ZHP, Muzeum \u2013 Miejsce Pami\u0119ci Palmiry, Stowarzyszenie Proobronne \u201eAmor Patriae\u201d, Stowarzyszenie Wierni Ojczy\u017anie, Biuro Broker\u00f3w Ubezpieczeniowych Maxima Fides Sp.\u00a0z\u00a0o.o., Mazowieckie Forum Oddzia\u0142\u00f3w PTTK. Wsparcia przy organizacji i przeprowadzeniu zlotu udzielili: Dow\u00f3dztwo Garnizonu Warszawa, 2.\u00a0Mazowiecki Pu\u0142k Saper\u00f3w, 32. Wieliszewski Dywizjon Rakietowy, funkcjonariusze Policji (Komenda Powiatowa Policji w\u00a0Nowym Dworze Mazowieckim, Komenda Powiatowa Policji dla Powiatu Warszawskiego Zachodniego, Komisariat Policji w\u00a0Czosnowie) i Ochotniczej Stra\u017cy Po\u017carnej (OSP \u0141omna, OSP Izabelin, OSP Stare Babice, OSP Laski). Zlot by\u0142 dofinansowany ze \u015brodk\u00f3w Urz\u0119du do Spraw Kombatant\u00f3w i\u00a0Os\u00f3b Represjonowanych.<br \/>\nNa trasach turystycznych swoj\u0105 wiedz\u0105 wspiera\u0142a uczestnik\u00f3w kadra spo\u0142eczna PTTK pod przewodnictwem Mieczys\u0142awa \u017bochowskiego. I tak po trasach nr 1-10 oprowadzali: Jan Piotrowski, Piotr Celi\u0144ski, Agnieszka Furmankiewicz, Ryszard Wilk, Ma\u0142gorzata Wojtatowicz, Tomasz Micha\u0142owski, Jaros\u0142aw Karpi\u0144ski, Jerzy Stefan Tutaj, Jacek Marks, Anna P\u0142ywacz. Za trasy imprezy na orientacj\u0119 by\u0142y odpowiedzialne kole\u017canki Anna i\u00a0Zuzanna Malanowskie.<\/p>\n<p>Po pokonaniu tras turystycznych, uczestnicy przybyli na polan\u0119 k. wsi Pociecha. Tam\u00a0mogli odpocz\u0105\u0107, wzi\u0105\u0107 udzia\u0142 w pokazach ratownictwa, konkursach historycznych i\u00a0krajoznawczych, po\u015bpiewa\u0107 przy ognisku piosenki patriotyczne i turystyczne, a\u00a0tak\u017ce pozna\u0107 historyczne wyposa\u017cenie wojsk spadochronowych dzi\u0119ki Stowarzyszeniu Grupa Rekonstrukcji Historycznej \u201ePo\u0142udnie\u201d Polscy Spadochroniarze Wojskowi. Za udzia\u0142 w\u00a0konkursach uczestnicy otrzymywali nagrody ufundowane przez: Marsza\u0142ka Wojew\u00f3dztwa Mazowieckiego, Prezydenta Miasta Sto\u0142ecznego Warszawy, Burmistrza \u0141omianek, Sopockie Towarzystwo Ubezpiecze\u0144 ERGO Hestia Sp\u00f3\u0142ka Akcyjna oraz Polskie Towarzystwo Turystyczno-Krajoznawcze. Uczestnik\u00f3w przyby\u0142ych na polan\u0119 opiek\u0105 obj\u0119li dzia\u0142acze PTTK: Andrzej Rychlik, Monika Iglicka, Anna Iglicka, Wojciech Sk\u00f3ra, Anna Ostasz, Anna Zaniewska, Joanna Lipi\u0144ska, Adam Lipi\u0144ski, Andrzej Dybek, Gabriela Wierzbicka-Dybek, Marek Olejniczak, Wojciech Koboska oraz harcerze Chor\u0105gwi Sto\u0142ecznej ZHP.<\/p>\n<p>Zako\u0144czenie cz\u0119\u015bci turystycznej zlotu odby\u0142o si\u0119 tradycyjnie pod Krzy\u017cem Powsta\u0144czych Oddzia\u0142\u00f3w Specjalnych \u201eJerzyki\u201d. T\u0105 cz\u0119\u015b\u0107, przy udziale hejnalisty i werblisty poprowadzi\u0142a kapitan Karolina Kotecka z\u00a032 Wieliszewskiego Dywizjonu Rakietowego. Wart\u0119 honorow\u0105 przy pomniku pe\u0142nili harcerze z IV Szczepu ZHP im. Dzieci Walcz\u0105cej Warszawy, 43 GDH,,Wataha\" i Skauci z 10 szczepu Royal Rangers Polska. Powitano go\u015bci: kombatant\u00f3w \u2013 El\u017cbiet\u0119 Sadzy\u0144sk\u0105, Sekretarz Generaln\u0105 Zwi\u0105zku Kombatant\u00f3w RP i\u00a0By\u0142ych Wi\u0119\u017ani\u00f3w Politycznych, Wand\u0119 Baranowsk\u0105, przewodnicz\u0105c\u0105 Stowarzyszenia Pami\u0119ci Powsta\u0144czych Oddzia\u0142\u00f3w Specjalnych \u201eJerzyki\u201d Armii Krajowej i ich komendanta p\u0142k. Jerzego Strza\u0142kowskiego, Ann\u0119 Dytko z domu Je\u017c\u00f3\u0142kowsk\u0105, cz\u0142onka zespo\u0142u merytorycznego Fundacji Fort III Pomiech\u00f3wek, kt\u00f3ra jest prawnuczk\u0105 ofiary Fortu, Izabel\u0119 Stelma\u0144sk\u0105 przedstawiciela Marsza\u0142ka Wojew\u00f3dztwa Mazowieckiego, Krzysztofa Kapust\u0119, Starost\u0119 Nowodworskiego, Katarzyn\u0119 Mikrut i Jacka Ko\u015bcika \u2013 przedstawicieli Kampinoskiego Parku Narodowego, przedstawicieli Miasta i Gminy \u0141omianki \u2013 Adama Salwowskiego, Przewodnicz\u0105cego Rady oraz Paw\u0142a Bohdziewicza - Zast\u0119pc\u0119 Burmistrza \u0141omianek, Bo\u017cen\u0119 \u015aliwi\u0144sk\u0105 Sekretarz Gminy Pomiech\u00f3wek i Agnieszk\u0119 Brzezi\u0144sk\u0105-Bra\u0144sk\u0105 Dyrektor\u00a0O\u015brodka Kultury Pompa w\u00a0Pomiech\u00f3wku, hm. Dariusza Brzusk\u0119 z\u00a0Chor\u0105gwi Sto\u0142ecznej Zwi\u0105zku Harcerstwa Polskiego, Agnieszk\u0119 Wolsk\u0105 i Rafa\u0142a Domeradzkiego \u2013 przedstawicieli Biura Broker\u00f3w Ubezpieczeniowych Maxima-Fides, a\u00a0tak\u017ce w\u0142adze naczelne PTTK: Waldemara Osypiuka \u2013 wiceprezesa ZG PTTK, Dariusza Nazarczyka \u2013 skarbnika ZG\u00a0PTTK, Adama J\u0119drasa \u2013 sekretarza generalnego ZG PTTK, Paw\u0142a Mordala i Mieczys\u0142awa \u017bochowskiego \u2013 cz\u0142onk\u00f3w ZG PTTK. Odczytano pisma skierowane do\u00a0uczestnik\u00f3w Zlotu od Ministra Edukacji Narodowej oraz Szefa Urz\u0119du do Spraw Kombatant\u00f3w i Os\u00f3b Represjonowanych.<\/p>\n<p>Delegacje z\u0142o\u017cy\u0142y wie\u0144ce, wi\u0105zanki oraz zapali\u0142y znicze. Pomocy przy organizacji tej cz\u0119\u015bci zlotu udzielili Wies\u0142aw Pietrzak z Oddzia\u0142u PTTK \u201eMarymont\u201d w Warszawie, Dom Kultury Izabelin, Harcerze z IV Szczepu ZHP im. Dzieci Walcz\u0105cej Warszawy, 43 GDH ,, Wataha\" z druhn\u0105 Ma\u0142gorzat\u0105 Biega\u0142\u0105, Skauci z 10 szczepu Royal Rangers Polska z druhem Micha\u0142em Sadu\u0142\u0105... Nast\u0119pnie uczestnicy uformowali kolumn\u0119 zlotow\u0105, kt\u00f3ra maszeruj\u0105c Palmirsk\u0105 Drog\u0105 \u015amierci uda\u0142a si\u0119 na cmentarz \u2013 mauzoleum w Palmirach. W tym roku znicze na cmentarzu-mauzoleum zapalali: przedstawiciele Biura ZG PTTK \u2013 Joanna Ko\u015bnik, Karolina Rukat, Katarzyna Szyler i Marcin Jaworski i dzia\u0142acze Stowarzysze\u0144 Proobronnego \u201eAmor Patriae\u201d i Wierni Ojczy\u017anie.<\/p>\n<p>Uroczysto\u015bci na\u00a0cmentarzu-mauzoleum w\u00a0Palmirach przygotowali i poprowadzili oficerowie Wojska Polskiego z 2 Mazowieckiego Pu\u0142ku Saper\u00f3w: mjr Agnieszka Kr\u00f3lak, por. Monika Jasi\u0144ska, ppor. Marcin Szczepa\u0144ski. Opraw\u0119 muzyczn\u0105 oraz asyst\u0119 honorow\u0105 zapewni\u0142y jednostki Wojska Polskiego: Dow\u00f3dztwo Garnizonu Warszawa i 2 Mazowiecki Pu\u0142k Saper\u00f3w. G\u0142os w imieniu Zarz\u0105du G\u0142\u00f3wnego PTTK zabra\u0142 Waldemar Osypiuk, a\u00a0w\u00a0imieniu Urz\u0119du Marsza\u0142kowskiego Izabela Stelma\u0144ska. Podczas uroczysto\u015bci tradycyjnie odby\u0142o si\u0119 przekazanie urny z ziemi\u0105 z miejsca pami\u0119ci narodowej. Ziemi\u0119 uroczy\u015bcie pobrano 28 pa\u017adziernika 2019 r. z\u00a0miejsca zbrodni w Forcie III w Pomiech\u00f3wku, kt\u00f3r\u0105 Bo\u017cena \u015aliwi\u0144ska, sekretarz Gminy Pomiech\u00f3wek i Agnieszka Brzezi\u0144ska-Bra\u0144ska, dyrektor\u00a0O\u015brodka Kultury Pompa w Pomiech\u00f3wku, przekaza\u0142y Joannie Maldis, kierownikowi Muzeum \u2013 Miejsca Pami\u0119ci Palmiry, Oddzia\u0142u Muzeum Warszawy.<\/p>\n<p>Agnieszka Brzezi\u0144ska-Bra\u0144ska przypomnia\u0142a uczestnikom histori\u0119 Fortu III w\u00a0Pomiech\u00f3wku. Nie jeste\u015bmy dzi\u015b w stanie okre\u015bli\u0107 dok\u0142adnej liczby zamordowanych w\u00a0Forcie wi\u0119\u017ani\u00f3w. Szacuje si\u0119, \u017ce mog\u0142o przez niego przej\u015b\u0107 oko\u0142o 50 tysi\u0119cy ludzi, z czego \u015bmier\u0107 w Pomiech\u00f3wku ponios\u0142o nawet\u00a0do 12 tysi\u0119cy. Gin\u0119li Polacy i \u017bydzi, \u017co\u0142nierze AK, NSZ, Batalion\u00f3w Ch\u0142opskich i Gwardii Ludowej, komuni\u015bci, ludowcy, narodowcy, inteligencja, ksi\u0119\u017ca i ch\u0142opi. Na wszystkich wi\u0119kszych cmentarzach p\u00f3\u0142nocnego Mazowsza znajduj\u0105 si\u0119 mogi\u0142y ofiar Fortu III w Pomiech\u00f3wku.<\/p>\n<p>Komandorem zlotu by\u0142a Natalia Wojtyra, dokumentacj\u0119 fotograficzn\u0105 wykonali Patrycja Bartula-Jakubowska i J\u0119drzej Jakubowski-Bartula. Autorem znaczka tegorocznej edycji jest W\u0142odzimierz Majdewicz \u2013 Cz\u0142onek Honorowy PTTK. Za koordynacj\u0119 transportu zbiorowego uczestnik\u00f3w i obs\u0142ugi odpowiedzialni byli Mieczys\u0142aw \u017bochowski i Tomasz Podle\u015b. Do zobaczenia za rok na palmirskim szlaku!<\/p>\n<p>Natalia Wojtyra<\/p>\n<p><em>Fot.<\/em> Patrycja Bartula-Jakubowska, J\u0119drzej Jakubowski-Bartula<\/p>\n<p><a href=\"https:\/\/turysta2.pttk.pl\/wp-content\/uploads\/2020\/04\/7-DSC011581-scaled.jpg\"><img loading=\"lazy\" decoding=\"async\" class=\"aligncenter size-large wp-image-24328\" src=\"https:\/\/turysta2.pttk.pl\/wp-content\/uploads\/2020\/04\/7-DSC011581-1024x684.jpg\" alt=\"\" width=\"604\" height=\"403\" srcset=\"https:\/\/turysta2.pttk.pl\/wp-content\/uploads\/2020\/04\/7-DSC011581-1024x684.jpg 1024w, https:\/\/turysta2.pttk.pl\/wp-content\/uploads\/2020\/04\/7-DSC011581-300x200.jpg 300w, https:\/\/turysta2.pttk.pl\/wp-content\/uploads\/2020\/04\/7-DSC011581-768x513.jpg 768w, https:\/\/turysta2.pttk.pl\/wp-content\/uploads\/2020\/04\/7-DSC011581-1536x1026.jpg 1536w, https:\/\/turysta2.pttk.pl\/wp-content\/uploads\/2020\/04\/7-DSC011581-2048x1368.jpg 2048w\" sizes=\"auto, (max-width: 604px) 100vw, 604px\" \/><\/a> <a href=\"https:\/\/turysta2.pttk.pl\/wp-content\/uploads\/2020\/04\/7-DSC010581-scaled.jpg\"><img loading=\"lazy\" decoding=\"async\" class=\"aligncenter size-large wp-image-24327\" src=\"https:\/\/turysta2.pttk.pl\/wp-content\/uploads\/2020\/04\/7-DSC010581-1024x684.jpg\" alt=\"\" width=\"604\" height=\"403\" srcset=\"https:\/\/turysta2.pttk.pl\/wp-content\/uploads\/2020\/04\/7-DSC010581-1024x684.jpg 1024w, https:\/\/turysta2.pttk.pl\/wp-content\/uploads\/2020\/04\/7-DSC010581-300x200.jpg 300w, https:\/\/turysta2.pttk.pl\/wp-content\/uploads\/2020\/04\/7-DSC010581-768x513.jpg 768w, https:\/\/turysta2.pttk.pl\/wp-content\/uploads\/2020\/04\/7-DSC010581-1536x1026.jpg 1536w, https:\/\/turysta2.pttk.pl\/wp-content\/uploads\/2020\/04\/7-DSC010581-2048x1368.jpg 2048w\" sizes=\"auto, (max-width: 604px) 100vw, 604px\" \/><\/a> <a href=\"https:\/\/turysta2.pttk.pl\/wp-content\/uploads\/2020\/04\/07-DSC012351-scaled.jpg\"><img loading=\"lazy\" decoding=\"async\" class=\"aligncenter size-large wp-image-24325\" src=\"https:\/\/turysta2.pttk.pl\/wp-content\/uploads\/2020\/04\/07-DSC012351-684x1024.jpg\" alt=\"\" width=\"604\" height=\"904\" srcset=\"https:\/\/turysta2.pttk.pl\/wp-content\/uploads\/2020\/04\/07-DSC012351-684x1024.jpg 684w, https:\/\/turysta2.pttk.pl\/wp-content\/uploads\/2020\/04\/07-DSC012351-200x300.jpg 200w, https:\/\/turysta2.pttk.pl\/wp-content\/uploads\/2020\/04\/07-DSC012351-768x1150.jpg 768w, https:\/\/turysta2.pttk.pl\/wp-content\/uploads\/2020\/04\/07-DSC012351-1025x1536.jpg 1025w, https:\/\/turysta2.pttk.pl\/wp-content\/uploads\/2020\/04\/07-DSC012351-1367x2048.jpg 1367w, https:\/\/turysta2.pttk.pl\/wp-content\/uploads\/2020\/04\/07-DSC012351-scaled.jpg 1709w\" sizes=\"auto, (max-width: 604px) 100vw, 604px\" \/><\/a> <a href=\"https:\/\/turysta2.pttk.pl\/wp-content\/uploads\/2020\/04\/07-DSC011341-scaled.jpg\"><img loading=\"lazy\" decoding=\"async\" class=\"aligncenter size-large wp-image-24324\" src=\"https:\/\/turysta2.pttk.pl\/wp-content\/uploads\/2020\/04\/07-DSC011341-1024x684.jpg\" alt=\"\" width=\"604\" height=\"403\" srcset=\"https:\/\/turysta2.pttk.pl\/wp-content\/uploads\/2020\/04\/07-DSC011341-1024x684.jpg 1024w, https:\/\/turysta2.pttk.pl\/wp-content\/uploads\/2020\/04\/07-DSC011341-300x200.jpg 300w, https:\/\/turysta2.pttk.pl\/wp-content\/uploads\/2020\/04\/07-DSC011341-768x513.jpg 768w, https:\/\/turysta2.pttk.pl\/wp-content\/uploads\/2020\/04\/07-DSC011341-1536x1026.jpg 1536w, https:\/\/turysta2.pttk.pl\/wp-content\/uploads\/2020\/04\/07-DSC011341-2048x1368.jpg 2048w\" sizes=\"auto, (max-width: 604px) 100vw, 604px\" \/><\/a><\/p>\n","protected":false},"excerpt":{"rendered":"Podczas 59. Centralnego Zlotu M\u0142odzie\u017cy PALMIRY'2019 spotka\u0142o si\u0119 kilka pokole\u0144 turyst\u00f3w. To jedna z niewielu inicjatyw jednocz\u0105cych turystycznych \u201edinozaur\u00f3w\u201d i \u201emaluchy\u201d, wytrawnych turyst\u00f3w, do\u015bwiadczonych harcerzy oraz niedzielnych w\u0119drowc\u00f3w. Wszyscy chcieli tam by\u0107, spotka\u0107 znajomych, zobaczy\u0107, prze\u017cy\u0107\u2026 Rekreacja przeplata\u0142a si\u0119 z wyczynem, rado\u015b\u0107 z nostalgicznymi wspomnieniami, gdy\u017c mo\u017cna by\u0142o i\u015b\u0107 \u015bcie\u017ckami, kt\u00f3rymi wcze\u015bniej przechodzi\u0142a historia. Uczestnicy zatrzymywali si\u0119 przy bezimiennych mogi\u0142ach&nbsp;<a href=\"https:\/\/turysta2.pttk.pl\/?p=24323\" class=\"read-more\">Continue Reading<\/a>","protected":false},"author":4,"featured_media":24327,"comment_status":"closed","ping_status":"closed","sticky":false,"template":"","format":"standard","meta":{"footnotes":""},"categories":[68],"tags":[],"class_list":["post-24323","post","type-post","status-publish","format-standard","has-post-thumbnail","hentry","category-turystyka-piesza","cat-68-id"],"aioseo_notices":[],"_links":{"self":[{"href":"https:\/\/turysta2.pttk.pl\/index.php?rest_route=\/wp\/v2\/posts\/24323","targetHints":{"allow":["GET"]}}],"collection":[{"href":"https:\/\/turysta2.pttk.pl\/index.php?rest_route=\/wp\/v2\/posts"}],"about":[{"href":"https:\/\/turysta2.pttk.pl\/index.php?rest_route=\/wp\/v2\/types\/post"}],"author":[{"embeddable":true,"href":"https:\/\/turysta2.pttk.pl\/index.php?rest_route=\/wp\/v2\/users\/4"}],"replies":[{"embeddable":true,"href":"https:\/\/turysta2.pttk.pl\/index.php?rest_route=%2Fwp%2Fv2%2Fcomments&post=24323"}],"version-history":[{"count":7,"href":"https:\/\/turysta2.pttk.pl\/index.php?rest_route=\/wp\/v2\/posts\/24323\/revisions"}],"predecessor-version":[{"id":25325,"href":"https:\/\/turysta2.pttk.pl\/index.php?rest_route=\/wp\/v2\/posts\/24323\/revisions\/25325"}],"wp:featuredmedia":[{"embeddable":true,"href":"https:\/\/turysta2.pttk.pl\/index.php?rest_route=\/wp\/v2\/media\/24327"}],"wp:attachment":[{"href":"https:\/\/turysta2.pttk.pl\/index.php?rest_route=%2Fwp%2Fv2%2Fmedia&parent=24323"}],"wp:term":[{"taxonomy":"category","embeddable":true,"href":"https:\/\/turysta2.pttk.pl\/index.php?rest_route=%2Fwp%2Fv2%2Fcategories&post=24323"},{"taxonomy":"post_tag","embeddable":true,"href":"https:\/\/turysta2.pttk.pl\/index.php?rest_route=%2Fwp%2Fv2%2Ftags&post=24323"}],"curies":[{"name":"wp","href":"https:\/\/api.w.org\/{rel}","templated":true}]}}