{"id":24322,"date":"2020-04-30T08:41:33","date_gmt":"2020-04-30T06:41:33","guid":{"rendered":"https:\/\/turysta2.pttk.pl\/?p=24322"},"modified":"2023-03-27T11:40:24","modified_gmt":"2023-03-27T09:40:24","slug":"jubileusz-55-lecia-kola-przewodnikow-miejskich-i-terenowych-oddzialu-pttk-marynarki-wojennej-w-gdyni","status":"publish","type":"post","link":"https:\/\/turysta2.pttk.pl\/?p=24322","title":{"rendered":"Jubileusz 55-lecia Ko\u0142a Przewodnik\u00f3w Miejskich i Terenowych Oddzia\u0142u PTTK\u00a0Marynarki Wojennej w Gdyni"},"content":{"rendered":"<p>&nbsp;<\/p>\n<p><strong>Wa\u017cn\u0105 uroczysto\u015bci\u0105 \u015brodowiska przewodnickiego by\u0142 obchodzony w interesuj\u0105cej oprawie Jubileusz 55-lecia Ko\u0142a Przewod\u00adni\u00adk\u00f3w Miejskich i Terenowych Oddzia\u0142u PTTK Marynarki Wo\u00adjen\u00adnej w Gdyni, kt\u00f3ry od\u00adby\u00ad\u0142 si\u0119 wiosn\u0105 2019 roku pod has\u0142em: Gospodarka mor\u00adska \u2013 jak to dzia\u0142a?<\/strong><\/p>\n<pre>stycze\u0144-marzec\/1(1)2020<\/pre>\n<p>Uczestnicy, reprezentuj\u0105cy rozmaite \u015brodo\u00adwis\u00adka prze\u00adwodnickie, przybyli niemal z ca\u0142ej Polski, mi\u0119dzy innymi: Ciechanowa, Cz\u0119stochowy, Gi\u00ad\u017cycka, Jastrz\u0119bia Zdroju, \u0141odzi, Ostrowa Wielkopolskiego, P\u0142ocka, Szamotu\u0142, Trze\u00adbiatowa, Z\u0142otowa czy wreszcie Warszawy. Nie zabrak\u0142o oczywi\u015bcie go\u015b\u00adci z bli\u017cszej okolicy, czyli L\u0119borka, S\u0142upska, Wejherowa oraz Gda\u0144ska. Przybyli oni razem z gospodarzami \u2013 cz\u0142onkami ko\u0142a. Wszyscy zebrali si\u0119 w\u00a0 wy\u00adtwornych, klasycystycznych wn\u0119trzach gdy\u0144skiego Klubu Marynarki Wojennej \u201eRiwiera\u201d, bior\u0105c udzia\u0142 w uro\u00adczys\u00adtym rozpocz\u0119ciu, po kt\u00f3rym na\u00adst\u0105\u00adpi\u0142y wyst\u0105pienia zaproszo\u00adnych go\u015bci, w tym przedstawicieli Urz\u0119du Miasta Gdy\u00adni, na czele z przewod\u00adni\u00adcz\u0105\u00adc\u0105 Rady Miasta Joann\u0105 Zieli\u0144sk\u0105 i naczelnikiem Wydzia\u0142u Ochrony Dziedzictwa UM Gdyni Markiem St\u0119p\u0105. Wr\u0119czono r\u00f3wnie\u017c dyplomy PTTK, kt\u00f3re otrzyma\u0142y Krystyna Bazylko, Barbara Herdzik, Joanna Leman, El\u017cbieta Malec i Ewelina Marciniak oraz Br\u0105zow\u0105 Honorow\u0105 Odznak\u0119 PTTK, kt\u00f3r\u0105 wr\u0119czono Markowi Filipskiemu. Prezesowi ko\u0142a Jaros\u0142awowi Kaczmarczykowi Prezydent Miasta Gdyni Wojciech Szczurek przyzna\u0142 Medal \"Civitas e Mari\".<br \/>\nJubileuszow\u0105 sesj\u0119 u\u015bwietni\u0142 wyst\u0119p zespo\u0142u wokalnego \u201eReling\u201d 3 Flotylli Okr\u0119t\u00f3w, kt\u00f3ry przypomnia\u0142 szereg pie\u015bni o tematyce morskiej. Nast\u0119pnie zaproszeni pre\u00adle\u00adgen\u00adci przedstawili kilka zagad\u00adnie\u0144 zwi\u0105\u00ad\u00adza\u00adnych z prowadzon\u0105 w Gdyni gospo\u00addar\u00adk\u0105 morsk\u0105. Dyrektor Ba\u0142tyckiego Portu Nowych Technologii Ra\u00addo\u00ads\u0142aw Wika, opisa\u0142 histori\u0119 oraz perspektywy rozwoju kierowanego przez sie\u00adbie przedsi\u0119biorstwa. Tematem prelekcji dyrektora Baltic Contai\u00adner Terminal Micha\u0142a Ku\u017cajczyka, by\u0142y polskie porty na ryn\u00adku \u015bwia\u00adto\u00adwych przewoz\u00f3w kontenerowych. Nieco p\u00f3\u017aniej odby\u0142a si\u0119 in\u00adte\u00adre\u00adsuj\u0105ca wy\u00adciecz\u00adka autokarowa, podczas kt\u00f3rej ciekawych informacji udziela\u0142 prezes Ko\u0142a Jaros\u0142aw Kaczmarczyk. W ramach wycieczki uczestnicy odwiedzili g\u0142\u00f3wn\u0105 sie\u00addzi\u00adb\u0119 Ba\u0142tyckiego Portu Nowych Technologii (podziwiaj\u0105c unikatowy pod\u00adziem\u00adny schron i wspania\u0142\u0105, rozci\u0105gaj\u0105c\u0105 si\u0119 z najwy\u017cszego pi\u0119tra panoram\u0119 gdy\u0144\u00ad\u00adskich stoczni). Szczeg\u00f3ln\u0105 atrakcj\u0105 by\u0142a znakomicie utrzymana, zabytkowa mo\u00adto\u00adr\u00f3wka sanitarna \u201eSamarytanka\u201d (pierwsza morska jednostka zbudowana w Polsce po odzyskaniu niepodleg\u0142o\u015bci), kt\u00f3rej histori\u0119 z du\u017c\u0105 doz\u0105 humoru przy\u00adpomnia\u0142 Robert Chrzanowski. Kolejnym punktem programu by\u0142o zwie\u00addze\u00adnie teren\u00f3w Terminalu Kontenerowego Baltic Container Terminal, gdzie w rol\u0119 prze\u00adwodnika \u015bwietnie wcieli\u0142 si\u0119 dyrektor handlowy firmy. Przekaza\u0142 on szereg fachowych szczeg\u00f3\u0142\u00f3w dotycz\u0105cych kontener\u00f3w oraz ich prze\u0142adunku, a tak\u00ad\u017ce s\u0142u\u017c\u0105cych do\u0144 kilku imponuj\u0105cych (ponad stumetrowej wysoko\u015bci) suwnic placowych (w tym dw\u00f3ch o wdzi\u0119cznych imionach \u201eGdynka\u201d i \u201eGdynek\u201d). Os\u00adtat\u00ad\u00adnim odwiedzonym miejscem by\u0142 oksywski Cmentarz Marynarki Wojennej, gdzie uczestnicy z\u0142o\u017cyli kwiaty oraz zapalili znicze w Kwaterze Pami\u0119ci (mi\u0119\u00addzy innymi na grobie s\u0142ynnego admira\u0142a floty J\u00f3zefa Unruga i marynarzy za\u00admor\u00addowa\u00adnych w\u00a0ramach stalinowskich represji, w tym ofiar g\u0142o\u015bnego Procesu Ko\u00admandor\u00f3w). Stosownych, szczeg\u00f3\u0142owych wyja\u015bnie\u0144 udzieli\u0142 Robert Chrzanowski. Obfituj\u0105cy w wie\u00adle roz\u00admaitych wra\u017ce\u0144 dzie\u0144 zako\u0144czy\u0142a istna uczta duchowa w postaci musicalu w gdy\u0144skim Teatrze Muzycznym, b\u0119d\u0105cego interesuj\u0105c\u0105, oryginalnie wyre\u017cysero\u00adwa\u00adn\u0105 przez Woj\u00adciecha Ko\u015bcielniaka, adaptacj\u0105 powie\u015bci pt.: Lalka Boles\u0142awa Prusa.<br \/>\nKolejnego dnia, uczestnicy udali si\u0119 na piesz\u0105 wycieczk\u0119 Bulwarem Nadmorskim i po molo, gdzie obej\u00adrze\u00adli niedost\u0119pne dla standardowych zwiedzaj\u0105cych zaplecze s\u0142ynnego Akwarium Gdy\u0144skiego. Szczeg\u00f3lnym, daj\u0105cym wiele rado\u015bci oraz niezapomnianych wra\u00ad\u017ce\u0144\u00ad, \u201egwo\u017adziem programu\u201d by\u0142a mo\u017cliwo\u015b\u0107 obs\u0142ugi wyj\u0105tkowo nowoczesnego symulatora manewrowego, znajduj\u0105cego si\u0119 na Wydziale Nawigacji gdy\u0144skiego Uniwersytetu Morskiego. Innego rodzaju atrakcj\u0105 by\u0142o zwiedzanie wn\u0119trz bu\u00addyn\u00adku powsta\u0142ej w 1935 roku gdy\u0144skiej Iz\u00adby Bawe\u0142ny, b\u0119d\u0105cego per\u0142\u0105 archi\u00adtek\u00adtu\u00adry modernistycznej, zbudowanego w 1938 roku wed\u0142ug projektu najwybitniej\u00adsze\u00adgo architekta mi\u0119dzywojennej Gdyni Wac\u0142awa Tomaszewskiego. Oczywi\u015b\u00adcie nie za\u00adbrak\u00ad\u0142o fachowych wyja\u015bnie\u0144 dotycz\u0105cych uprawy bawe\u0142ny, jej gatun\u00adk\u00f3w, kontroli jako\u015bci b\u0105d\u017a importu.<\/p>\n<p>Krystian Mielczarski<\/p>\n<p><a href=\"https:\/\/turysta2.pttk.pl\/wp-content\/uploads\/2020\/04\/IV.2.2-Jubileusz_05-2-scaled.jpg\"><img loading=\"lazy\" decoding=\"async\" class=\"aligncenter size-large wp-image-24332\" src=\"https:\/\/turysta2.pttk.pl\/wp-content\/uploads\/2020\/04\/IV.2.2-Jubileusz_05-2-1024x576.jpg\" alt=\"\" width=\"604\" height=\"340\" srcset=\"https:\/\/turysta2.pttk.pl\/wp-content\/uploads\/2020\/04\/IV.2.2-Jubileusz_05-2-1024x576.jpg 1024w, https:\/\/turysta2.pttk.pl\/wp-content\/uploads\/2020\/04\/IV.2.2-Jubileusz_05-2-300x169.jpg 300w, https:\/\/turysta2.pttk.pl\/wp-content\/uploads\/2020\/04\/IV.2.2-Jubileusz_05-2-768x432.jpg 768w, https:\/\/turysta2.pttk.pl\/wp-content\/uploads\/2020\/04\/IV.2.2-Jubileusz_05-2-1536x865.jpg 1536w, https:\/\/turysta2.pttk.pl\/wp-content\/uploads\/2020\/04\/IV.2.2-Jubileusz_05-2-2048x1153.jpg 2048w\" sizes=\"auto, (max-width: 604px) 100vw, 604px\" \/><\/a> <a href=\"https:\/\/turysta2.pttk.pl\/wp-content\/uploads\/2020\/04\/IV.2.2-Jubileusz_04-2-scaled.jpg\"><img loading=\"lazy\" decoding=\"async\" class=\"aligncenter size-large wp-image-24331\" src=\"https:\/\/turysta2.pttk.pl\/wp-content\/uploads\/2020\/04\/IV.2.2-Jubileusz_04-2-1024x768.jpg\" alt=\"\" width=\"604\" height=\"453\" srcset=\"https:\/\/turysta2.pttk.pl\/wp-content\/uploads\/2020\/04\/IV.2.2-Jubileusz_04-2-1024x768.jpg 1024w, https:\/\/turysta2.pttk.pl\/wp-content\/uploads\/2020\/04\/IV.2.2-Jubileusz_04-2-300x225.jpg 300w, https:\/\/turysta2.pttk.pl\/wp-content\/uploads\/2020\/04\/IV.2.2-Jubileusz_04-2-768x576.jpg 768w, https:\/\/turysta2.pttk.pl\/wp-content\/uploads\/2020\/04\/IV.2.2-Jubileusz_04-2-1536x1152.jpg 1536w, https:\/\/turysta2.pttk.pl\/wp-content\/uploads\/2020\/04\/IV.2.2-Jubileusz_04-2-2048x1536.jpg 2048w, https:\/\/turysta2.pttk.pl\/wp-content\/uploads\/2020\/04\/IV.2.2-Jubileusz_04-2-200x150.jpg 200w\" sizes=\"auto, (max-width: 604px) 100vw, 604px\" \/><\/a> <a href=\"https:\/\/turysta2.pttk.pl\/wp-content\/uploads\/2020\/04\/IV.2.2-Jubileusz_02-2.jpg\"><img loading=\"lazy\" decoding=\"async\" class=\"aligncenter size-full wp-image-24330\" src=\"https:\/\/turysta2.pttk.pl\/wp-content\/uploads\/2020\/04\/IV.2.2-Jubileusz_02-2.jpg\" alt=\"\" width=\"960\" height=\"640\" srcset=\"https:\/\/turysta2.pttk.pl\/wp-content\/uploads\/2020\/04\/IV.2.2-Jubileusz_02-2.jpg 960w, https:\/\/turysta2.pttk.pl\/wp-content\/uploads\/2020\/04\/IV.2.2-Jubileusz_02-2-300x200.jpg 300w, https:\/\/turysta2.pttk.pl\/wp-content\/uploads\/2020\/04\/IV.2.2-Jubileusz_02-2-768x512.jpg 768w\" sizes=\"auto, (max-width: 960px) 100vw, 960px\" \/><\/a> <a href=\"https:\/\/turysta2.pttk.pl\/wp-content\/uploads\/2020\/04\/IV.2.2-Jubileusz_01-3.jpg\"><img loading=\"lazy\" decoding=\"async\" class=\"aligncenter size-full wp-image-24329\" src=\"https:\/\/turysta2.pttk.pl\/wp-content\/uploads\/2020\/04\/IV.2.2-Jubileusz_01-3.jpg\" alt=\"\" width=\"960\" height=\"720\" srcset=\"https:\/\/turysta2.pttk.pl\/wp-content\/uploads\/2020\/04\/IV.2.2-Jubileusz_01-3.jpg 960w, https:\/\/turysta2.pttk.pl\/wp-content\/uploads\/2020\/04\/IV.2.2-Jubileusz_01-3-300x225.jpg 300w, https:\/\/turysta2.pttk.pl\/wp-content\/uploads\/2020\/04\/IV.2.2-Jubileusz_01-3-768x576.jpg 768w, https:\/\/turysta2.pttk.pl\/wp-content\/uploads\/2020\/04\/IV.2.2-Jubileusz_01-3-200x150.jpg 200w\" sizes=\"auto, (max-width: 960px) 100vw, 960px\" \/><\/a><\/p>\n<p>&nbsp;<\/p>\n","protected":false},"excerpt":{"rendered":"&nbsp; Wa\u017cn\u0105 uroczysto\u015bci\u0105 \u015brodowiska przewodnickiego by\u0142 obchodzony w interesuj\u0105cej oprawie Jubileusz 55-lecia Ko\u0142a Przewod\u00adni\u00adk\u00f3w Miejskich i Terenowych Oddzia\u0142u PTTK Marynarki Wo\u00adjen\u00adnej w Gdyni, kt\u00f3ry od\u00adby\u00ad\u0142 si\u0119 wiosn\u0105 2019 roku pod has\u0142em: Gospodarka mor\u00adska \u2013 jak to dzia\u0142a? stycze\u0144-marzec\/1(1)2020 Uczestnicy, reprezentuj\u0105cy rozmaite \u015brodo\u00adwis\u00adka prze\u00adwodnickie, przybyli niemal z ca\u0142ej Polski, mi\u0119dzy innymi: Ciechanowa, Cz\u0119stochowy, Gi\u00ad\u017cycka, Jastrz\u0119bia Zdroju, \u0141odzi, Ostrowa Wielkopolskiego, P\u0142ocka, Szamotu\u0142,&nbsp;<a href=\"https:\/\/turysta2.pttk.pl\/?p=24322\" class=\"read-more\">Continue Reading<\/a>","protected":false},"author":4,"featured_media":24330,"comment_status":"closed","ping_status":"closed","sticky":false,"template":"","format":"standard","meta":{"footnotes":""},"categories":[79],"tags":[],"class_list":["post-24322","post","type-post","status-publish","format-standard","has-post-thumbnail","hentry","category-z-historii-towarzystwa","cat-79-id"],"aioseo_notices":[],"_links":{"self":[{"href":"https:\/\/turysta2.pttk.pl\/index.php?rest_route=\/wp\/v2\/posts\/24322","targetHints":{"allow":["GET"]}}],"collection":[{"href":"https:\/\/turysta2.pttk.pl\/index.php?rest_route=\/wp\/v2\/posts"}],"about":[{"href":"https:\/\/turysta2.pttk.pl\/index.php?rest_route=\/wp\/v2\/types\/post"}],"author":[{"embeddable":true,"href":"https:\/\/turysta2.pttk.pl\/index.php?rest_route=\/wp\/v2\/users\/4"}],"replies":[{"embeddable":true,"href":"https:\/\/turysta2.pttk.pl\/index.php?rest_route=%2Fwp%2Fv2%2Fcomments&post=24322"}],"version-history":[{"count":6,"href":"https:\/\/turysta2.pttk.pl\/index.php?rest_route=\/wp\/v2\/posts\/24322\/revisions"}],"predecessor-version":[{"id":25243,"href":"https:\/\/turysta2.pttk.pl\/index.php?rest_route=\/wp\/v2\/posts\/24322\/revisions\/25243"}],"wp:featuredmedia":[{"embeddable":true,"href":"https:\/\/turysta2.pttk.pl\/index.php?rest_route=\/wp\/v2\/media\/24330"}],"wp:attachment":[{"href":"https:\/\/turysta2.pttk.pl\/index.php?rest_route=%2Fwp%2Fv2%2Fmedia&parent=24322"}],"wp:term":[{"taxonomy":"category","embeddable":true,"href":"https:\/\/turysta2.pttk.pl\/index.php?rest_route=%2Fwp%2Fv2%2Fcategories&post=24322"},{"taxonomy":"post_tag","embeddable":true,"href":"https:\/\/turysta2.pttk.pl\/index.php?rest_route=%2Fwp%2Fv2%2Ftags&post=24322"}],"curies":[{"name":"wp","href":"https:\/\/api.w.org\/{rel}","templated":true}]}}