{"id":24296,"date":"2020-04-30T08:21:21","date_gmt":"2020-04-30T06:21:21","guid":{"rendered":"https:\/\/turysta2.pttk.pl\/?p=24296"},"modified":"2023-03-27T11:40:25","modified_gmt":"2023-03-27T09:40:25","slug":"vi-spotkanie-i-szkolenie-pomorskich-krajoznawcow-gdansk-2020","status":"publish","type":"post","link":"https:\/\/turysta2.pttk.pl\/?p=24296","title":{"rendered":"VI spotkanie i szkolenie pomorskich krajoznawc\u00f3w Gda\u0144sk&#8217;2020"},"content":{"rendered":"<p><strong>Spotkaniem po\u0142\u0105czonym ze szkoleniem regionalnych krajoznawc\u00f3w, Pomorska Komisja Krajoznawcza PTTK Pomorskiego Porozumienia Oddzia\u0142\u00f3w PTTK w Gda\u0144sku zainicjowa\u0142a dzia\u0142alno\u015b\u0107 w 2020 roku.<\/strong><\/p>\n<pre>stycze\u0144-marzec\/1(1)2020<\/pre>\n<p>25 stycznia, dzi\u0119ki przychylno\u015bci dyrektora Muzeum Roberta Dom\u017ca\u0142y, pomorscy krajoznawcy go\u015bcili w przyjaznych progach Narodowego Muzeum Morskiego w Gda\u0144sku. Panel teoretyczny spotkania odby\u0142 si\u0119 w O\u015brodku Kultury Morskiej. Ilo\u015b\u0107 uczestnik\u00f3w by\u0142a imponuj\u0105ca, gdy\u017c wynios\u0142a 101 os\u00f3b. Z kronikarskiego obowi\u0105zku nale\u017cy zaznaczy\u0107, \u017ce najwi\u0119ksze zorganizowane grupy krajoznawc\u00f3w przyby\u0142y z\u00a0Wejherowa i\u00a0Tczewa.<\/p>\n<p>Szkolenie prowadzi\u0142 przewodnicz\u0105cy Pomorskiej Komisji Krajoznawczej PTTK i\u00a0wiceprzewodnicz\u0105cy Pomorskiego Kolegium Instruktor\u00f3w Krajoznawstwa PTT, Dariusz D\u0119bski. Jako pierwszy g\u0142os zabra\u0142 przewodnicz\u0105cy Pomorskiego Kolegium Instruktor\u00f3w Krajoznawstwa PTTK, Ryszard Wrzosek, kt\u00f3ry om\u00f3wi\u0142 sprawy bie\u017c\u0105ce Kolegium oraz wr\u0119czy\u0142 zaleg\u0142e wyr\u00f3\u017cnienie Romanowi Boszke.<br \/>\nWyst\u0119puj\u0105cy nast\u0119pnie przewodnicz\u0105cy PKK, zapozna\u0142 wszystkich z has\u0142em programowym PTTK na 2020 rok oraz wynikaj\u0105cymi z niego g\u0142\u00f3wnymi celami dzia\u0142alno\u015bci PKK. Nast\u0119pnie om\u00f3wi\u0142 sprawy bie\u017c\u0105ce, w tym przypomnia\u0142 o warunkach zdobywania odznak krajoznawczych i uprawnie\u0144 instruktorskich. Zapozna\u0142 tak\u017ce z najwa\u017cniejszymi, zbli\u017caj\u0105cymi si\u0119 wydarzeniami krajoznawczymi, sejmikami przedkongresowymi, seminariami i polecanymi og\u00f3lnopolskimi przedsi\u0119wzi\u0119ciami. Zach\u0119ca\u0142 do udzia\u0142u w 50 jubileuszowym Centralnym Zlocie Krajoznawc\u00f3w w Szklarskiej Por\u0119bie oraz zaprosi\u0142 do uczestnictwa w r\u00f3\u017cnego rodzaju przedsi\u0119wzi\u0119ciach organizowanych przez Pomorsk\u0105 Komisj\u0119 Krajoznawcz\u0105 w 2020 roku. Zapozna\u0142 r\u00f3wnie\u017c uczestnik\u00f3w z nowymi, wydanymi od ostatniego spotkania, ciekawymi i warto\u015bciowymi, krajoznawczymi i\u00a0historycznymi ksi\u0105\u017ckami i wydawnictwami. Po zako\u0144czeniu cz\u0119\u015bci informacyjnej, przyst\u0105piono do prezentacji przygotowanych na ten dzie\u0144 wyk\u0142ad\u00f3w. Pierwszy wyk\u0142ad pt. J\u00f3zef Wrycza - ksi\u0105dz - wojak - narodowiec wyg\u0142osi\u0142 Dariusz D\u0119bski i ukaza\u0142 w nim bardzo dok\u0142adnie niezwykle skomplikowan\u0105 sylwetk\u0119, histori\u0119 \u017cycia oraz patriotyczn\u0105, spo\u0142eczn\u0105 i\u00a0kontrowersyjn\u0105 dzia\u0142alno\u015b\u0107 znanego pomorskiego ksi\u0119dza.<br \/>\nJako nast\u0119pny g\u0142os zabra\u0142 ceniony przez wszystkich krajoznawca, przewodnik i zast\u0119pca przewodnicz\u0105cego Pomorskiej Komisji Krajoznawczej, Krzysztof Kruszy\u0144ski, kt\u00f3ry zaprezentowa\u0142 wyk\u0142ad pt. Wybrane sakralne pomniki historii w Polsce.<\/p>\n<p>Trzecim i zarazem ostatnim by\u0142 wyk\u0142ad pana Apoloniusza \u0141ysejki pt. Latarnie morskie polskiego wybrze\u017ca. Ten znany i ceniony badacz, autor ksi\u0105\u017cek i popularyzator polskich latarni morskich po raz kolejny przypomnia\u0142 wszystkim o historii, pi\u0119knie i walorach polskich latarni morskich. Swym ciekawym wyk\u0142adem zach\u0119ci\u0142 wielu uczestnik\u00f3w do pilnego nabycia w tamtejszej ksi\u0119garni najnowszego jego albumu Polskie latarnie morskie na poczt\u00f3wkach i uzyskania podpisu autora ksi\u0105\u017cki.<\/p>\n<p>Po zako\u0144czeniu cz\u0119\u015bci teoretycznej uczestnicy podzielili si\u0119 na trzy grupy i udali si\u0119 na zwiedzanie zaproponowanych obiekt\u00f3w. W tym roku zosta\u0142a przygotowana bardzo szeroka oferta, gdy\u017c przewidziano specjalne zwiedzanie O\u015brodka Kultury Morskiej (przewodnik: Kamila Jezierewska), \u017burawia (przewodnik: Monika Golenko) oraz Spichlerzy na O\u0142owiance (przewodnik: Grzegorz Litwi\u0144czuk). By\u0142o ju\u017c p\u00f3\u017ane popo\u0142udnie, czasu by\u0142o ma\u0142o a zwiedzania du\u017co. Wymaga\u0142o to du\u017cej mobilizacji przewodnik\u00f3w i uczestnik\u00f3w. Ostatecznie wszystko si\u0119 uda\u0142o, opinii negatywnych nie zanotowano, a\u00a0wr\u0119cz przeciwnie - nikt nie narzeka\u0142 na zmarnowany czas i wszyscy chwalili pomys\u0142 organizacji spotkania w tym miejscu, jego merytoryczne przygotowanie i organizacj\u0119.<\/p>\n<p>Dariusz D\u0119bski<\/p>\n<p><a href=\"https:\/\/turysta2.pttk.pl\/wp-content\/uploads\/2020\/04\/IV.1.3.-VI-Pomorskie-SpotkaniaZdj-nr-3-Przy-obelisku-TOW-Gryf-Pomorski.jpg\"><img loading=\"lazy\" decoding=\"async\" class=\"aligncenter size-full wp-image-24300\" src=\"https:\/\/turysta2.pttk.pl\/wp-content\/uploads\/2020\/04\/IV.1.3.-VI-Pomorskie-SpotkaniaZdj-nr-3-Przy-obelisku-TOW-Gryf-Pomorski.jpg\" alt=\"\" width=\"1024\" height=\"683\" srcset=\"https:\/\/turysta2.pttk.pl\/wp-content\/uploads\/2020\/04\/IV.1.3.-VI-Pomorskie-SpotkaniaZdj-nr-3-Przy-obelisku-TOW-Gryf-Pomorski.jpg 1024w, https:\/\/turysta2.pttk.pl\/wp-content\/uploads\/2020\/04\/IV.1.3.-VI-Pomorskie-SpotkaniaZdj-nr-3-Przy-obelisku-TOW-Gryf-Pomorski-300x200.jpg 300w, https:\/\/turysta2.pttk.pl\/wp-content\/uploads\/2020\/04\/IV.1.3.-VI-Pomorskie-SpotkaniaZdj-nr-3-Przy-obelisku-TOW-Gryf-Pomorski-768x512.jpg 768w\" sizes=\"auto, (max-width: 1024px) 100vw, 1024px\" \/><\/a> <a href=\"https:\/\/turysta2.pttk.pl\/wp-content\/uploads\/2020\/04\/IV.1.3.-VI-Pomorskie-Spotkania-Zdj-nr-4.jpg\"><img loading=\"lazy\" decoding=\"async\" class=\"aligncenter size-full wp-image-24299\" src=\"https:\/\/turysta2.pttk.pl\/wp-content\/uploads\/2020\/04\/IV.1.3.-VI-Pomorskie-Spotkania-Zdj-nr-4.jpg\" alt=\"\" width=\"1024\" height=\"683\" srcset=\"https:\/\/turysta2.pttk.pl\/wp-content\/uploads\/2020\/04\/IV.1.3.-VI-Pomorskie-Spotkania-Zdj-nr-4.jpg 1024w, https:\/\/turysta2.pttk.pl\/wp-content\/uploads\/2020\/04\/IV.1.3.-VI-Pomorskie-Spotkania-Zdj-nr-4-300x200.jpg 300w, https:\/\/turysta2.pttk.pl\/wp-content\/uploads\/2020\/04\/IV.1.3.-VI-Pomorskie-Spotkania-Zdj-nr-4-768x512.jpg 768w\" sizes=\"auto, (max-width: 1024px) 100vw, 1024px\" \/><\/a> <a href=\"https:\/\/turysta2.pttk.pl\/wp-content\/uploads\/2020\/04\/IV.1.3.-VI-Pomorskie-Spotkania-Zdj-nr-1-Chwila-przerwy-w-lesie.jpg\"><img loading=\"lazy\" decoding=\"async\" class=\"aligncenter size-full wp-image-24297\" src=\"https:\/\/turysta2.pttk.pl\/wp-content\/uploads\/2020\/04\/IV.1.3.-VI-Pomorskie-Spotkania-Zdj-nr-1-Chwila-przerwy-w-lesie.jpg\" alt=\"\" width=\"1024\" height=\"683\" srcset=\"https:\/\/turysta2.pttk.pl\/wp-content\/uploads\/2020\/04\/IV.1.3.-VI-Pomorskie-Spotkania-Zdj-nr-1-Chwila-przerwy-w-lesie.jpg 1024w, https:\/\/turysta2.pttk.pl\/wp-content\/uploads\/2020\/04\/IV.1.3.-VI-Pomorskie-Spotkania-Zdj-nr-1-Chwila-przerwy-w-lesie-300x200.jpg 300w, https:\/\/turysta2.pttk.pl\/wp-content\/uploads\/2020\/04\/IV.1.3.-VI-Pomorskie-Spotkania-Zdj-nr-1-Chwila-przerwy-w-lesie-768x512.jpg 768w\" sizes=\"auto, (max-width: 1024px) 100vw, 1024px\" \/><\/a><\/p>\n","protected":false},"excerpt":{"rendered":"Spotkaniem po\u0142\u0105czonym ze szkoleniem regionalnych krajoznawc\u00f3w, Pomorska Komisja Krajoznawcza PTTK Pomorskiego Porozumienia Oddzia\u0142\u00f3w PTTK w Gda\u0144sku zainicjowa\u0142a dzia\u0142alno\u015b\u0107 w 2020 roku. stycze\u0144-marzec\/1(1)2020 25 stycznia, dzi\u0119ki przychylno\u015bci dyrektora Muzeum Roberta Dom\u017ca\u0142y, pomorscy krajoznawcy go\u015bcili w przyjaznych progach Narodowego Muzeum Morskiego w Gda\u0144sku. Panel teoretyczny spotkania odby\u0142 si\u0119 w O\u015brodku Kultury Morskiej. Ilo\u015b\u0107 uczestnik\u00f3w by\u0142a imponuj\u0105ca, gdy\u017c wynios\u0142a 101 os\u00f3b. Z kronikarskiego&nbsp;<a href=\"https:\/\/turysta2.pttk.pl\/?p=24296\" class=\"read-more\">Continue Reading<\/a>","protected":false},"author":4,"featured_media":24299,"comment_status":"closed","ping_status":"closed","sticky":false,"template":"","format":"standard","meta":{"footnotes":""},"categories":[78],"tags":[],"class_list":["post-24296","post","type-post","status-publish","format-standard","has-post-thumbnail","hentry","category-konferencje-szkolenia","cat-78-id"],"aioseo_notices":[],"_links":{"self":[{"href":"https:\/\/turysta2.pttk.pl\/index.php?rest_route=\/wp\/v2\/posts\/24296","targetHints":{"allow":["GET"]}}],"collection":[{"href":"https:\/\/turysta2.pttk.pl\/index.php?rest_route=\/wp\/v2\/posts"}],"about":[{"href":"https:\/\/turysta2.pttk.pl\/index.php?rest_route=\/wp\/v2\/types\/post"}],"author":[{"embeddable":true,"href":"https:\/\/turysta2.pttk.pl\/index.php?rest_route=\/wp\/v2\/users\/4"}],"replies":[{"embeddable":true,"href":"https:\/\/turysta2.pttk.pl\/index.php?rest_route=%2Fwp%2Fv2%2Fcomments&post=24296"}],"version-history":[{"count":7,"href":"https:\/\/turysta2.pttk.pl\/index.php?rest_route=\/wp\/v2\/posts\/24296\/revisions"}],"predecessor-version":[{"id":25329,"href":"https:\/\/turysta2.pttk.pl\/index.php?rest_route=\/wp\/v2\/posts\/24296\/revisions\/25329"}],"wp:featuredmedia":[{"embeddable":true,"href":"https:\/\/turysta2.pttk.pl\/index.php?rest_route=\/wp\/v2\/media\/24299"}],"wp:attachment":[{"href":"https:\/\/turysta2.pttk.pl\/index.php?rest_route=%2Fwp%2Fv2%2Fmedia&parent=24296"}],"wp:term":[{"taxonomy":"category","embeddable":true,"href":"https:\/\/turysta2.pttk.pl\/index.php?rest_route=%2Fwp%2Fv2%2Fcategories&post=24296"},{"taxonomy":"post_tag","embeddable":true,"href":"https:\/\/turysta2.pttk.pl\/index.php?rest_route=%2Fwp%2Fv2%2Ftags&post=24296"}],"curies":[{"name":"wp","href":"https:\/\/api.w.org\/{rel}","templated":true}]}}