{"id":24284,"date":"2020-04-30T08:06:21","date_gmt":"2020-04-30T06:06:21","guid":{"rendered":"https:\/\/turysta2.pttk.pl\/?p=24284"},"modified":"2023-03-27T11:40:26","modified_gmt":"2023-03-27T09:40:26","slug":"sejmik-przedkongresowy-w-krakowie","status":"publish","type":"post","link":"https:\/\/turysta2.pttk.pl\/?p=24284","title":{"rendered":"Sejmik Przedkongresowy w Krakowie"},"content":{"rendered":"\r\n<p><strong>Kilka miesi\u0119cy przed planowanym na jesie\u0144 tego roku VII Kongresem Krajoznawstwa Polskiego, odby\u0142 si\u0119 Ma\u0142opolski Sejmik Krajoznawczy pod has\u0142em: <em>Krajoznawstwo w\u00a0Ma\u0142opolsce. Tradycja \u2013 wsp\u00f3\u0142czesno\u015b\u0107 \u2013 to\u017csamo\u015b\u0107<\/em>.<\/strong><\/p>\r\n<pre>stycze\u0144-marzec\/1(1)2020<\/pre>\r\n<p>G\u0142\u00f3wnym organizatorem wydarzenia, kt\u00f3re mia\u0142o miejsce w dniu 30 marca 2019 w Krakowie, by\u0142 Ma\u0142opolski Kr\u0105g Senior\u00f3w PTTK z\u00a0udzia\u0142em innych jednostek PTT: Regionalnego Forum Oddzia\u0142\u00f3w Ma\u0142opolskich, Oddzia\u0142u Krakowskiego im. ks. Karola Wojty\u0142y, Oddzia\u0142u Wojskowego im. gen. J\u00f3zefa Bema, Oddzia\u0142u w Ojcowie, Centralnego O\u015brodka Turystyki G\u00f3rskiej, Samorz\u0105du Przewodnik\u00f3w Turystycznych PTTK Wojew\u00f3dztwa Ma\u0142opolskiego. W sali wyk\u0142adowej COTG w Krakowie zebra\u0142o si\u0119 ponad 90 os\u00f3b, w tym 12 prelegent\u00f3w. Obradom przewodniczy\u0142 prof. dr hab. Janusz Zdebski.<\/p>\r\n\r\n\r\n\r\n<p>W tematyce omawianych i prezentowanych referat\u00f3w, starano si\u0119 zilustrowa\u0107 r\u00f3\u017cnorodno\u015b\u0107 przyrodniczo-kulturow\u0105 Ma\u0142opolski i jej udzia\u0142 w dziele tworzenia polskiego krajoznawstwa, z jednoczesnym wskazaniem na wsp\u00f3\u0142czesno\u015b\u0107 i to\u017csamo\u015b\u0107 tego regionu. Prof. Antoni Jackowski z Instytutu Geografii i Gospodarki Przestrzennej UJ w referacie pt. <em>Geografowie w dziele tworzenia polskiego krajoznawstwa,<\/em> przypomnia\u0142 szczeg\u00f3lny udzia\u0142 w\u00a0krajoznawstwie krakowskich geograf\u00f3w, takich jak: Ludomir Sawicki, Stanis\u0142aw Smole\u0144ski, Wiktor Ormicki, Eugeniusz Romer, Stanis\u0142awa Niemc\u00f3wna, przybli\u017caj\u0105c tak\u017ce sylwetk\u0119 Wincentego Pola, uznawanego za ojca polskiej turystyki i\u00a0krajoznawstwa.<\/p>\r\n\r\n\r\n\r\n<p>Prof. Mieczys\u0142aw Rokosz z Instytutu Historii UJ, nawi\u0105zuj\u0105c do zmys\u0142u s\u0142uchu reaguj\u0105cego na bod\u017ace \u015brodowiska, w referacie nosz\u0105cym tytu\u0142 <em>G\u0142os dzwonu w krajobrazie. Kilka uwag i\u00a0przyk\u0142ad\u00f3w<\/em>, zwr\u00f3ci\u0142 uwag\u0119 na odg\u0142osy \u015brodowiska kulturowego \u2013 g\u0142os dzwonu jako do\u015bwiadczenie sacrum w krajobrazie. Przytoczy\u0142 m.in. refleksj\u0119 Feliksa Kopery z 1904 r. nad rol\u0105 dzwon\u00f3w w \u017cyciu \u015bredniowiecznego Krakowa: \u201eZ dum\u0105 i triumfem patrzyli \u015bredniowieczni mieszczanie na zawieszone na wysokich wie\u017cach wielkie dzwony. Uwa\u017cali je za istoty \u017cyj\u0105ce, sympatyzuj\u0105ce z miastem, a ko\u015bci\u00f3\u0142 je chrzci\u0142. Ich d\u017awi\u0119k mia\u0142 dla ludu r\u00f3\u017cne tony i jakby nie by\u0142y g\u0142osem martwego spi\u017cu, ale powa\u017cnego jestestwa, kt\u00f3re patrzy na miasto, czuwa i zawsze wie co si\u0119 w nim dzieje. Zanim w mie\u015bcie rozesz\u0142a si\u0119 wie\u015b\u0107 o\u00a0triumfach \u2013 on z wysoko\u015bci g\u0142osi\u0142 radosnym d\u017awi\u0119kiem miastu szcz\u0119\u015bcie i rado\u015b\u0107\u201d.<\/p>\r\n\r\n\r\n\r\n<p>Jednym z najwa\u017cniejszych i zarazem najbardziej dynamicznym komponentem krajobrazu, tak\u017ce kulturowego, jest szata ro\u015blinna, kt\u00f3ra opr\u00f3cz ukszta\u0142towania, jest najbardziej czytelnym elementem \u015brodowiska. Prof. J\u00f3zef Mitka, dyrektor Ogrodu Botanicznego UJ w\u00a0kolejnym referacie zatytu\u0142owanym: <em>Krajobraz kulturowy oczami botanika<\/em> dokona\u0142 przegl\u0105du wybranych zagadnie\u0144 dotycz\u0105cych wp\u0142ywu cz\u0142owieka na krajobraz, poprzez pryzmat jego oddzia\u0142ywania na szat\u0119 ro\u015blinn\u0105.<\/p>\r\n\r\n\r\n\r\n<p>Ma\u0142opolska to r\u00f3wnie\u017c interesuj\u0105ca przesz\u0142o\u015b\u0107 archeologiczna, odkrywana w\u00a0zabytkowych budowlach, a tak\u017ce widoczna w krajobrazie archeologicznym z licznymi stanowiskami, w tym tak\u017ce jaskiniowymi, kt\u00f3rych najwi\u0119cej znajduje si\u0119 w po\u0142udniowej cz\u0119\u015bci Wy\u017cyny Krakowsko-Cz\u0119stochowskiej, zw\u0142aszcza w bliskim s\u0105siedztwie Krakowa. Podkre\u015bli\u0142 to w swoim referacie pt. <em>Krajoznawczy wymiar wykopalisk archeologicznych<\/em> dr Micha\u0142 Wojenka z Instytutu Archeologii UJ, uczestnik bada\u0144 prehistorycznych w okolicach Krakowa.<\/p>\r\n\r\n\r\n\r\n<p>Ks. prof. Maciej Ostrowski z Uniwersytetu Papieskiego Jana Paw\u0142a II, zaprezentowa\u0142 najnowsze miejsca pielgrzymkowe Krakowa, mianowicie dwa Sanktuaria: Bo\u017cego Mi\u0142osierdzia i \u015bw. Jana Paw\u0142a II. Z kolei Wojciech Bosak m\u00f3wi\u0142 o znaczeniu winoro\u015bli w\u00a0dziejach i kulturze cz\u0142owieka. W referacie pt. <em>Winnice w krajobrazie okolic Krakowa \u2013 tradycje i stan obecny<\/em>, opr\u00f3cz roli jak\u0105 odgrywa\u0142y w gospodarstwach rolnych Ma\u0142opolski, ukaza\u0142 ich walor krajobrazowy zwracaj\u0105c szczeg\u00f3ln\u0105 uwag\u0119 na odradzanie si\u0119 winnic i ich rozw\u00f3j w s\u0105siedztwie Krakowa.<\/p>\r\n\r\n\r\n\r\n<p>Zesp\u00f3\u0142 autor\u00f3w: Andrzej Feliksik, Olga Gawron i Monika Gieca z\u00a0Oddzia\u0142u PTTK w\u00a0Olkuszu przedstawili system krajoznawstwa w przedszkolach i szko\u0142ach, na przyk\u0142adzie swojej dzia\u0142alno\u015bci w Olkuszu, z jednoczesnym wskazaniem na udzia\u0142 m\u0142odzie\u017cy w\u00a0pobudzaniu i\u00a0rozwoju krajoznawstwa w m\u0142odym pokoleniu.<\/p>\r\n\r\n\r\n\r\n<p>Na zako\u0144czenie sesji referatowej, Tomasz Go\u0142\u0105bek z Centralnego O\u015brodka Turystyki G\u00f3rskiej PTTK w Krakowie w\u00a0prezentacji pt. Nowe <em>techniki i wyzwania w krajoznawstwie<\/em> przedstawi\u0142 szerokie mo\u017cliwo\u015bci zdobywania wiedzy krajoznawczej, przy u\u017cyciu najnowszej techniki komputerowej i\u00a0Internetu. Jest to obecnie powa\u017cne wyzwanie dla tradycyjnego krajoznawstwa, opartego g\u0142\u00f3wnie na literaturze przewodnikowej, mapach, wydawnictwach okazjonalnych. Tymczasem nowe technologie dostarczaj\u0105 bardzo du\u017cy zakres informacji krajoznawczej, poprzez opisy miejscowo\u015bci, region\u00f3w, obiekt\u00f3w, zdarze\u0144. Jest to obecnie podstawowe, a nawet g\u0142\u00f3wne \u017ar\u00f3d\u0142o wiedzy krajoznawczej oraz informacji praktycznych.<\/p>\r\n\r\n\r\n\r\n<p>Obrady w swoich kr\u00f3tkich wyst\u0105pieniach podsumowali prof. Janusz Zdebski i Antoni Marchwicki, dziekan Ma\u0142opolskiego Kr\u0119gu Senior\u00f3w PTTK.<\/p>\r\n\r\n\r\n\r\n\r\n\r\n<p>J\u00f3zef Partyka<\/p>\r\n\r\n\r\n\r\n<p><a href=\"https:\/\/turysta2.pttk.pl\/wp-content\/uploads\/2020\/04\/IV.1.2.2.-Sejmik-ma\u0142opolski-Fot.-2.-Uczestnicy-sejmiku-w-dniu-30.03.2019-r.-1.jpg\"><img loading=\"lazy\" decoding=\"async\" class=\"aligncenter size-large wp-image-24286\" src=\"https:\/\/turysta2.pttk.pl\/wp-content\/uploads\/2020\/04\/IV.1.2.2.-Sejmik-ma\u0142opolski-Fot.-2.-Uczestnicy-sejmiku-w-dniu-30.03.2019-r.-1-1024x768.jpg\" alt=\"\" width=\"604\" height=\"453\" srcset=\"https:\/\/turysta2.pttk.pl\/wp-content\/uploads\/2020\/04\/IV.1.2.2.-Sejmik-ma\u0142opolski-Fot.-2.-Uczestnicy-sejmiku-w-dniu-30.03.2019-r.-1-1024x768.jpg 1024w, https:\/\/turysta2.pttk.pl\/wp-content\/uploads\/2020\/04\/IV.1.2.2.-Sejmik-ma\u0142opolski-Fot.-2.-Uczestnicy-sejmiku-w-dniu-30.03.2019-r.-1-300x225.jpg 300w, https:\/\/turysta2.pttk.pl\/wp-content\/uploads\/2020\/04\/IV.1.2.2.-Sejmik-ma\u0142opolski-Fot.-2.-Uczestnicy-sejmiku-w-dniu-30.03.2019-r.-1-768x576.jpg 768w, https:\/\/turysta2.pttk.pl\/wp-content\/uploads\/2020\/04\/IV.1.2.2.-Sejmik-ma\u0142opolski-Fot.-2.-Uczestnicy-sejmiku-w-dniu-30.03.2019-r.-1-1536x1152.jpg 1536w, https:\/\/turysta2.pttk.pl\/wp-content\/uploads\/2020\/04\/IV.1.2.2.-Sejmik-ma\u0142opolski-Fot.-2.-Uczestnicy-sejmiku-w-dniu-30.03.2019-r.-1-2048x1536.jpg 2048w, https:\/\/turysta2.pttk.pl\/wp-content\/uploads\/2020\/04\/IV.1.2.2.-Sejmik-ma\u0142opolski-Fot.-2.-Uczestnicy-sejmiku-w-dniu-30.03.2019-r.-1-200x150.jpg 200w\" sizes=\"auto, (max-width: 604px) 100vw, 604px\" \/><\/a> <a href=\"https:\/\/turysta2.pttk.pl\/wp-content\/uploads\/2020\/04\/IV.1.2.2.-Sejmik-ma\u0142opolski-Fot.-1.-Obrady-prowadzi-prof.-Janusz-Zdebski.-Fot.-J.Partyka.jpg\"><img loading=\"lazy\" decoding=\"async\" class=\"aligncenter size-large wp-image-24285\" src=\"https:\/\/turysta2.pttk.pl\/wp-content\/uploads\/2020\/04\/IV.1.2.2.-Sejmik-ma\u0142opolski-Fot.-1.-Obrady-prowadzi-prof.-Janusz-Zdebski.-Fot.-J.Partyka-1024x768.jpg\" alt=\"\" width=\"604\" height=\"453\" srcset=\"https:\/\/turysta2.pttk.pl\/wp-content\/uploads\/2020\/04\/IV.1.2.2.-Sejmik-ma\u0142opolski-Fot.-1.-Obrady-prowadzi-prof.-Janusz-Zdebski.-Fot.-J.Partyka-1024x768.jpg 1024w, https:\/\/turysta2.pttk.pl\/wp-content\/uploads\/2020\/04\/IV.1.2.2.-Sejmik-ma\u0142opolski-Fot.-1.-Obrady-prowadzi-prof.-Janusz-Zdebski.-Fot.-J.Partyka-300x225.jpg 300w, https:\/\/turysta2.pttk.pl\/wp-content\/uploads\/2020\/04\/IV.1.2.2.-Sejmik-ma\u0142opolski-Fot.-1.-Obrady-prowadzi-prof.-Janusz-Zdebski.-Fot.-J.Partyka-768x576.jpg 768w, https:\/\/turysta2.pttk.pl\/wp-content\/uploads\/2020\/04\/IV.1.2.2.-Sejmik-ma\u0142opolski-Fot.-1.-Obrady-prowadzi-prof.-Janusz-Zdebski.-Fot.-J.Partyka-1536x1152.jpg 1536w, https:\/\/turysta2.pttk.pl\/wp-content\/uploads\/2020\/04\/IV.1.2.2.-Sejmik-ma\u0142opolski-Fot.-1.-Obrady-prowadzi-prof.-Janusz-Zdebski.-Fot.-J.Partyka-200x150.jpg 200w, https:\/\/turysta2.pttk.pl\/wp-content\/uploads\/2020\/04\/IV.1.2.2.-Sejmik-ma\u0142opolski-Fot.-1.-Obrady-prowadzi-prof.-Janusz-Zdebski.-Fot.-J.Partyka.jpg 1772w\" sizes=\"auto, (max-width: 604px) 100vw, 604px\" \/><\/a><\/p>\r\n","protected":false},"excerpt":{"rendered":"Kilka miesi\u0119cy przed planowanym na jesie\u0144 tego roku VII Kongresem Krajoznawstwa Polskiego, odby\u0142 si\u0119 Ma\u0142opolski Sejmik Krajoznawczy pod has\u0142em: Krajoznawstwo w\u00a0Ma\u0142opolsce. Tradycja \u2013 wsp\u00f3\u0142czesno\u015b\u0107 \u2013 to\u017csamo\u015b\u0107. stycze\u0144-marzec\/1(1)2020 G\u0142\u00f3wnym organizatorem wydarzenia, kt\u00f3re mia\u0142o miejsce w dniu 30 marca 2019 w Krakowie, by\u0142 Ma\u0142opolski Kr\u0105g Senior\u00f3w PTTK z\u00a0udzia\u0142em innych jednostek PTT: Regionalnego Forum Oddzia\u0142\u00f3w Ma\u0142opolskich, Oddzia\u0142u Krakowskiego im. ks. Karola Wojty\u0142y, Oddzia\u0142u&nbsp;<a href=\"https:\/\/turysta2.pttk.pl\/?p=24284\" class=\"read-more\">Continue Reading<\/a>","protected":false},"author":4,"featured_media":24286,"comment_status":"closed","ping_status":"closed","sticky":false,"template":"","format":"standard","meta":{"footnotes":""},"categories":[78],"tags":[],"class_list":["post-24284","post","type-post","status-publish","format-standard","has-post-thumbnail","hentry","category-konferencje-szkolenia","cat-78-id"],"aioseo_notices":[],"_links":{"self":[{"href":"https:\/\/turysta2.pttk.pl\/index.php?rest_route=\/wp\/v2\/posts\/24284","targetHints":{"allow":["GET"]}}],"collection":[{"href":"https:\/\/turysta2.pttk.pl\/index.php?rest_route=\/wp\/v2\/posts"}],"about":[{"href":"https:\/\/turysta2.pttk.pl\/index.php?rest_route=\/wp\/v2\/types\/post"}],"author":[{"embeddable":true,"href":"https:\/\/turysta2.pttk.pl\/index.php?rest_route=\/wp\/v2\/users\/4"}],"replies":[{"embeddable":true,"href":"https:\/\/turysta2.pttk.pl\/index.php?rest_route=%2Fwp%2Fv2%2Fcomments&post=24284"}],"version-history":[{"count":12,"href":"https:\/\/turysta2.pttk.pl\/index.php?rest_route=\/wp\/v2\/posts\/24284\/revisions"}],"predecessor-version":[{"id":25330,"href":"https:\/\/turysta2.pttk.pl\/index.php?rest_route=\/wp\/v2\/posts\/24284\/revisions\/25330"}],"wp:featuredmedia":[{"embeddable":true,"href":"https:\/\/turysta2.pttk.pl\/index.php?rest_route=\/wp\/v2\/media\/24286"}],"wp:attachment":[{"href":"https:\/\/turysta2.pttk.pl\/index.php?rest_route=%2Fwp%2Fv2%2Fmedia&parent=24284"}],"wp:term":[{"taxonomy":"category","embeddable":true,"href":"https:\/\/turysta2.pttk.pl\/index.php?rest_route=%2Fwp%2Fv2%2Fcategories&post=24284"},{"taxonomy":"post_tag","embeddable":true,"href":"https:\/\/turysta2.pttk.pl\/index.php?rest_route=%2Fwp%2Fv2%2Ftags&post=24284"}],"curies":[{"name":"wp","href":"https:\/\/api.w.org\/{rel}","templated":true}]}}