{"id":23511,"date":"2019-12-04T12:22:42","date_gmt":"2019-12-04T10:22:42","guid":{"rendered":"https:\/\/turysta2.pttk.pl\/?p=23511"},"modified":"2023-03-27T11:40:26","modified_gmt":"2023-03-27T09:40:26","slug":"sejmik-lodzki","status":"publish","type":"post","link":"https:\/\/turysta2.pttk.pl\/?p=23511","title":{"rendered":"Sejmik Przedkongresowy \u0141\u00f3dzkie &#8211; to\u017csamo\u015b\u0107, wsp\u00f3lnota, region"},"content":{"rendered":"<p><strong>\u0141\u00f3dzki Sejmik Przedkongresowy odby\u0142 si\u0119 w dniu 14 wrze\u015bnia 2019 roku, pod has\u0142em: \u0141\u00f3dzkie - to\u017csamo\u015b\u0107, wsp\u00f3lnota, region. Miejscem obrad by\u0142 Wydzia\u0142 Nauk Geograficznych Uniwersytetu \u0141\u00f3dzkiego. Do grona wsp\u00f3\u0142organizator\u00f3w sejmiku zaproszono prof. dr hab. Bogdana W\u0142odarczyka \u2013 dziekana Wydzia\u0142u i dr Andrzeja Stasiaka, kt\u00f3rych wsparcie merytoryczne by\u0142o niezwykle cenne.<\/strong><\/p>\n<pre>stycze\u0144-marzec\/1(1)2020<\/pre>\n<p><a href=\"https:\/\/turysta2.pttk.pl\/wp-content\/uploads\/2019\/12\/IV.1.2.3.-Sejmik-\u0142\u00f3dzki-sejmki_lodzki_logo.png\"><img loading=\"lazy\" decoding=\"async\" class=\"alignnone  wp-image-24116\" src=\"https:\/\/turysta2.pttk.pl\/wp-content\/uploads\/2019\/12\/IV.1.2.3.-Sejmik-\u0142\u00f3dzki-sejmki_lodzki_logo-300x243.png\" alt=\"\" width=\"163\" height=\"132\" srcset=\"https:\/\/turysta2.pttk.pl\/wp-content\/uploads\/2019\/12\/IV.1.2.3.-Sejmik-\u0142\u00f3dzki-sejmki_lodzki_logo-300x243.png 300w, https:\/\/turysta2.pttk.pl\/wp-content\/uploads\/2019\/12\/IV.1.2.3.-Sejmik-\u0142\u00f3dzki-sejmki_lodzki_logo-1024x829.png 1024w, https:\/\/turysta2.pttk.pl\/wp-content\/uploads\/2019\/12\/IV.1.2.3.-Sejmik-\u0142\u00f3dzki-sejmki_lodzki_logo-768x622.png 768w, https:\/\/turysta2.pttk.pl\/wp-content\/uploads\/2019\/12\/IV.1.2.3.-Sejmik-\u0142\u00f3dzki-sejmki_lodzki_logo.png 1468w\" sizes=\"auto, (max-width: 163px) 100vw, 163px\" \/><\/a> \u00a0\u00a0\u00a0 W 2020 roku mija 91 lat od obrad pierwszego Og\u00f3lnopolskiego Kongresu Krajoznawczego, kt\u00f3ry odby\u0142 si\u0119 w lipcu 1929 roku w Poznaniu. \u015aledz\u0105c karty historii Polskiego Towarzystwa Turystyczno-Krajoznawczego wiemy, \u017ce od 1970 roku odbywa\u0142y si\u0119 one co dziesi\u0119\u0107 lat i by\u0142y najwa\u017cniejszym wydarzeniem krajoznawczym ka\u017cdej dekady. Najbli\u017cszy kongres odb\u0119dzie si\u0119 on w \u0141odzi, w dniach 17-20 wrze\u015bnia 2020 roku, pod has\u0142em Krajoznawstwo wobec tradycji i wyzwa\u0144 wsp\u00f3\u0142czesno\u015bci.<\/p>\n<p>Jednym z element\u00f3w przygotowa\u0144 przez \u015brodowiska PTTK s\u0105 sejmiki regionalne, ich tematyka nawi\u0105zuje do has\u0142a przewodniego zbli\u017caj\u0105cego si\u0119 wydarzenia. Przedstawiciele oddzia\u0142\u00f3w wojew\u00f3dztwa \u0142\u00f3dzkiego, kt\u00f3rzy dziesi\u0119\u0107 lat temu zorganizowali sejmik przedkongresowy, postanowili i tym razem zmierzy\u0107 si\u0119 z organizacj\u0105 tego wydarzenia. S\u0105 to: prezes oddzia\u0142u PTTK w Zgierzu Micha\u0142 Grzel\u0105zka, prezes \u0141\u00f3dzkiego Oddzia\u0142u PTTK im. Jana Czeraszkiewicza w \u0141odzi Ryszard Mamenas, Jolanta \u015aledzi\u0144ska (by\u0142y Prezes Wojew\u00f3dzkiego Porozumienia Oddzia\u0142\u00f3w PTTK Wojew\u00f3dztwa \u0141\u00f3dzkiego).<\/p>\n<p>Patronat Honorowy nad wydarzeniem obj\u0119li: Ryszard Bonis\u0142awski \u2013 Senator RP, Hanna Zdanowska \u2013 prezydent \u0141odzi, Przemys\u0142aw Staniszewski \u2013 prezydent Zgierza, Marcin Go\u0142aszewski \u2013 przewodnicz\u0105cy Rady Miejskiej w \u0141odzi, prof. dr hab. Antoni R\u00f3\u017calski \u2013 JM Rektor Uniwersytetu \u0141\u00f3dzkiego, dr hab. Bogdan W\u0142odarczyk \u2013 prof. nadz. U\u0141 \u2013 dziekan Wydzia\u0142u Nauk Geograficznych Uniwersytetu \u0141\u00f3dzkiego, prof. dr hab. Janusz Zdebski \u2013 przewodnicz\u0105cy Komitetu Naukowego VII Kongresu Krajoznawstwa Polskiego oraz Regionalna Organizacja Turystyczna Wojew\u00f3dztwa \u0141\u00f3dzkiego.<\/p>\n<p>\u0141\u00f3dzki Przedkongresowy Sejmik Krajoznawczy by\u0142 \u015bwi\u0119tem krajoznawc\u00f3w z ca\u0142ego wojew\u00f3dztwa. Wydarzenie to wpisa\u0142o si\u0119 w 100 lecie powstania wojew\u00f3dztwa \u0142\u00f3dzkiego oraz w rocznic\u0119 110 lat zorganizowanego ruchu krajoznawczego w tym mie\u015bcie. Celem sejmiku by\u0142a prezentacja dorobku regionalnych krajoznawc\u00f3w i dyskusja na temat roli krajoznawstwa w\u00a0budowaniu to\u017csamo\u015bci regionalnej. W spotkaniu wzi\u0119\u0142o udzia\u0142 prawie sto os\u00f3b: dzia\u0142aczy PTTK (nie tylko z terenu wojew\u00f3dztwa \u0142\u00f3dzkiego, ale r\u00f3wnie\u017c z\u00a0Kruszwicy, Ojcowa, Krakowa, Warszawy, P\u0142ocka) oraz naukowc\u00f3w i\u00a0specjalist\u00f3w z zakresu krajoznawstwa, przede wszystkim z Uniwersytetu \u0141\u00f3dzkiego. Wyg\u0142oszono 12 referat\u00f3w w\u00a0trzech sesjach referatowych, kt\u00f3re w refleksjach po sejmiku przedkongresowym w \u0141odzi podsumowa\u0142 prof. Janusz Zdebski. Poni\u017cej zamieszczamy refleksje profesora z pierwszej cz\u0119\u015bci obrad. \u201ePrzedstawione referaty obejmowa\u0142y szeroki, r\u00f3\u017cnorodny wachlarz zagadnie\u0144, w\u015br\u00f3d kt\u00f3rych istotne miejsca zajmowa\u0142a tematyka historyczna. Dzieje powstania i rozwoju wojew\u00f3dztwa \u0142\u00f3dzkiego, licz\u0105cego 100 lat, obszernie scharakteryzowa\u0142 prof. Marek Sobczy\u0144ski. Cenny materia\u0142 fotograficzny Micha\u0142a Daszewskiego, ukazuj\u0105cy skutki wydarze\u0144 wojennych z\u00a01914 na terenie \u0141odzi przedstawi\u0142 i skomentowa\u0142 Senator RP Ryszard Bonis\u0142awski. Dope\u0142nieniem tego wyst\u0105pienia by\u0142 referat Andrzeja Danowskiego z Centrum Fotografii Krajoznawczej PTTK zatytu\u0142owany: \u0141\u00f3d\u017a i wojew\u00f3dztwo \u2013 wczoraj i dzi\u015b w dokumentacji fotograficznej. Licznie zebrani uczestnicy Sejmiku mogli prze\u015bledzi\u0107 na prezentowanych fotografiach jak zmienia\u0142 si\u0119 \u0142\u00f3dzki krajobraz w\u00a0ci\u0105gu minionych lat. Referat doktora Andrzeja Stasiaka, Jolanty \u015aledzi\u0144skiej oraz profesora Bogdana W\u0142odarczyka pt. Istota i konteksty krajoznawstwa 2.0, zamykaj\u0105cy pierwsz\u0105 sesj\u0119 stanowi\u0142 niezwykle wa\u017cny g\u0142os w dyskusji toczonej w kr\u0119gach krajoznawc\u00f3w. Nie ulega w\u0105tpliwo\u015bci, i\u017c w \u015bwiecie globalnych medi\u00f3w i nowoczesnych technologii, zmienia si\u0119 tradycyjne spojrzenie na miejsce i rol\u0119 krajoznawstwa.\u201d<\/p>\n<p>Kolejna sesja zwi\u0105zana by\u0142a z dzia\u0142alno\u015bci\u0105 Polskiego Towarzystwa Krajoznawczego i\u00a0Polskiego Towarzystwa Turystyczno-Krajoznawczego. Wyg\u0142oszono cztery referaty, kt\u00f3re poni\u017cej podsumowuje prof. Janusz Zdebski.<\/p>\n<p>\u201eReferaty sesji drugiej ukazywa\u0142y funkcjonowanie i dorobek Polskiego Towarzystwa Krajoznawczego oraz Polskiego Towarzystwa Turystyczno-Krajoznawczego na ziemi \u0142\u00f3dzkiej. Robert Starzy\u0144ski z Oddzia\u0142u Zgierskiego PTTK przedstawi\u0142 referat pt.: Wk\u0142ad Polskiego Towarzystwa Krajoznawczego w powstanie i rozw\u00f3j muzealnictwa na obszarze wojew\u00f3dztwa \u0142\u00f3dzkiego. Sylwetk\u0119 Anieli Chmieli\u0144skiej \u2013 pierwszej kobiety, kt\u00f3ra zosta\u0142a Cz\u0142onkiem Honorowym Polskiego Towarzystwa Krajoznawczego, spo\u0142eczniczki, etnografa, inicjatorki powstania Muzeum Etnograficznego w \u0141owiczu, scharakteryzowa\u0142 Zdzis\u0142aw Kry\u015bciak z\u00a0Oddzia\u0142u PTTK w \u0141owiczu. Cezary Kr\u00f3l z Oddzia\u0142u PTTK w \u017barnowie przypomnia\u0142 patron\u00f3w oddzia\u0142\u00f3w PTK \u2013 PTTK wojew\u00f3dztwa \u0142\u00f3dzkiego. To dzi\u0119ki ich pasji i\u00a0zaanga\u017cowaniu, rozwija\u0142a si\u0119 i przynosi\u0142a bogate owoce dzia\u0142alno\u015b\u0107 \u015brodowisk, w kt\u00f3rych dzia\u0142ali. Bogactwem towarzystwa s\u0105 jego dzia\u0142acze, kt\u00f3rzy swoim entuzjazmem potrafi\u0105 zach\u0119ci\u0107 do dzia\u0142alno\u015bci innych. Rol\u0119 wydawanego przez \u015brodowisko \u0142\u00f3dzkie kwartalnika krajoznawczego \u201eW\u0119drownik\u201d w kszta\u0142towanie to\u017csamo\u015bci regionalnej przedstawi\u0142a Izabela Ruci\u0144ska z Centrum Fotografii Krajoznawczej PTTK. Warto doda\u0107, i\u017c czasopismo istnieje od 1956 roku i stanowi dla mi\u0142o\u015bnik\u00f3w regionu \u0142\u00f3dzkiego prawdziw\u0105 skarbnic\u0119 informacji.\u201d<\/p>\n<p>W posejmikowej relacji prof. Janusz Zdebski napisa\u0142: \u201eReferaty ostatniej, trzeciej sesji ukazywa\u0142y walory historyczne i przyrodnicze wojew\u00f3dztwa \u0142\u00f3dzkiego. Anna Krystecka, doktorantka Wydzia\u0142u Nauk Geograficznych Uniwersytetu \u0141\u00f3dzkiego w swym referacie pt. Zamki jako atrakcja krajoznawcza wojew\u00f3dztwa \u0142\u00f3dzkiego om\u00f3wi\u0142a mo\u017cliwo\u015bci ich spopularyzowania w \u015bwiadomo\u015bci spo\u0142ecznej. Natomiast niedoceniane w skali kraju Walory krajoznawcze \u0142\u00f3dzkich park\u00f3w krajobrazowych przedstawi\u0142 Piotr Miazek z Wydzia\u0142u Nauk Geograficznych U\u0141. Zygmunt Kami\u0144ski z Ko\u0142a Przewodnik\u00f3w przy Oddziale \u0141\u00f3dzkim PTTK om\u00f3wi\u0142 w swym wyst\u0105pieniu relacj\u0119 zachodz\u0105c\u0105 pomi\u0119dzy krajoznawc\u0105 a mieszka\u0144cami odwiedzanego regionu. Du\u017ce o\u017cywienie wywo\u0142a\u0142 referat Miros\u0142awa Zbigniewa Wojalskiego pt. Ekslibrisy krajoznawcze o tematyce \u0142\u00f3dzkiej, gdy\u017c wyk\u0142adowca zach\u0119ca\u0142 s\u0142uchaczy do rozpoznawania obiekt\u00f3w przedstawionych na ekslibrisach. Trzeba przyzna\u0107, i\u017c s\u0142uchacze ten egzamin zdali na celuj\u0105co.\u201d<\/p>\n<p>Uczestnicy sejmiku mieli okazj\u0119 obejrze\u0107 dwie wystawy, kt\u00f3re zosta\u0142y zaprezentowane w go\u015bcinnych progach Wydzia\u0142u Nauk Geograficznych Uniwersytetu \u0141\u00f3dzkiego. Pierwsz\u0105 z\u00a0nich zatytu\u0142owano: 1919-2019. Sto lat wojew\u00f3dztwa \u0142\u00f3dzkiego w zbiorach Biblioteki Uniwersytetu \u0141\u00f3dzkiego, drug\u0105: 110. lat krajoznawstwa Oddzia\u0142u \u0141\u00f3dzkiego \u2013 od PTT, PTK do PTTK.<\/p>\n<p>Kolejn\u0105 imprez\u0105, towarzysz\u0105c\u0105 sejmikowi i wpisan\u0105 w program tego wydarzenia, by\u0142 rajd pieszy \u201eCzterech Kultur\u201d, kt\u00f3ry odby\u0142 si\u0119 14 wrze\u015bnia 2019 roku w \u0141odzi. Wzi\u0119\u0142o w nim udzia\u0142 180 os\u00f3b, a trasy uwzgl\u0119dnia\u0142y wizyt\u0119 na uczelni, obejrzenie wystaw. Jego organizatorem by\u0142 \u0141\u00f3dzki Oddzia\u0142 PTTK. Ka\u017cdy z uczestnik\u00f3w sejmiku otrzyma\u0142 publikacj\u0119 pt. \u0141\u00f3dzkie \u2013 to\u017csamo\u015b\u0107, wsp\u00f3lnota, region, w kt\u00f3rej znalaz\u0142y si\u0119 wybrane referaty, pami\u0105tkowy okoliczno\u015bciowy znaczek. Wydarzenie odby\u0142o si\u0119 dzi\u0119ki dotacji pozyskanej z Wojew\u00f3dztwa \u0141\u00f3dzkiego.<\/p>\n<p>Mi\u0142ym akcentem dla organizator\u00f3w i aktywu \u0142\u00f3dzkiego by\u0142y s\u0142owa napisane przez prof. Janusza Zdebskiego, przewodnicz\u0105cego Komitetu Naukowego VII Kongresu Krajoznawstwa Polskiego, \u0141\u00f3d\u017a 2020: \u201eCzuj\u0119 si\u0119 w obowi\u0105zku, jako s\u0142uchacz z\u0142o\u017cy\u0107 serdeczne gratulacje \u015brodowisku \u0142\u00f3dzkiemu PTTK za sprawne przeprowadzenie i przygotowanie stoj\u0105cego na wysokim poziomie merytorycznym Sejmiku Przedkongresowego. Szacunek budzi widoczne zaanga\u017cowanie emocjonalne organizator\u00f3w i referent\u00f3w w sprawy dotycz\u0105ce swojego wojew\u00f3dztwa. Dlatego te\u017c z optymizmem oczekuj\u0119 na VII Kongres Krajoznawstwa Polskiego\".<\/p>\n<p>Micha\u0142 Grzel\u0105zka, Ryszard Mamenas, Jolanta \u015aledzi\u0144ska<\/p>\n<p><em>Fot.<\/em> Z archiwum oddzia\u0142\u00f3w PTTK \u0141\u00f3dzkiego i Zgierskiego<\/p>\n<p><a href=\"https:\/\/turysta2.pttk.pl\/wp-content\/uploads\/2019\/12\/IV.1.2.3.-Sejmik-\u0142\u00f3dzki-wystawa.jpg\"><img loading=\"lazy\" decoding=\"async\" class=\"aligncenter size-large wp-image-24117\" src=\"https:\/\/turysta2.pttk.pl\/wp-content\/uploads\/2019\/12\/IV.1.2.3.-Sejmik-\u0142\u00f3dzki-wystawa-1024x719.jpg\" alt=\"\" width=\"604\" height=\"424\" srcset=\"https:\/\/turysta2.pttk.pl\/wp-content\/uploads\/2019\/12\/IV.1.2.3.-Sejmik-\u0142\u00f3dzki-wystawa-1024x719.jpg 1024w, https:\/\/turysta2.pttk.pl\/wp-content\/uploads\/2019\/12\/IV.1.2.3.-Sejmik-\u0142\u00f3dzki-wystawa-300x211.jpg 300w, https:\/\/turysta2.pttk.pl\/wp-content\/uploads\/2019\/12\/IV.1.2.3.-Sejmik-\u0142\u00f3dzki-wystawa-768x539.jpg 768w, https:\/\/turysta2.pttk.pl\/wp-content\/uploads\/2019\/12\/IV.1.2.3.-Sejmik-\u0142\u00f3dzki-wystawa-1536x1079.jpg 1536w, https:\/\/turysta2.pttk.pl\/wp-content\/uploads\/2019\/12\/IV.1.2.3.-Sejmik-\u0142\u00f3dzki-wystawa-2048x1438.jpg 2048w\" sizes=\"auto, (max-width: 604px) 100vw, 604px\" \/><\/a> <a href=\"https:\/\/turysta2.pttk.pl\/wp-content\/uploads\/2019\/12\/IV.1.2.3.-Sejmik-\u0142\u00f3dzki-kongres_wystapienia.jpg\"><img loading=\"lazy\" decoding=\"async\" class=\"aligncenter size-large wp-image-24115\" src=\"https:\/\/turysta2.pttk.pl\/wp-content\/uploads\/2019\/12\/IV.1.2.3.-Sejmik-\u0142\u00f3dzki-kongres_wystapienia-1024x768.jpg\" alt=\"\" width=\"604\" height=\"453\" srcset=\"https:\/\/turysta2.pttk.pl\/wp-content\/uploads\/2019\/12\/IV.1.2.3.-Sejmik-\u0142\u00f3dzki-kongres_wystapienia-1024x768.jpg 1024w, https:\/\/turysta2.pttk.pl\/wp-content\/uploads\/2019\/12\/IV.1.2.3.-Sejmik-\u0142\u00f3dzki-kongres_wystapienia-300x225.jpg 300w, https:\/\/turysta2.pttk.pl\/wp-content\/uploads\/2019\/12\/IV.1.2.3.-Sejmik-\u0142\u00f3dzki-kongres_wystapienia-768x576.jpg 768w, https:\/\/turysta2.pttk.pl\/wp-content\/uploads\/2019\/12\/IV.1.2.3.-Sejmik-\u0142\u00f3dzki-kongres_wystapienia-200x150.jpg 200w, https:\/\/turysta2.pttk.pl\/wp-content\/uploads\/2019\/12\/IV.1.2.3.-Sejmik-\u0142\u00f3dzki-kongres_wystapienia.jpg 1364w\" sizes=\"auto, (max-width: 604px) 100vw, 604px\" \/><\/a><\/p>\n","protected":false},"excerpt":{"rendered":"\u0141\u00f3dzki Sejmik Przedkongresowy odby\u0142 si\u0119 w dniu 14 wrze\u015bnia 2019 roku, pod has\u0142em: \u0141\u00f3dzkie - to\u017csamo\u015b\u0107, wsp\u00f3lnota, region. Miejscem obrad by\u0142 Wydzia\u0142 Nauk Geograficznych Uniwersytetu \u0141\u00f3dzkiego. Do grona wsp\u00f3\u0142organizator\u00f3w sejmiku zaproszono prof. dr hab. Bogdana W\u0142odarczyka \u2013 dziekana Wydzia\u0142u i dr Andrzeja Stasiaka, kt\u00f3rych wsparcie merytoryczne by\u0142o niezwykle cenne. stycze\u0144-marzec\/1(1)2020 \u00a0\u00a0\u00a0 W 2020 roku mija 91 lat od obrad pierwszego&nbsp;<a href=\"https:\/\/turysta2.pttk.pl\/?p=23511\" class=\"read-more\">Continue Reading<\/a>","protected":false},"author":4,"featured_media":0,"comment_status":"closed","ping_status":"closed","sticky":false,"template":"","format":"standard","meta":{"footnotes":""},"categories":[92,78,14],"tags":[91],"class_list":["post-23511","post","type-post","status-publish","format-standard","hentry","category-polecamy","category-konferencje-szkolenia","category-krajoznawstwo","tag-sejmik","cat-92-id","cat-78-id","cat-14-id"],"aioseo_notices":[],"_links":{"self":[{"href":"https:\/\/turysta2.pttk.pl\/index.php?rest_route=\/wp\/v2\/posts\/23511","targetHints":{"allow":["GET"]}}],"collection":[{"href":"https:\/\/turysta2.pttk.pl\/index.php?rest_route=\/wp\/v2\/posts"}],"about":[{"href":"https:\/\/turysta2.pttk.pl\/index.php?rest_route=\/wp\/v2\/types\/post"}],"author":[{"embeddable":true,"href":"https:\/\/turysta2.pttk.pl\/index.php?rest_route=\/wp\/v2\/users\/4"}],"replies":[{"embeddable":true,"href":"https:\/\/turysta2.pttk.pl\/index.php?rest_route=%2Fwp%2Fv2%2Fcomments&post=23511"}],"version-history":[{"count":15,"href":"https:\/\/turysta2.pttk.pl\/index.php?rest_route=\/wp\/v2\/posts\/23511\/revisions"}],"predecessor-version":[{"id":24711,"href":"https:\/\/turysta2.pttk.pl\/index.php?rest_route=\/wp\/v2\/posts\/23511\/revisions\/24711"}],"wp:attachment":[{"href":"https:\/\/turysta2.pttk.pl\/index.php?rest_route=%2Fwp%2Fv2%2Fmedia&parent=23511"}],"wp:term":[{"taxonomy":"category","embeddable":true,"href":"https:\/\/turysta2.pttk.pl\/index.php?rest_route=%2Fwp%2Fv2%2Fcategories&post=23511"},{"taxonomy":"post_tag","embeddable":true,"href":"https:\/\/turysta2.pttk.pl\/index.php?rest_route=%2Fwp%2Fv2%2Ftags&post=23511"}],"curies":[{"name":"wp","href":"https:\/\/api.w.org\/{rel}","templated":true}]}}